{"id":526938,"date":"2025-11-11T10:35:13","date_gmt":"2025-11-11T10:35:13","guid":{"rendered":"https:\/\/www.europesays.com\/fr\/526938\/"},"modified":"2025-11-11T10:35:13","modified_gmt":"2025-11-11T10:35:13","slug":"comment-la-reindustrialisation-va-transformer-nos-modeles-et-nos-territoires","status":"publish","type":"post","link":"https:\/\/www.europesays.com\/fr\/526938\/","title":{"rendered":"comment la r\u00e9industrialisation va transformer nos mod\u00e8les et nos territoires"},"content":{"rendered":"<p>La r\u00e9industrialisation au c\u0153ur des d\u00e9bats et des priorit\u00e9s locales. <strong>La r\u00e9industrialisation n&rsquo;est pas un concept<\/strong>, mais bien une r\u00e9alit\u00e9 dans nos territoires, avec des ambitions, des projets, des avanc\u00e9es technologiques et des transformations de nos mod\u00e8les \u00e0 la cl\u00e9.<\/p>\n<p>On le sait, la r\u00e9industrialisation va modifier nos espaces, nos entreprises, nos emplois ; elle va permettre d&rsquo;\u0153uvrer au dynamisme et \u00e0 la souverainet\u00e9 de notre r\u00e9gion comme de notre pays.<\/p>\n<p>Au cours d&rsquo;une matin\u00e9e sp\u00e9ciale organis\u00e9e par \u00ab\u00a0La Provence\u00a0\u00bb, <strong>le vendredi 28 novembre de 8h30 \u00e0 11h au si\u00e8ge du journal (19, rue Henri Barbusse)<\/strong>, deux tables rondes r\u00e9uniront plusieurs t\u00e9moins autour des sujets suivants : R\u00e9industrialiser, l&rsquo;atout-ma\u00eetre de la dynamique territoriale ; Souverainet\u00e9 \u00e9nerg\u00e9tique, que reste-t-il \u00e0 faire ? L&rsquo;entr\u00e9e est libre, mais l&rsquo;inscription est recommand\u00e9e ci-dessous avec le QR Code.<\/p>\n","protected":false},"excerpt":{"rendered":"La r\u00e9industrialisation au c\u0153ur des d\u00e9bats et des priorit\u00e9s locales. La r\u00e9industrialisation n&rsquo;est pas un concept, mais bien&hellip;\n","protected":false},"author":2,"featured_media":526939,"comment_status":"","ping_status":"","sticky":false,"template":"","format":"standard","meta":{"footnotes":""},"categories":[2814],"tags":[17,1111,11,20,6211,33,1777,674,1011,27,4743,884,12,852,1186,882,36533,25,10776],"class_list":{"0":"post-526938","1":"post","2":"type-post","3":"status-publish","4":"format-standard","5":"has-post-thumbnail","7":"category-marseille","8":"tag-17","9":"tag-actu","10":"tag-actualites","11":"tag-comment","12":"tag-conference","13":"tag-economie","14":"tag-eu","15":"tag-europe","16":"tag-fr","17":"tag-france","18":"tag-la","19":"tag-marseille","20":"tag-news","21":"tag-nos","22":"tag-provence","23":"tag-provence-alpes-cote-dazur","24":"tag-reindustrialisation","25":"tag-republique-francaise","26":"tag-transformer"},"share_on_mastodon":{"url":"https:\/\/pubeurope.com\/@fr\/115530624200719862","error":""},"_links":{"self":[{"href":"https:\/\/www.europesays.com\/fr\/wp-json\/wp\/v2\/posts\/526938","targetHints":{"allow":["GET"]}}],"collection":[{"href":"https:\/\/www.europesays.com\/fr\/wp-json\/wp\/v2\/posts"}],"about":[{"href":"https:\/\/www.europesays.com\/fr\/wp-json\/wp\/v2\/types\/post"}],"author":[{"embeddable":true,"href":"https:\/\/www.europesays.com\/fr\/wp-json\/wp\/v2\/users\/2"}],"replies":[{"embeddable":true,"href":"https:\/\/www.europesays.com\/fr\/wp-json\/wp\/v2\/comments?post=526938"}],"version-history":[{"count":0,"href":"https:\/\/www.europesays.com\/fr\/wp-json\/wp\/v2\/posts\/526938\/revisions"}],"wp:featuredmedia":[{"embeddable":true,"href":"https:\/\/www.europesays.com\/fr\/wp-json\/wp\/v2\/media\/526939"}],"wp:attachment":[{"href":"https:\/\/www.europesays.com\/fr\/wp-json\/wp\/v2\/media?parent=526938"}],"wp:term":[{"taxonomy":"category","embeddable":true,"href":"https:\/\/www.europesays.com\/fr\/wp-json\/wp\/v2\/categories?post=526938"},{"taxonomy":"post_tag","embeddable":true,"href":"https:\/\/www.europesays.com\/fr\/wp-json\/wp\/v2\/tags?post=526938"}],"curies":[{"name":"wp","href":"https:\/\/api.w.org\/{rel}","templated":true}]}}