{"id":526940,"date":"2025-11-11T10:36:21","date_gmt":"2025-11-11T10:36:21","guid":{"rendered":"https:\/\/www.europesays.com\/fr\/526940\/"},"modified":"2025-11-11T10:36:21","modified_gmt":"2025-11-11T10:36:21","slug":"marseille-le-cadavre-dune-jeune-femme-retrouvee-dans-un-buisson","status":"publish","type":"post","link":"https:\/\/www.europesays.com\/fr\/526940\/","title":{"rendered":"Marseille : Le cadavre d\u2019une jeune femme retrouv\u00e9e dans un buisson"},"content":{"rendered":"<p class=\"mb-4 text-lg md:leading-8 break-words\"><strong>Enqu\u00eate &#8211; Retrouv\u00e9 \u00e0 moiti\u00e9 d\u00e9nud\u00e9 dans un sac de couchage, le corps de cette jeune femme, probablement SDF, doit encore \u00eatre autopsi\u00e9<\/strong><\/p>\n<p class=\"mb-4 text-lg md:leading-8 break-words\">Il \u00e9tait aux alentours de 15h30 ce lundi lorsque des touristes en visite \u00e0 <a href=\"https:\/\/www.20minutes.fr\/marseille\/?at_medium=RSS%20feed&amp;at_campaign=ynews&amp;utm_source=yahoo&amp;utm_medium=rss&amp;utm_campaign=news_feed&amp;utm_content=in_article_link\" rel=\"nofollow noopener\" target=\"_blank\" data-ylk=\"slk:Marseille;elm:context_link;itc:0;sec:content-canvas\" class=\"link \">Marseille <\/a>ont d\u00e9couvert du c\u00f4t\u00e9 de Bor\u00e9ly un corps partiellement d\u00e9nud\u00e9 envelopp\u00e9 dans en sac de couchage et d\u00e9passant l\u00e9g\u00e8rement d\u2019un buisson, rapporte <a href=\"https:\/\/www.laprovence.com\/article\/faits-divers-justice\/50601585875082\/le-corps-dune-jeune-femme-retrouve-dans-des-buissons-a-lescale-borely-a-marseille?at_medium=RSS%20feed&amp;at_campaign=ynews&amp;utm_source=yahoo&amp;utm_medium=rss&amp;utm_campaign=news_feed&amp;utm_content=in_article_link\" rel=\"nofollow noopener\" target=\"_blank\" data-ylk=\"slk:La Provence;elm:context_link;itc:0;sec:content-canvas\" class=\"link \">La Provence<\/a>.<\/p>\n<p class=\"mb-4 text-lg md:leading-8 break-words\">Alert\u00e9s, les secours n\u2019ont pu que constater le d\u00e9c\u00e8s de cette jeune femme, \u00e2g\u00e9e entre 20 et 30 ans et probablement <a href=\"https:\/\/www.20minutes.fr\/dossier\/sdf?at_medium=RSS%20feed&amp;at_campaign=ynews&amp;utm_source=yahoo&amp;utm_medium=rss&amp;utm_campaign=news_feed&amp;utm_content=in_article_link\" rel=\"nofollow noopener\" target=\"_blank\" data-ylk=\"slk:sans domicile fixe;elm:context_link;itc:0;sec:content-canvas\" class=\"link \">sans domicile fixe<\/a>, selon les premiers \u00e9l\u00e9ments recueillis.<\/p>\n<p>Publicit\u00e9<\/p>\n<p>Publicit\u00e9<\/p>\n<p>Publicit\u00e9<\/p>\n<p>Publicit\u00e9<\/p>\n<p class=\"mb-4 text-lg md:leading-8 break-words\">D\u00e9p\u00each\u00e9s sur place, les services de police technique et scientifique ont effectu\u00e9 les premi\u00e8res constatations et relev\u00e9s d\u2019usage \u00e0 la recherche d\u2019indice d\u2019une \u00e9ventuelle intervention d\u2019un tiers.<\/p>\n<p class=\"mb-4 text-lg md:leading-8 break-words\">Cette jeune femme pourrait s\u2019\u00eatre trouv\u00e9e l\u00e0 depuis quelques jours. Le cadavre a ensuite \u00e9t\u00e9 transport\u00e9 \u00e0 l\u2019institut m\u00e9dico-l\u00e9gal en vue d\u2019une autopsie qui devra d\u00e9terminer les causes exactes de ce drame.<\/p>\n<p class=\"mb-4 text-lg md:leading-8 break-words\"><a href=\"https:\/\/www.20minutes.fr\/faits_divers\/faits-divers-marseille\/4184920-20251111-marseille-cadavre-jeune-femme-retrouvee-buisson?at_medium=RSS%20feed&amp;at_campaign=ynews&amp;utm_source=yahoo&amp;utm_medium=rss&amp;utm_campaign=news_feed&amp;utm_content=read_more_link&quot;\" rel=\"nofollow noopener\" target=\"_blank\" data-ylk=\"slk:Lire la suite sur 20minutes;elm:context_link;itc:0;sec:content-canvas\" class=\"link \">Lire la suite sur 20minutes<\/a><\/p>\n<p>\u00c0 lire aussi :<br \/><a href=\"https:\/\/www.20minutes.fr\/faits_divers\/faits-divers-marseille\/4184522-20251109-marseille-portier-bar-nuit-poignarde-mort-client-refusait-entree?at_medium=RSS%20feed&amp;at_campaign=ynews&amp;utm_source=yahoo&amp;utm_medium=rss&amp;utm_campaign=news_feed&amp;utm_content=related_content_link\" rel=\"nofollow noopener\" target=\"_blank\" data-ylk=\"slk:Marseille\u00a0: Le portier d\u2019un bar de nuit poignard\u00e9 par un client \u00e0 qui il refusait l\u2019entr\u00e9e;elm:context_link;itc:0;sec:content-canvas\" class=\"link \">Marseille\u00a0: Le portier d\u2019un bar de nuit poignard\u00e9 par un client \u00e0 qui il refusait l\u2019entr\u00e9e<\/a><br \/><a href=\"https:\/\/www.20minutes.fr\/faits_divers\/4184911-20251111-var-appel-temoins-enquete-apres-disparition-inquietante-jeune-femme?at_medium=RSS%20feed&amp;at_campaign=ynews&amp;utm_source=yahoo&amp;utm_medium=rss&amp;utm_campaign=news_feed&amp;utm_content=related_content_link\" rel=\"nofollow noopener\" target=\"_blank\" data-ylk=\"slk:Var\u00a0: Appel \u00e0 t\u00e9moins et enqu\u00eate apr\u00e8s la disparition inqui\u00e9tante d\u2019une jeune femme;elm:context_link;itc:0;sec:content-canvas\" class=\"link \">Var\u00a0: Appel \u00e0 t\u00e9moins et enqu\u00eate apr\u00e8s la disparition inqui\u00e9tante d\u2019une jeune femme<\/a><\/p>\n","protected":false},"excerpt":{"rendered":"Enqu\u00eate &#8211; Retrouv\u00e9 \u00e0 moiti\u00e9 d\u00e9nud\u00e9 dans un sac de couchage, le corps de cette jeune femme, probablement&hellip;\n","protected":false},"author":2,"featured_media":526941,"comment_status":"","ping_status":"","sticky":false,"template":"","format":"standard","meta":{"footnotes":""},"categories":[2814],"tags":[1111,11,1777,674,1011,27,17307,45611,884,12,882,25,64622],"class_list":{"0":"post-526940","1":"post","2":"type-post","3":"status-publish","4":"format-standard","5":"has-post-thumbnail","7":"category-marseille","8":"tag-actu","9":"tag-actualites","10":"tag-eu","11":"tag-europe","12":"tag-fr","13":"tag-france","14":"tag-jeune-femme","15":"tag-le-portier","16":"tag-marseille","17":"tag-news","18":"tag-provence-alpes-cote-dazur","19":"tag-republique-francaise","20":"tag-sac-de-couchage"},"share_on_mastodon":{"url":"https:\/\/pubeurope.com\/@fr\/115530628149814369","error":""},"_links":{"self":[{"href":"https:\/\/www.europesays.com\/fr\/wp-json\/wp\/v2\/posts\/526940","targetHints":{"allow":["GET"]}}],"collection":[{"href":"https:\/\/www.europesays.com\/fr\/wp-json\/wp\/v2\/posts"}],"about":[{"href":"https:\/\/www.europesays.com\/fr\/wp-json\/wp\/v2\/types\/post"}],"author":[{"embeddable":true,"href":"https:\/\/www.europesays.com\/fr\/wp-json\/wp\/v2\/users\/2"}],"replies":[{"embeddable":true,"href":"https:\/\/www.europesays.com\/fr\/wp-json\/wp\/v2\/comments?post=526940"}],"version-history":[{"count":0,"href":"https:\/\/www.europesays.com\/fr\/wp-json\/wp\/v2\/posts\/526940\/revisions"}],"wp:featuredmedia":[{"embeddable":true,"href":"https:\/\/www.europesays.com\/fr\/wp-json\/wp\/v2\/media\/526941"}],"wp:attachment":[{"href":"https:\/\/www.europesays.com\/fr\/wp-json\/wp\/v2\/media?parent=526940"}],"wp:term":[{"taxonomy":"category","embeddable":true,"href":"https:\/\/www.europesays.com\/fr\/wp-json\/wp\/v2\/categories?post=526940"},{"taxonomy":"post_tag","embeddable":true,"href":"https:\/\/www.europesays.com\/fr\/wp-json\/wp\/v2\/tags?post=526940"}],"curies":[{"name":"wp","href":"https:\/\/api.w.org\/{rel}","templated":true}]}}