{"id":526942,"date":"2025-11-11T10:37:10","date_gmt":"2025-11-11T10:37:10","guid":{"rendered":"https:\/\/www.europesays.com\/fr\/526942\/"},"modified":"2025-11-11T10:37:10","modified_gmt":"2025-11-11T10:37:10","slug":"la-famille-en-plein-cauchemar-mobilise-des-moyens-inedits","status":"publish","type":"post","link":"https:\/\/www.europesays.com\/fr\/526942\/","title":{"rendered":"la famille \u00ab\u00a0en plein cauchemar\u00a0\u00bb mobilise des moyens in\u00e9dits"},"content":{"rendered":"<p>            Par<br \/>\n        <strong><br \/>\n            <a href=\"https:\/\/actu.fr\/auteur\/nicolas-zaugra\" title=\"Consulter tous les articles de Nicolas Zaugra\" rel=\"nofollow noopener\" target=\"_blank\">Nicolas Zaugra<\/a><br \/>\n        <\/strong><\/p>\n<p>        Publi\u00e9 le<\/p>\n<p>            11 nov. 2025 \u00e0 10h14<br \/>\n        ; mis \u00e0 jour le 11 nov. 2025 \u00e0 10h26    <\/p>\n<p>Les recherches et la mobilisation se poursuivent autour de la <a href=\"https:\/\/actu.fr\/auvergne-rhone-alpes\/lyon_69123\/lyon-on-est-terrifies-un-etudiant-disparait-pendant-une-soiree-halloween-enquete-en-cours_63381524.html\" rel=\"nofollow noopener\" target=\"_blank\">disparition inqui\u00e9tante de Flynn Ganneval<\/a>, l\u2019\u00e9tudiant de 19 ans, inscrit \u00e0 l\u2019EM Lyon port\u00e9 disparu depuis le 30 octobre dernier. Le jeune homme originaire d\u2019Autriche n\u2019a plus donn\u00e9 signe de vie depuis qu\u2019il attendait devant une discoth\u00e8que du quartier de Confluence pour assister \u00e0 une soir\u00e9e Halloween dans une bo\u00eete de nuit.<\/p>\n<p class=\" wall-content\">Sa <a href=\"https:\/\/actu.fr\/auvergne-rhone-alpes\/lyon_69123\/disparition-inquietante-de-flynn-etudiant-a-lyon-l-appel-bouleversant-des-parents_63409718.html\" rel=\"nofollow noopener\" target=\"_blank\">famille<\/a> a mobilis\u00e9 d\u2019importants moyens de recherches en plus de l\u2019enqu\u00eate polici\u00e8re. Les proches de Flynn sont d\u00e9sormais repr\u00e9sent\u00e9s par une avocate lyonnaise Me Victoire Bern, un avocat autrichien et un dirigeant de cabinet de crise qui coordonne les recherches avec des moyens priv\u00e9s. Les parents de l\u2019\u00e9tudiant ont ouvert <a href=\"https:\/\/www.gofundme.com\/f\/hilfe-bei-der-suche-nach-flynn-ganneval-vermisst-seit?tblci=GiChadSWYVcyzR38seF-igfXWdSGgPXWBj9PMYxhx65XWSCJ-Egoz8yw0PPgrJTsAQ\" rel=\"nofollow noopener\" target=\"_blank\">une cagnotte<\/a> pour tout tenter et ont d\u00e9j\u00e0 <strong>r\u00e9colt\u00e9 pr\u00e8s de 100 000 euros<\/strong>.<\/p>\n<p>\u00ab\u00a0C\u2019est un cauchemar pour la famille\u00a0\u00bb<\/p>\n<p class=\" wall-content\">\u00ab\u00a0Il y a des disparitions inqui\u00e9tantes o\u00f9 on suppose une fugue, un accrochage, l\u00e0 Flynn a disparu \u00e0 priori dans le cadre d\u2019un accident et serait tomb\u00e9 dans la Sa\u00f4ne. C\u2019est un premier point qu\u2019il faut r\u00e9soudre. Il faudrait le trouver vite. Toutes les familles du monde si elles pouvaient mobiliser de tels moyens le feraient\u00a0\u00bb, explique Me Bern interrog\u00e9e par actu Lyon.<\/p>\n<p class=\" wall-content\">\u00ab\u00a0C\u2019est atroce de dispara\u00eetre dans de telles conditions, c\u2019est une personne tr\u00e8s appr\u00e9ci\u00e9e, la mobilisation est donc tr\u00e8s forte. C\u2019est un cauchemar pour la famille\u00a0\u00bb, souligne l\u2019avocate de la famille. Les parents de l\u2019\u00e9tudiant ont pass\u00e9 quelques jours \u00e0 Lyon et ont d\u00fb rentrer en Autriche. \u00ab\u00a0La famille essaie de se lever tous les matins, ils sont dans une angoisse absolue de ne pas savoir. Ne pas savoir c\u2019est ce qu\u2019il y a de pire. Il y a un avocat autrichien mobilis\u00e9, le consulat est tr\u00e8s impliqu\u00e9\u00a0\u00bb, poursuit Me Victoire Bern qui tente de faire le lien entre les enqu\u00eateurs lyonnais et la famille.<\/p>\n<p class=\" wall-content\">\u00ab\u00a0La famille est avec la police, elle veut apporter plus avec des moyens priv\u00e9s\u00a0\u00bb, dit-elle alors qu\u2019une telle mobilisation est assez in\u00e9dite (cagnotte approchant les 100 000 euros, cabinet de gestion de crise mobilis\u00e9, moyens de recherches priv\u00e9s et professionnels\u2026)<\/p>\n<p>Des drones, un bateau, ma\u00eetre chien\u2026<\/p>\n<p class=\" wall-content\">La famille de Flynn a en tout cas mobilis\u00e9 des moyens massifs. \u00ab\u00a0En France, c\u2019est extr\u00eamement rare d\u2019avoir de tels moyens humains en renfort de la police\u00a0\u00bb, reconna\u00eet David Hornus \u00e0 la t\u00eate du cabinet Ruddership sp\u00e9cialis\u00e9 dans la gestion de crise. Il a \u00e9t\u00e9 mandat\u00e9 par les proches de l\u2019\u00e9tudiant pour d\u00e9ployer des m\u00e9thodes de recherches suppl\u00e9mentaires.<\/p>\n<p class=\" wall-content\">Le cabinet a mobilis\u00e9 des drones professionnels pendant trois jours au niveau de la Sa\u00f4ne, un bateau a navigu\u00e9 sur la rivi\u00e8re pour tenter de rechercher le corps, un ma\u00eetre chien a \u00e9t\u00e9 appel\u00e9 pour suivre une piste sur les quais et une p\u00e9niche\u2026 En trois jours, les drones \u00ab\u00a0avec des cam\u00e9ras superpuissantes\u00a0\u00bb ont pu balayer les berges des deux c\u00f4t\u00e9s.<\/p>\n<p>Votre r\u00e9gion, votre actu !<\/p>\n<p>Recevez chaque jour les infos qui comptent pour vous.<\/p>\n<p>\t<a href=\"https:\/\/actu.fr\/newsletter\" class=\"ac-btn ac-btn--corner ac-btn--medium ac-btn--blue800\" rel=\"nofollow noopener\" target=\"_blank\">S&rsquo;incrire<\/a><\/p>\n<p class=\" wall-content\">\u00ab\u00a0La famille met tout en oeuvre pour retrouver son enfant\u00a0\u00bb, selon David Hornus. \u00ab\u00a0Ni la police, ni des sp\u00e9cialistes n\u2019ont pu plonger dans la Sa\u00f4ne pour l\u2019instant, le d\u00e9bit ne le permet pas ces derniers temps\u00a0\u00bb, regrette l\u2019expert.<\/p>\n<p class=\" wall-content\">Selon lui \u00ab\u00a0il n\u2019y a aucun t\u00e9moignage de violence ou d\u2019intervention de tiers, la th\u00e8se retenue \u00e0 ce stade est l\u2019accident\u00a0\u00bb, dit-il. La famille se pr\u00e9pare donc malheureusement \u00e0 retrouver un corps.<\/p>\n<p>Un appel \u00e0 t\u00e9moins lanc\u00e9 par la police<\/p>\n<p class=\" wall-content\">La police lyonnaise a en tout cas lanc\u00e9 un appel \u00e0 t\u00e9moins officiel. Il a \u00e9t\u00e9 vu pour la derni\u00e8re fois vers 0h40, <strong>pr\u00e8s des clubs Le Azar et Le Sucre<\/strong>. Il s\u2019est \u00e9loign\u00e9 un instant de ses amis et n\u2019a plus donn\u00e9 signe de vie depuis.<\/p>\n<p class=\" wall-content\">\n<p class=\" wall-content\">Le jeune homme portait un d\u00e9bardeur blanc avec des motifs de bouche rouge, ainsi qu\u2019une cravate rouge. Il avait \u00e9galement une veste marron clair, aspect velours, et un jean baggy bleu clair. L\u2019\u00e9tudiant avait des baskets Adidas Spezial marron aux pieds.<\/p>\n<p>Toute personne ayant des informations sur Flynn est pri\u00e9e de contacter la police nationale au 04 72 82 15 00 \/ 04 78 78 40 40. Un mail et un t\u00e9l\u00e9phone ont \u00e9t\u00e9 mis en place par la famille : 07.56.86.96.99 \/ <a href=\"https:\/\/actu.fr\/cdn-cgi\/l\/email-protection\" class=\"__cf_email__\" data-cfemail=\"452d202935232c2b212c2b2223293c2b2b052c26292a30216b262a28\" rel=\"nofollow noopener\" target=\"_blank\">[email\u00a0protected]<\/a>. \u00ab\u00a0On a besoin de toutes les bonnes volont\u00e9s\u00a0\u00bb, appelle David Hornus.<\/p>\n<p class=\" wall-content\">Personnalisez votre actualit\u00e9 en ajoutant vos villes et m\u00e9dias en favori avec <a href=\"https:\/\/moncompte.actu.fr\" title=\"D\u00e9couvez Mon Actu\" rel=\"nofollow noopener\" data-trk=\"{&quot;cta&quot;:{&quot;action&quot;:&quot;https:\\\/\\\/moncompte.actu.fr&quot;,&quot;category&quot;:&quot;mon compte&quot;,&quot;from&quot;:&quot;article footer&quot;,&quot;name&quot;:&quot;Mon actu&quot;,&quot;type&quot;:&quot;cta&quot;}}\" target=\"_blank\">Mon Actu<\/a>.<\/p>\n","protected":false},"excerpt":{"rendered":"Par Nicolas Zaugra Publi\u00e9 le 11 nov. 2025 \u00e0 10h14 ; mis \u00e0 jour le 11 nov. 2025&hellip;\n","protected":false},"author":2,"featured_media":526943,"comment_status":"","ping_status":"","sticky":false,"template":"","format":"standard","meta":{"footnotes":""},"categories":[1889],"tags":[1111,11,2430,3676,1777,674,118,1011,27,2428,12,1072,25],"class_list":{"0":"post-526942","1":"post","2":"type-post","3":"status-publish","4":"format-standard","5":"has-post-thumbnail","7":"category-lyon","8":"tag-actu","9":"tag-actualites","10":"tag-auvergne-rhone-alpes","11":"tag-disparition-inquietante","12":"tag-eu","13":"tag-europe","14":"tag-faits-divers","15":"tag-fr","16":"tag-france","17":"tag-lyon","18":"tag-news","19":"tag-police","20":"tag-republique-francaise"},"share_on_mastodon":{"url":"https:\/\/pubeurope.com\/@fr\/115530632099076849","error":""},"_links":{"self":[{"href":"https:\/\/www.europesays.com\/fr\/wp-json\/wp\/v2\/posts\/526942","targetHints":{"allow":["GET"]}}],"collection":[{"href":"https:\/\/www.europesays.com\/fr\/wp-json\/wp\/v2\/posts"}],"about":[{"href":"https:\/\/www.europesays.com\/fr\/wp-json\/wp\/v2\/types\/post"}],"author":[{"embeddable":true,"href":"https:\/\/www.europesays.com\/fr\/wp-json\/wp\/v2\/users\/2"}],"replies":[{"embeddable":true,"href":"https:\/\/www.europesays.com\/fr\/wp-json\/wp\/v2\/comments?post=526942"}],"version-history":[{"count":0,"href":"https:\/\/www.europesays.com\/fr\/wp-json\/wp\/v2\/posts\/526942\/revisions"}],"wp:featuredmedia":[{"embeddable":true,"href":"https:\/\/www.europesays.com\/fr\/wp-json\/wp\/v2\/media\/526943"}],"wp:attachment":[{"href":"https:\/\/www.europesays.com\/fr\/wp-json\/wp\/v2\/media?parent=526942"}],"wp:term":[{"taxonomy":"category","embeddable":true,"href":"https:\/\/www.europesays.com\/fr\/wp-json\/wp\/v2\/categories?post=526942"},{"taxonomy":"post_tag","embeddable":true,"href":"https:\/\/www.europesays.com\/fr\/wp-json\/wp\/v2\/tags?post=526942"}],"curies":[{"name":"wp","href":"https:\/\/api.w.org\/{rel}","templated":true}]}}