{"id":526944,"date":"2025-11-11T10:38:15","date_gmt":"2025-11-11T10:38:15","guid":{"rendered":"https:\/\/www.europesays.com\/fr\/526944\/"},"modified":"2025-11-11T10:38:15","modified_gmt":"2025-11-11T10:38:15","slug":"toute-lactualite-de-ce-mardi-11-novembre-2025-a-lyon","status":"publish","type":"post","link":"https:\/\/www.europesays.com\/fr\/526944\/","title":{"rendered":"Toute l&rsquo;actualit\u00e9 de ce mardi 11 novembre 2025 \u00e0 Lyon"},"content":{"rendered":"<p>A la unje de l\u2019info \u00e0 Lyon : un ministre \u00e0 Rillieux apr\u00e8s le violent incendie, la rave party de Saint-Pierre-de-Chandieu, Genas, Mions et Saint-Symphorien-d\u2019Ozon, carenc\u00e9es en logements sociaux, une nouvelle liste de gauche pour les municipales \u00e0 D\u00e9cines, le 107e anniversaire de l\u2019armistice de 1918, un club de rugby inclusif : Rebelyons\u2026<\/p>\n<p>ECOUTEZ LE 1\/4H LYONNAIS\u2026 Toute l\u2019actualit\u00e9 de ce mardi 11 novembre 2025<\/p>\n<p>LE 1\/4H LYONNAIS | mardi 11 novembre 2025<\/p>\n<p>Deux jours apr\u00e8s le <strong>violent incendie<\/strong> dans le q<strong>uartier des Alagniers, \u00e0 Rillieux<\/strong>, <strong>Vincent Jeanbrun<\/strong> s\u2019est rendu sur place. <strong>Le\u00a0ministre de la Ville et du Logement<\/strong> a pu rencontrer les habitants sinistr\u00e9s.<\/p>\n<p>Enqu\u00eate : les auteurs n\u2019ont pas \u00e9t\u00e9 interpell\u00e9s. Une enqu\u00eate est en cours pour d\u00e9gradations et destruction par incendie, participation \u00e0 un attroupement, violences \u00e0 personnes d\u00e9positaires de l\u2019autorit\u00e9 publique) avec usage d\u2019artifices et en r\u00e9union.<\/p>\n<p>\u00c0 S<strong>aint-Pierre-de-Chandieu<\/strong>, les teufeurs \u00e9taient toujours sur place hier. La<strong> rave party<\/strong>, lanc\u00e9e vendredi dans une carri\u00e8re d\u00e9affect\u00e9e, devrait prendre fin ce mardi. Aucun incident mais les gendarmes ont dress\u00e9 de <strong>nombreuses contraventions<\/strong> \u00e0 135 euros<\/p>\n<p><strong>Genas, Mions et Saint-Symphorien-d\u2019Ozon<\/strong>, carenc\u00e9es en <strong>logements sociaux<\/strong>\u2026.les 3 communes ne respectent pas la<strong> loi SRU<\/strong> imposant 25 % de logements sociaux sur leur territoire.Les 3 maires qui avaient contre-attaqu\u00e9s devant le <strong>Tribunal Administratif<\/strong> ont \u00e9t\u00e9 <strong>d\u00e9bout\u00e9s<\/strong>.<\/p>\n<p>\u2018<strong>D\u00e9cines-Charpieu unie et citoyenne<\/strong>\u2019, c\u2019est le nom d\u2019une seconde liste de gauche qui annonce sa formation \u00e0 <strong>D\u00e9cines<\/strong> pour les <strong>municipales 2026<\/strong>; Elle sera conduite par D<strong>oriane Roux-Mouradian<\/strong> (divers gauche). Et sera en concurrence avec celle de <strong>Mathieu Vieira<\/strong><\/p>\n<p>Ecoutez aussi : <\/p>\n<p>Egalement dans l\u2019actualit\u00e9 de ce mardi 11 novembre<\/p>\n<p>Bonne nouvelle pour les \u00e9leveurs : la situation s\u2019am\u00e9liore sur le front de la <strong>Dermatose nodulaire des bovins<\/strong><\/p>\n<p>Nous c\u00e9l\u00e9brons ce 11 novembre le <strong>107e anniversaire de l\u2019armistice de 1918<\/strong> au Parc de la T\u00eate d\u2019Or<\/p>\n<p>Le collectif <strong>Africa 50<\/strong> organise aussi une comm\u00e9moration en hommage aux tirailleurs \u00ab S\u00e9n\u00e9galais \u00bb au Tata de Chasselay<\/p>\n<p>C\u2019est l\u2019un des rares <strong>clubs de rugby inclusifs<\/strong> en France. Rebelyons offre un refuge aux <strong>personnes LGBT+<\/strong>, \u00e0 leurs <strong>alli\u00e9\u00b7e\u00b7s<\/strong>, et \u00e0 toutes celles et ceux qui aspirent \u00e0 un <strong>monde plus inclusif et plus juste<\/strong>.<\/p>\n<p>Notre invit\u00e9 : Etienne Villemot, l\u2019un des membres de Rebelyons<\/p>\n<p>OL Lyonnes au complet avec Katoto de retour pour affronter Wolfsburg ce soir pour la troisi\u00e8me journ\u00e9e de Ligue des champions.<\/p>\n<p>Ecoutez aussi : <\/p>\n<p><img fetchpriority=\"high\" decoding=\"async\" width=\"1200\" height=\"675\" src=\"https:\/\/www.europesays.com\/fr\/wp-content\/uploads\/2025\/11\/actualite-de-ce-mardi-11-novembre-2025.jpg\" alt=\"actualit\u00e9 de ce mardi 11 novembre  2025 info \u00e0 Lyon\" class=\"wp-image-252398\"  \/>Retrouvez aussi le Quart d\u2019Heure Lyonnais de Lyon Demain sur les antennes de Radio Pluriel (Lyon). Radio Salam (Lyon, Saint-Etienne et Bourg) et Radio Arm\u00e9nie (Lyon et Vienne)<br \/>\nJ\u2019aime \u00e7a\u00a0:<\/p>\n<p>J\u2019aime chargement\u2026<\/p>\n<p><a class=\"sd-link-color\"\/><\/p>\n<p>\n\tArticles similaires\n<\/p>\n<p>\t\t\t\t<img decoding=\"async\" src=\"https:\/\/www.europesays.com\/fr\/wp-content\/uploads\/2025\/11\/1762857495_575_7866158698e17e8ed633c05e8f8e7fe5d9e057ad78661c4dc34e413abb6b9f19\" alt=\"G\u00e9rald Bouchon\"\/><\/p>\n<p>Pionnier des radios libres, passionn\u00e9 de radio, journaliste et dirigeant de m\u00e9dias \u00e9co-responsables..<\/p>\n","protected":false},"excerpt":{"rendered":"A la unje de l\u2019info \u00e0 Lyon : un ministre \u00e0 Rillieux apr\u00e8s le violent incendie, la rave&hellip;\n","protected":false},"author":2,"featured_media":526945,"comment_status":"","ping_status":"","sticky":false,"template":"","format":"standard","meta":{"footnotes":""},"categories":[1889],"tags":[10914,1111,11,62379,64561,2430,36402,64623,44892,15090,1777,674,1011,27,9060,21095,16354,64624,2428,3434,12,7746,64625,25,32107,64626,58649],"class_list":{"0":"post-526944","1":"post","2":"type-post","3":"status-publish","4":"format-standard","5":"has-post-thumbnail","7":"category-lyon","8":"tag-11-novembre","9":"tag-actu","10":"tag-actualites","11":"tag-africa-50","12":"tag-armistice","13":"tag-auvergne-rhone-alpes","14":"tag-club-sportif","15":"tag-decines","16":"tag-dermatose","17":"tag-eleveurs","18":"tag-eu","19":"tag-europe","20":"tag-fr","21":"tag-france","22":"tag-inclusif","23":"tag-lgbtqia","24":"tag-logement-social","25":"tag-loi-sru","26":"tag-lyon","27":"tag-municipales-2026","28":"tag-news","29":"tag-rave-party","30":"tag-rebelyons","31":"tag-republique-francaise","32":"tag-rillieux","33":"tag-tata-senegalais","34":"tag-vincent-jeanbrun"},"share_on_mastodon":{"url":"https:\/\/pubeurope.com\/@fr\/115530636912700778","error":""},"_links":{"self":[{"href":"https:\/\/www.europesays.com\/fr\/wp-json\/wp\/v2\/posts\/526944","targetHints":{"allow":["GET"]}}],"collection":[{"href":"https:\/\/www.europesays.com\/fr\/wp-json\/wp\/v2\/posts"}],"about":[{"href":"https:\/\/www.europesays.com\/fr\/wp-json\/wp\/v2\/types\/post"}],"author":[{"embeddable":true,"href":"https:\/\/www.europesays.com\/fr\/wp-json\/wp\/v2\/users\/2"}],"replies":[{"embeddable":true,"href":"https:\/\/www.europesays.com\/fr\/wp-json\/wp\/v2\/comments?post=526944"}],"version-history":[{"count":0,"href":"https:\/\/www.europesays.com\/fr\/wp-json\/wp\/v2\/posts\/526944\/revisions"}],"wp:featuredmedia":[{"embeddable":true,"href":"https:\/\/www.europesays.com\/fr\/wp-json\/wp\/v2\/media\/526945"}],"wp:attachment":[{"href":"https:\/\/www.europesays.com\/fr\/wp-json\/wp\/v2\/media?parent=526944"}],"wp:term":[{"taxonomy":"category","embeddable":true,"href":"https:\/\/www.europesays.com\/fr\/wp-json\/wp\/v2\/categories?post=526944"},{"taxonomy":"post_tag","embeddable":true,"href":"https:\/\/www.europesays.com\/fr\/wp-json\/wp\/v2\/tags?post=526944"}],"curies":[{"name":"wp","href":"https:\/\/api.w.org\/{rel}","templated":true}]}}