{"id":526950,"date":"2025-11-11T10:43:16","date_gmt":"2025-11-11T10:43:16","guid":{"rendered":"https:\/\/www.europesays.com\/fr\/526950\/"},"modified":"2025-11-11T10:43:16","modified_gmt":"2025-11-11T10:43:16","slug":"paris-soutenu-par-le-luxe-et-par-les-avancees-sur-le-shutdown-11-11-2025-a-1107","status":"publish","type":"post","link":"https:\/\/www.europesays.com\/fr\/526950\/","title":{"rendered":"Paris: soutenu par le luxe et par les avanc\u00e9es sur le &lsquo;shutdown&rsquo; &#8211; 11\/11\/2025 \u00e0 11:07"},"content":{"rendered":"<p>                                                                Apr\u00e8s avoir gagn\u00e9 1,3% hier, la Bourse de Paris poursuit sur sa lanc\u00e9e en ce 11 novembre et s&rsquo;arroge quelque 0,7%, autour des 8115 points, notamment tir\u00e9e par le luxe avec +2,7% pour Herm\u00e8s, 2,3% pour LVMH ou encore 1,6% pour Kering.<\/p>\n<p>En ce jour f\u00e9ri\u00e9, les volumes d&rsquo;\u00e9change s&rsquo;annoncent n\u00e9anmoins bien plus restreints qu&rsquo;\u00e0 l&rsquo;accoutum\u00e9e.\n<\/p>\n<p>Les march\u00e9s financiers saluent les avanc\u00e9es notables autour du &lsquo;shutdown&rsquo; aux Etats-Unis : le S\u00e9nat am\u00e9ricain s&rsquo;est prononc\u00e9 dans la nuit en faveur d&rsquo;un texte de loi visant \u00e0 mettre fin au blocage partiel des administrations f\u00e9d\u00e9rales apr\u00e8s 41 jours de paralysie.\n<\/p>\n<p>L&rsquo;accord, conclu par les s\u00e9nateurs \u00e0 60 voix pour et 40 contre, doit maintenant \u00eatre approuv\u00e9 par la Chambre des repr\u00e9sentants, o\u00f9 les r\u00e9publicains disposent de la majorit\u00e9, avant sa promulgation d\u00e9finitive par le pr\u00e9sident Donald Trump.\n<\/p>\n<p>&lsquo;Cela veut dire que le gouvernement am\u00e9ricain pourrait rouvrir d\u00e8s mercredi, apr\u00e8s le jour de l&rsquo;Armistice, si la Chambre des repr\u00e9sentants devait soutenir le texte qui vise \u00e0 financer les services publics&rsquo;, indique Kenneth Broux, le responsable de la recherche devises et taux \u00e0 la Soci\u00e9t\u00e9 G\u00e9n\u00e9rale, bas\u00e9 \u00e0 Londres.\n<\/p>\n<p>L&rsquo;accord permet d&rsquo;am\u00e9liorer les perspectives pour la croissance \u00e9conomique am\u00e9ricaine \u00e0 un moment, celui de la fin de l&rsquo;ann\u00e9e, o\u00f9 les march\u00e9s d&rsquo;actions am\u00e9ricains prennent g\u00e9n\u00e9ralement le chemin de la hausse, ce qui constitue un \u00e9l\u00e9ment porteur.\n<\/p>\n<p>Les capitaux devraient donc continuer \u00e0 revenir sur le march\u00e9 et la tendance haussi\u00e8re se poursuivre apr\u00e8s la spectaculaire reprise en &lsquo;V&rsquo; sign\u00e9e hier soir \u00e0 New York.\n<\/p>\n<p>Avec la perspective de la r\u00e9solution du &lsquo;shutdown&rsquo;, le Nasdaq a gagn\u00e9 2,3%, devant le S&amp;P500 (+1,5%). Le rebond a surtout \u00e9t\u00e9 emmen\u00e9 par l&rsquo;envol des fabricants de puces comme Nvidia (+5,8%), AMD (+4,5%) ou Micron (+6,6%).\n<\/p>\n<p>L&rsquo;indice VIX de la volatilit\u00e9, le barom\u00e8tre de la peur \u00e0 Wall Street, qui s&rsquo;\u00e9tait tendu vers 22,7 vendredi, a rechut\u00e9 de 8% vers 17,6, soit une baisse de 22% en quelques heures.\n<\/p>\n<p>La r\u00e9ouverture des services publics pourrait par ailleurs annoncer une d\u00e9ferlante de statistiques \u00e9conomiques dans les jours \u00e0 venir apr\u00e8s quasiment six semaines de disette. D&rsquo;apr\u00e8s Kenneth Broux, l&rsquo;analyste de SG, le D\u00e9partement am\u00e9ricain du travail pourrait publier le rapport sur l&#8217;emploi pour le mois de septembre d\u00e8s ce vendredi.\n<\/p>\n<p>Reste \u00e0 savoir si la fin du blocage budg\u00e9taire aux Etats-Unis permettra aux march\u00e9s boursiers mondiaux de se remettre sur de bons rails apr\u00e8s les tumultes de la semaine derni\u00e8re.\n<\/p>\n<p>&lsquo;Ce ne sont pas les niveaux de valorisations qui poussent les march\u00e9s en territoire baissier, ce sont les r\u00e9cessions&rsquo;, rappelle Neil Wilson, strat\u00e9giste chez Saxo Banque.\n<\/p>\n<p>&lsquo;C&rsquo;est la raison pour laquelle les cons\u00e9quences du &lsquo;shutdown&rsquo; commen\u00e7aient \u00e0 inqui\u00e9ter Wall Street&rsquo;, souligne-t-il.<br \/>\n<br \/>Sur le compartiment obligataire, le Bund \u00e0 10 ans est stable \u00e0 2,67% tout comme l&rsquo;OAT de m\u00eame \u00e9ch\u00e9ance, \u00e0 3,43%.\n<\/p>\n<p>\u00c0 Londres, le Brent s&rsquo;appr\u00e9cie de 0,5%, \u00e0 64,3 USD le baril. L&rsquo;euro reste stable face au billet vert, \u00e0 1,156 USD.\n<\/p>\n<p>Dans l&rsquo;actualit\u00e9 des soci\u00e9t\u00e9s tricolores, Medincell a annonc\u00e9 hier soir son inclusion dans l&rsquo;indice MSCI World Small Cap \u00e0 compter du 24 novembre 2025. Cet indice regroupe les soci\u00e9t\u00e9s \u00e0 petite capitalisation les plus liquides et performantes de 23 march\u00e9s d\u00e9velopp\u00e9s.\n<\/p>\n<p>La soci\u00e9t\u00e9 de private equity Audacia annonce un partenariat avec l&rsquo;OEuvre nationale du Bleuet de France, &lsquo;symbole national de la m\u00e9moire et de la solidarit\u00e9 envers le monde combattant&rsquo;, via son nouveau fonds d\u00e9di\u00e9 \u00e0 la d\u00e9fense et \u00e0 la souverainet\u00e9 industrielle, Straton.<\/p>\n","protected":false},"excerpt":{"rendered":"Apr\u00e8s avoir gagn\u00e9 1,3% hier, la Bourse de Paris poursuit sur sa lanc\u00e9e en ce 11 novembre et&hellip;\n","protected":false},"author":2,"featured_media":8765,"comment_status":"","ping_status":"","sticky":false,"template":"","format":"standard","meta":{"footnotes":""},"categories":[1888],"tags":[400,1111,1928,11,1927,398,408,405,1777,674,1011,27,403,402,399,404,12,1926,626,1925,25,401,406,407],"class_list":{"0":"post-526950","1":"post","2":"type-post","3":"status-publish","4":"format-standard","5":"has-post-thumbnail","7":"category-paris","8":"tag-action-cac-40","9":"tag-actu","10":"tag-actu-paris","11":"tag-actualites","12":"tag-actualites-paris","13":"tag-bourse-de-paris","14":"tag-boursorama","15":"tag-cotations","16":"tag-eu","17":"tag-europe","18":"tag-fr","19":"tag-france","20":"tag-indices-devises","21":"tag-investir","22":"tag-investissement","23":"tag-marche-boursier","24":"tag-news","25":"tag-news-paris","26":"tag-paris","27":"tag-paris-news","28":"tag-republique-francaise","29":"tag-sicav","30":"tag-trackers","31":"tag-warrants"},"share_on_mastodon":{"url":"","error":""},"_links":{"self":[{"href":"https:\/\/www.europesays.com\/fr\/wp-json\/wp\/v2\/posts\/526950","targetHints":{"allow":["GET"]}}],"collection":[{"href":"https:\/\/www.europesays.com\/fr\/wp-json\/wp\/v2\/posts"}],"about":[{"href":"https:\/\/www.europesays.com\/fr\/wp-json\/wp\/v2\/types\/post"}],"author":[{"embeddable":true,"href":"https:\/\/www.europesays.com\/fr\/wp-json\/wp\/v2\/users\/2"}],"replies":[{"embeddable":true,"href":"https:\/\/www.europesays.com\/fr\/wp-json\/wp\/v2\/comments?post=526950"}],"version-history":[{"count":0,"href":"https:\/\/www.europesays.com\/fr\/wp-json\/wp\/v2\/posts\/526950\/revisions"}],"wp:featuredmedia":[{"embeddable":true,"href":"https:\/\/www.europesays.com\/fr\/wp-json\/wp\/v2\/media\/8765"}],"wp:attachment":[{"href":"https:\/\/www.europesays.com\/fr\/wp-json\/wp\/v2\/media?parent=526950"}],"wp:term":[{"taxonomy":"category","embeddable":true,"href":"https:\/\/www.europesays.com\/fr\/wp-json\/wp\/v2\/categories?post=526950"},{"taxonomy":"post_tag","embeddable":true,"href":"https:\/\/www.europesays.com\/fr\/wp-json\/wp\/v2\/tags?post=526950"}],"curies":[{"name":"wp","href":"https:\/\/api.w.org\/{rel}","templated":true}]}}