{"id":526955,"date":"2025-11-11T10:47:39","date_gmt":"2025-11-11T10:47:39","guid":{"rendered":"https:\/\/www.europesays.com\/fr\/526955\/"},"modified":"2025-11-11T10:47:39","modified_gmt":"2025-11-11T10:47:39","slug":"guerre-en-ukraine-la-russie-frappe-des-infrastructures-energetiques-et-de-transport-kyiv-replique-en-ciblant-des-sites-petroliers-essentiels-notamment-en-crimee","status":"publish","type":"post","link":"https:\/\/www.europesays.com\/fr\/526955\/","title":{"rendered":"Guerre en Ukraine\u00a0: La Russie frappe des infrastructures \u00e9nerg\u00e9tiques et de transport, Kyiv r\u00e9plique en ciblant des sites p\u00e9troliers \u00ab\u00a0essentiels\u00a0\u00bb notamment en Crim\u00e9e"},"content":{"rendered":"<p>\n                                                                Les infrastructures \u00e9nerg\u00e9tiques et de transport en Ukraine ont \u00e9t\u00e9 cibl\u00e9es par des drones russes, causant des incendies et blessant une personne. En r\u00e9ponse, l\u2019Ukraine a frapp\u00e9 des sites p\u00e9troliers russes, perturbant l\u2019approvisionnement militaire.\n                            <\/p>\n<p>Une attaque de drones russes a touch\u00e9 des infrastructures \u00e9nerg\u00e9tiques et de transport, blessant une personne et provoquant des incendies sur plusieurs sites, a rapport\u00e9 mardi le gouverneur de la r\u00e9gion d\u2019Odessa, dans le sud de l\u2019Ukraine.<\/p>\n<p>\u00ab\u00a0Les infrastructures de la r\u00e9gion op\u00e8rent gr\u00e2ce \u00e0 des g\u00e9n\u00e9rateurs, des centres d\u2019urgence ont \u00e9t\u00e9 ouverts\u00a0\u00bb, a d\u00e9clar\u00e9 le gouverneur Oleh Kiper.<\/p>\n<p>L\u2019Ukraine a par ailleurs annonc\u00e9 avoir men\u00e9 des frappes sur le site p\u00e9trolier russe de Saratov, causant dans la nuit des explosions et un incendie important.\u00a0L\u2019entreprise produit plus de 20 types de produits p\u00e9troliers\u00a0: essence, fioul, gazole, gazole sous vide, soufre technique,\u00a0etc. \u00ab\u00a0Elle participe \u00e0 l\u2019approvisionnement de l\u2019arm\u00e9e d\u2019occupation russe\u00a0\u00bb, expliquaient les autorit\u00e9s ukrainiennes ce mardi matin.<\/p>\n<p>Les forces ukrainiennes ont aussi touch\u00e9 un \u00ab\u00a0terminal p\u00e9trolier maritime\u00a0\u00bb en Crim\u00e9e et un entrep\u00f4t \u00e0 Donetsk, deux r\u00e9gions sous occupation russe, selon une publication de l\u2019\u00e9tat-major ukrainien sur Telegram. \u00ab\u00a0Il s\u2019agit d\u2019une plateforme essentielle pour l\u2019approvisionnement en carburants et lubrifiants par voie maritime de la p\u00e9ninsule de Crim\u00e9e et des territoires temporairement occup\u00e9s du sud de l\u2019Ukraine\u00a0\u00bb, d\u00e9claraient encore les autorit\u00e9s ukrainiennes sur <a href=\"https:\/\/24tv.ua\/naftovi-obyekti-saratovi-feodosiyi-deshho-donechchini-genshtab_n2950473\" target=\"_self\" rel=\"nofollow noopener\">Channel 24.<\/a><\/p>\n<p>Enfin, \u00e0\u00a0Feodosia, un impact a \u00e9t\u00e9 constat\u00e9 sur les chars de l\u2019installation. L\u2019\u00e9tendue des d\u00e9g\u00e2ts \u00e9tait\u00a0encore en cours d\u2019\u00e9valuation selon les forces ukrainiennes.<\/p>\n","protected":false},"excerpt":{"rendered":"Les infrastructures \u00e9nerg\u00e9tiques et de transport en Ukraine ont \u00e9t\u00e9 cibl\u00e9es par des drones russes, causant des incendies&hellip;\n","protected":false},"author":2,"featured_media":526956,"comment_status":"","ping_status":"","sticky":false,"template":"","format":"standard","meta":{"footnotes":""},"categories":[1591],"tags":[11,1887,12,1885,1886,132],"class_list":{"0":"post-526955","1":"post","2":"type-post","3":"status-publish","4":"format-standard","5":"has-post-thumbnail","7":"category-russie","8":"tag-actualites","9":"tag-federation-de-russie","10":"tag-news","11":"tag-russia","12":"tag-russian-federation","13":"tag-russie"},"share_on_mastodon":{"url":"https:\/\/pubeurope.com\/@fr\/115530671286176855","error":""},"_links":{"self":[{"href":"https:\/\/www.europesays.com\/fr\/wp-json\/wp\/v2\/posts\/526955","targetHints":{"allow":["GET"]}}],"collection":[{"href":"https:\/\/www.europesays.com\/fr\/wp-json\/wp\/v2\/posts"}],"about":[{"href":"https:\/\/www.europesays.com\/fr\/wp-json\/wp\/v2\/types\/post"}],"author":[{"embeddable":true,"href":"https:\/\/www.europesays.com\/fr\/wp-json\/wp\/v2\/users\/2"}],"replies":[{"embeddable":true,"href":"https:\/\/www.europesays.com\/fr\/wp-json\/wp\/v2\/comments?post=526955"}],"version-history":[{"count":0,"href":"https:\/\/www.europesays.com\/fr\/wp-json\/wp\/v2\/posts\/526955\/revisions"}],"wp:featuredmedia":[{"embeddable":true,"href":"https:\/\/www.europesays.com\/fr\/wp-json\/wp\/v2\/media\/526956"}],"wp:attachment":[{"href":"https:\/\/www.europesays.com\/fr\/wp-json\/wp\/v2\/media?parent=526955"}],"wp:term":[{"taxonomy":"category","embeddable":true,"href":"https:\/\/www.europesays.com\/fr\/wp-json\/wp\/v2\/categories?post=526955"},{"taxonomy":"post_tag","embeddable":true,"href":"https:\/\/www.europesays.com\/fr\/wp-json\/wp\/v2\/tags?post=526955"}],"curies":[{"name":"wp","href":"https:\/\/api.w.org\/{rel}","templated":true}]}}