{"id":526959,"date":"2025-11-11T10:51:11","date_gmt":"2025-11-11T10:51:11","guid":{"rendered":"https:\/\/www.europesays.com\/fr\/526959\/"},"modified":"2025-11-11T10:51:11","modified_gmt":"2025-11-11T10:51:11","slug":"la-filiere-litchi-se-tourne-vers-lasie-et-les-usa-avec-la-fin-du-monopole-de-la-sodiat","status":"publish","type":"post","link":"https:\/\/www.europesays.com\/fr\/526959\/","title":{"rendered":"la fili\u00e8re litchi se tourne vers l&rsquo;Asie et les USA avec la fin du monopole de la Sodiat"},"content":{"rendered":"<p class=\"svelte-qfpp5o first-paragraph\">Les exportateurs de litchis de Madagascar esp\u00e8rent vendre 15 000 tonnes du petit fruit rouge sur les march\u00e9s internationaux. Officiellement, la campagne de collecte et de vente \u00e0 l&rsquo;\u00e9tranger doit avoir lieu en 2025, du 15 au 20 novembre. Cette fen\u00eatre restreinte ne facilite pas les n\u00e9gociations.<\/p>\n<p class=\"svelte-qfpp5o\">Cette difficult\u00e9 est accentu\u00e9e par la disparition de la Sodiat de l&rsquo;\u00e9quation. L&rsquo;entreprise de Mamy Ravatomanga avait obtenu le monopole sur ce march\u00e9 . Pour m\u00e9moire, le tr\u00e8s riche homme d&rsquo;affaires malgache est hospitalis\u00e9 dans une clinique priv\u00e9e de l&rsquo;\u00eele Maurice. Il a quitt\u00e9 pr\u00e9cipitamment la Grande \u00eele dans la nuit du 11 au 12 octobre 2025 dans son jet, en compagnie de l&rsquo;ancien Premier ministre, Christian Ntsay.<\/p>\n<p class=\"svelte-qfpp5o\">Aujourd&rsquo;hui, les cartes sont donc rebattues dans tous les domaines. Les nouveaux responsables de la gestion du pays doivent trouver des solutions. 500 000 familles vivent de la culture de ce fruit, \u00e9crit <a class=\"article-link svelte-123pfsg\" href=\"https:\/\/www.lexpress.mg\/2025\/11\/filiere-litchi-les-exportateurs.html\" target=\"_blank\" rel=\"noopener noreferrer nofollow\">L&rsquo;Express de Madagasca<\/a>r.<\/p>\n<p>Un kilo de litchi 1 800 ariary, soit 0,35 \u20ac<\/p>\n<p class=\"svelte-qfpp5o\">Comme souvent, la r\u00e9organisation en urgence de toute une fili\u00e8re va \u00e0 l&rsquo;encontre de la recherche du mieux disant. Les nouveaux responsables jouent la carte de la transparence en informant les diff\u00e9rents acteurs de la production et de la distribution des discussions.<\/p>\n<p class=\"svelte-qfpp5o\">Les march\u00e9s europ\u00e9ens, Russe, Mahorais et des \u00c9mirats arabes unis sont d\u00e9j\u00e0 satur\u00e9s. Reste deux options : l&rsquo;Am\u00e9rique et l&rsquo;Asie. D&rsquo;apr\u00e8s les premiers retours, les USA pourraient absorber 2 \u00e0 3 tonnes de litchis. La Chine serait int\u00e9ress\u00e9e. Madagascar proposant des fruits exempts de soufre.<\/p>\n<p class=\"svelte-qfpp5o\">Reste le prix du kilo. En 2024, les producteurs percevaient, en moyenne, 5 000 ariary (0,96 \u20ac). En 2025, les n\u00e9gociations ont lieu, pour l&rsquo;instant, sur une base de 1 800 ariary du kilo (0,35 \u20ac). La production a \u00e9t\u00e9 meilleure que l&rsquo;an dernier, \u00e9crivait le 3 novembre 2025 <a class=\"article-link svelte-123pfsg\" href=\"https:\/\/midi-madagasikara.mg\/prevision-a-la-hausse-de-la-production\/\" target=\"_blank\" rel=\"noopener noreferrer nofollow\">Midi Madagascar<\/a>. Elle ne suffira pas \u00e0 compenser la chute des prix du kilo.<\/p>\n","protected":false},"excerpt":{"rendered":"Les exportateurs de litchis de Madagascar esp\u00e8rent vendre 15 000 tonnes du petit fruit rouge sur les march\u00e9s&hellip;\n","protected":false},"author":2,"featured_media":526960,"comment_status":"","ping_status":"","sticky":false,"template":"","format":"standard","meta":{"footnotes":""},"categories":[1589],"tags":[11,73,1866,12,1864,1865,1863,308],"class_list":{"0":"post-526959","1":"post","2":"type-post","3":"status-publish","4":"format-standard","5":"has-post-thumbnail","7":"category-etats-unis","8":"tag-actualites","9":"tag-etats-unis","10":"tag-etats-unis-damerique","11":"tag-news","12":"tag-united-states","13":"tag-united-states-of-america","14":"tag-us","15":"tag-usa"},"share_on_mastodon":{"url":"https:\/\/pubeurope.com\/@fr\/115530687042211586","error":""},"_links":{"self":[{"href":"https:\/\/www.europesays.com\/fr\/wp-json\/wp\/v2\/posts\/526959","targetHints":{"allow":["GET"]}}],"collection":[{"href":"https:\/\/www.europesays.com\/fr\/wp-json\/wp\/v2\/posts"}],"about":[{"href":"https:\/\/www.europesays.com\/fr\/wp-json\/wp\/v2\/types\/post"}],"author":[{"embeddable":true,"href":"https:\/\/www.europesays.com\/fr\/wp-json\/wp\/v2\/users\/2"}],"replies":[{"embeddable":true,"href":"https:\/\/www.europesays.com\/fr\/wp-json\/wp\/v2\/comments?post=526959"}],"version-history":[{"count":0,"href":"https:\/\/www.europesays.com\/fr\/wp-json\/wp\/v2\/posts\/526959\/revisions"}],"wp:featuredmedia":[{"embeddable":true,"href":"https:\/\/www.europesays.com\/fr\/wp-json\/wp\/v2\/media\/526960"}],"wp:attachment":[{"href":"https:\/\/www.europesays.com\/fr\/wp-json\/wp\/v2\/media?parent=526959"}],"wp:term":[{"taxonomy":"category","embeddable":true,"href":"https:\/\/www.europesays.com\/fr\/wp-json\/wp\/v2\/categories?post=526959"},{"taxonomy":"post_tag","embeddable":true,"href":"https:\/\/www.europesays.com\/fr\/wp-json\/wp\/v2\/tags?post=526959"}],"curies":[{"name":"wp","href":"https:\/\/api.w.org\/{rel}","templated":true}]}}