{"id":526962,"date":"2025-11-11T10:53:11","date_gmt":"2025-11-11T10:53:11","guid":{"rendered":"https:\/\/www.europesays.com\/fr\/526962\/"},"modified":"2025-11-11T10:53:11","modified_gmt":"2025-11-11T10:53:11","slug":"calisen-group-simplante-en-allemagne-avec-un-partenariat-de-100-millions-deuros-pour-le-deploiement-de-compteurs-intelligents","status":"publish","type":"post","link":"https:\/\/www.europesays.com\/fr\/526962\/","title":{"rendered":"Calisen Group s&rsquo;implante en Allemagne avec un partenariat de 100\u00a0millions d&rsquo;euros pour le d\u00e9ploiement de compteurs intelligents"},"content":{"rendered":"<p>Le groupe Calisen a annonc\u00e9 le lancement de sa premi\u00e8re op\u00e9ration internationale en Allemagne, avec la nomination de Claus Fest au poste de directeur g\u00e9n\u00e9ral et la signature d&rsquo;un partenariat visant \u00e0 acc\u00e9l\u00e9rer le d\u00e9ploiement des syst\u00e8mes de comptage intelligents avec Energy Metering Germany (EMG). EMG est un op\u00e9rateur concurrentiel de points de comptage (MPO), fond\u00e9 par Octopus Group. Cet accord marque une \u00e9tape majeure dans le d\u00e9ploiement des compteurs intelligents, une infrastructure essentielle pour la transition \u00e9nerg\u00e9tique allemande.<\/p>\n<p>Claus Fest rejoint Calisen apr\u00e8s avoir occup\u00e9 le poste de responsable du business \u00e9nergie et de la gestion de portefeuille chez EnBW, l&rsquo;un des plus grands fournisseurs d&rsquo;\u00e9nergie d&rsquo;Allemagne, o\u00f9 il \u00e9tait en charge de l&rsquo;\u00e9nergie intelligente, des donn\u00e9es et de la fourniture d&rsquo;\u00e9nergie aux entreprises. Claus Fest apporte son soutien \u00e0 Calisen pour le nouveau partenariat avec Energy Metering et pour renforcer l&rsquo;adoption des compteurs intelligents \u00e0 l&rsquo;\u00e9chelle nationale. Dans le cadre du nouvel accord innovant de services de comptage (MSA) conclu avec Energy Metering, Calisen pr\u00e9voit d&rsquo;investir jusqu&rsquo;\u00e0 100\u00a0millions d&rsquo;euros dans des actifs de comptage intelligent \u00e0 travers tout le pays.<\/p>\n<p>Ce partenariat pose les bases d&rsquo;un investissement \u00e0 grande \u00e9chelle dans les syst\u00e8mes de comptage intelligents (IMSys), un levier essentiel pour l&rsquo;int\u00e9gration des \u00e9nergies renouvelables, la flexibilit\u00e9 du r\u00e9seau et la transformation num\u00e9rique du secteur \u00e9nerg\u00e9tique en Allemagne. Cette annonce fait suite \u00e0 la r\u00e9ussite d&rsquo;un projet pilote lanc\u00e9 par Calisen et EMG en f\u00e9vrier 2025, dans le cadre duquel environ 10\u00a0000 compteurs intelligents ont d\u00e9j\u00e0 \u00e9t\u00e9 install\u00e9s. L&rsquo;investissement annonc\u00e9 aujourd&rsquo;hui \u00e9tablit une nouvelle r\u00e9f\u00e9rence en mati\u00e8re de coop\u00e9ration entre op\u00e9rateurs de points de comptage (\u00ab\u00a0MPO\u00a0\u00bb) et fournisseurs d&rsquo;actifs de comptage (\u00ab\u00a0MAP\u00a0\u00bb).<\/p>\n<p>Le cadre du MSA est appel\u00e9 \u00e0 servir de mod\u00e8le pour de futurs accords, \u00e0 mesure que le march\u00e9 allemand continue d&rsquo;\u00e9voluer. Si Calisen a connu un succ\u00e8s consid\u00e9rable au Royaume-Uni, o\u00f9 il est d\u00e9sormais le principal fournisseur de compteurs intelligents, le march\u00e9 allemand poss\u00e8de ses propres sp\u00e9cificit\u00e9s, d&rsquo;o\u00f9 la n\u00e9cessit\u00e9 de constituer une \u00e9quipe locale. Claus Fest apporte une expertise approfondie du comptage \u00e9nerg\u00e9tique et b\u00e9n\u00e9ficie d&rsquo;un solide r\u00e9seau au sein de l&rsquo;industrie \u00e9lectrique allemande.<\/p>\n<p>L&rsquo;accord avec Energy Metering Germany incarne l&rsquo;innovation et l&rsquo;acc\u00e9l\u00e9ration de la modernisation de la demande \u00e9nerg\u00e9tique en Allemagne. L&rsquo;entreprise observe d\u00e9j\u00e0, au Royaume-Uni, des fournisseurs innover, en adaptant l&rsquo;\u00e9nergie aux budgets et besoins des clients\u00a0: tout cela rendu possible gr\u00e2ce au compteur intelligent, qui marque un progr\u00e8s consid\u00e9rable dans la d\u00e9mocratisation de l&rsquo;\u00e9nergie.<\/p>\n<p>D\u00e9sormais, les clients britanniques peuvent connecter leur propre production solaire et m\u00eame transformer leur v\u00e9hicule \u00e9lectrique en source d&rsquo;alimentation et de stockage pour le r\u00e9seau. Ils peuvent \u00e9galement r\u00e9duire leurs factures en profitant de tarifs flexibles li\u00e9s au prix de gros de l&rsquo;\u00e9nergie selon les plages horaires.<\/p>\n","protected":false},"excerpt":{"rendered":"Le groupe Calisen a annonc\u00e9 le lancement de sa premi\u00e8re op\u00e9ration internationale en Allemagne, avec la nomination de&hellip;\n","protected":false},"author":2,"featured_media":2490,"comment_status":"","ping_status":"","sticky":false,"template":"","format":"standard","meta":{"footnotes":""},"categories":[1587],"tags":[11,672,340,1804,1805,1803,1777,674,1801,12,1802],"class_list":{"0":"post-526962","1":"post","2":"type-post","3":"status-publish","4":"format-standard","5":"has-post-thumbnail","7":"category-allemagne","8":"tag-actualites","9":"tag-allemagne","10":"tag-bourse","11":"tag-bundesrepublik-deutschland","12":"tag-de","13":"tag-deutschland","14":"tag-eu","15":"tag-europe","16":"tag-germany","17":"tag-news","18":"tag-republique-federale-dallemagne"},"share_on_mastodon":{"url":"https:\/\/pubeurope.com\/@fr\/115530695006734844","error":""},"_links":{"self":[{"href":"https:\/\/www.europesays.com\/fr\/wp-json\/wp\/v2\/posts\/526962","targetHints":{"allow":["GET"]}}],"collection":[{"href":"https:\/\/www.europesays.com\/fr\/wp-json\/wp\/v2\/posts"}],"about":[{"href":"https:\/\/www.europesays.com\/fr\/wp-json\/wp\/v2\/types\/post"}],"author":[{"embeddable":true,"href":"https:\/\/www.europesays.com\/fr\/wp-json\/wp\/v2\/users\/2"}],"replies":[{"embeddable":true,"href":"https:\/\/www.europesays.com\/fr\/wp-json\/wp\/v2\/comments?post=526962"}],"version-history":[{"count":0,"href":"https:\/\/www.europesays.com\/fr\/wp-json\/wp\/v2\/posts\/526962\/revisions"}],"wp:featuredmedia":[{"embeddable":true,"href":"https:\/\/www.europesays.com\/fr\/wp-json\/wp\/v2\/media\/2490"}],"wp:attachment":[{"href":"https:\/\/www.europesays.com\/fr\/wp-json\/wp\/v2\/media?parent=526962"}],"wp:term":[{"taxonomy":"category","embeddable":true,"href":"https:\/\/www.europesays.com\/fr\/wp-json\/wp\/v2\/categories?post=526962"},{"taxonomy":"post_tag","embeddable":true,"href":"https:\/\/www.europesays.com\/fr\/wp-json\/wp\/v2\/tags?post=526962"}],"curies":[{"name":"wp","href":"https:\/\/api.w.org\/{rel}","templated":true}]}}