{"id":526965,"date":"2025-11-11T10:55:16","date_gmt":"2025-11-11T10:55:16","guid":{"rendered":"https:\/\/www.europesays.com\/fr\/526965\/"},"modified":"2025-11-11T10:55:16","modified_gmt":"2025-11-11T10:55:16","slug":"on-a-eu-beaucoup-de-problemes-avec-les-francais-donald-trump-estime-que-la-france-ne","status":"publish","type":"post","link":"https:\/\/www.europesays.com\/fr\/526965\/","title":{"rendered":"\u00ab\u00a0On a eu beaucoup de probl\u00e8mes avec les Fran\u00e7ais\u00a0\u00bb\u00a0: Donald Trump estime que la France ne"},"content":{"rendered":"<p>Encore une d\u00e9claration surprenante<a href=\"https:\/\/rennes.maville.com\/actu\/actudet_-donald-trump-accuse-de-somnoler-en-pleine-conference-de-presse-la-maison-blanche-reagit-_54135-7057587_actu.Htm\" target=\"_self\" rel=\"noopener\"> de la part de Donald Trump.<\/a> Lundi soir, le pr\u00e9sident am\u00e9ricain \u00e9tait l\u2019invit\u00e9 de la <a href=\"https:\/\/rennes.maville.com\/actu\/actudet_-le-senat-confirme-une-ancienne-presentatrice-de-fox-news-comme-procureure-de-washington-_54135-6922776_actu.Htm\" target=\"_self\" rel=\"noopener\">cha\u00eene de t\u00e9l\u00e9 conservatrice Fox News, connue pour soutenir ses positions.<\/a> Lors de cet entretien, la journaliste Laura Ingraham a interrog\u00e9 le Pr\u00e9sident sur la question des \u00e9tudiants \u00e9trangers autoris\u00e9s \u00e0 venir \u00e9tudier aux \u00c9tats-Unis.<\/p>\n<p><strong>\u00ab\u00a0Je pense que c\u2019est une bonne chose d\u2019avoir des \u00e9tudiants \u00e9trangers\u00a0\u00bb,<\/strong> a affirm\u00e9 Donald Trump, interrog\u00e9 sur l\u2019inscription de ressortissants notamment chinois dans les universit\u00e9s am\u00e9ricaines.<\/p>\n<p>Surprise de la journaliste. <strong>\u00ab\u00a0Et alors\u00a0? Notre syst\u00e8me d\u00e9pend donc de la Chine\u00a0?\u00a0\u00bb<\/strong> L\u2019accueil d\u2019\u00e9tudiants \u00e9trangers d\u00e9chire actuellement la droite am\u00e9ricaine et notamment les supporters MAGA (Make America Great Again). Certains estiment que le pays a besoin de cerveaux \u00e9trangers, d\u2019autres veulent une interdiction stricte de l\u2019immigration.<\/p>\n<p>\n                Nous avons bloqu\u00e9 l\u2019affichage de ce contenu pour respecter vos choix en mati\u00e8re de cookies.<br \/>En cliquant sur \u00abConsulter\u00bb, vous acceptez le d\u00e9p\u00f4t de cookies par des services de r\u00e9seaux sociaux tels que Twitter.<br \/>\n                Consulter\n            <\/p>\n<blockquote class=\"twitter-tweet\" wp_automatic_readability=\"8.7315634218289\">\n<p lang=\"en\" dir=\"ltr\">Ingraham: \u00ab\u00a0They&rsquo;re not the French. They&rsquo;re the Chinese. They spy on us. They steal our intellectual property&#8230;\u00a0\u00bb<\/p>\n<p>President Trump: \u00ab\u00a0What you think the French are better?\u00a0\u00bb <\/p>\n<p>Ingraham: \u00ab\u00a0Yeah.\u00a0\u00bb <\/p>\n<p>Trump: \u00ab\u00a0I&rsquo;m not so sure. We&rsquo;ve had a lot of problems with the French.\u00a0\u00bb <a href=\"https:\/\/t.co\/PqzCsm0UV1\">pic.twitter.com\/PqzCsm0UV1<\/a><\/p>\n<p>\u2014 Kaitlan Collins (@kaitlancollins) <a href=\"https:\/\/twitter.com\/kaitlancollins\/status\/1988047321838612761?ref_src=twsrc%5Etfw\" target=\"_blank\" rel=\"noopener\">November 11, 2025<\/a><\/p><\/blockquote>\n<p>Laura Ingraham a alors fait remarquer \u00e0 Donald Trump au sujet de certains \u00e9tudiants accueillis\u00a0:<strong> \u00ab\u00a0Mais ce ne sont pas des Fran\u00e7ais, ce sont des Chinois. Ils nous espionnent, ils nous volent les propri\u00e9t\u00e9s intellectuelles.\u00a0\u00bb<\/strong><\/p>\n<p>\u00ab\u00a0Vous pensez que les Fran\u00e7ais, c\u2019est mieux\u00a0?\u00a0\u00bb<\/p>\n<p>Et le pr\u00e9sident am\u00e9ricain de r\u00e9pondre du tac au tac\u00a0:<strong> \u00ab\u00a0Vous pensez que les Fran\u00e7ais, c\u2019est mieux\u00a0?\u00a0\u00bb<\/strong> La journaliste acquiesce.<strong> \u00ab\u00a0Je ne suis pas s\u00fbr, r\u00e9torque Donald Trump. On a eu beaucoup de probl\u00e8mes avec les Fran\u00e7ais. Nos technologies ont \u00e9t\u00e9 tax\u00e9es de mani\u00e8re tr\u00e8s injuste. Ils ont mis 25\u00a0% de taxes sur les produits am\u00e9ricains.\u00a0\u00bb<\/strong><\/p>\n<p>Une remarque qui vise notamment<a href=\"https:\/\/rennes.maville.com\/actu\/actudet_--taxe-gafa-paris-assume-de-mecontenter-washington-au-nom-de-la-justice-fiscale_54135-4390588_actu.Htm\" target=\"_self\" rel=\"noopener\">\u00a0le comportement de la France vis-\u00e0-vis des Gafam,<\/a> ces grandes entreprises accus\u00e9es de faire de larges b\u00e9n\u00e9fices sur le territoire national sans contribuer suffisamment par l\u2019imp\u00f4t et les taxes.<a href=\"https:\/\/rennes.maville.com\/actu\/actudet_-les-deputes-approuvent-une-taxe-contre-les-grandes-entreprises-de-la-tech-americaines-_54135-7032415_actu.Htm\" target=\"_self\" rel=\"noopener\"> Les d\u00e9put\u00e9s ont vot\u00e9, en octobre, une taxe les visant et qui pourraient rapporter plusieurs milliards d\u2019euros.<\/a><\/p>\n<p>Accusation directe ou simple pirouette pour se sortir d\u2019une discussion mal engag\u00e9e\u00a0? Donald Trump n\u2019aime pas qu\u2019on le contredise et l\u2019a fait comprendre \u00e0 la journaliste de Fox News en concluant\u00a0: <strong>\u00ab\u00a0\u00c9coutez-moi bien\u00a0: MAGA est mon id\u00e9e. Celle de personne d\u2019autre. Je sais ce que le monde MAGA veut mieux que personne d\u2019autre. Et le monde MAGA veut voir notre pays prosp\u00e9rer.\u00a0\u00bb<\/strong><\/p>\n<p>\u00a0<\/p>\n<p>\t\t<script async src=\"https:\/\/platform.twitter.com\/widgets.js\" charset=\"utf-8\"><\/script><\/p>\n","protected":false},"excerpt":{"rendered":"Encore une d\u00e9claration surprenante de la part de Donald Trump. Lundi soir, le pr\u00e9sident am\u00e9ricain \u00e9tait l\u2019invit\u00e9 de&hellip;\n","protected":false},"author":2,"featured_media":526966,"comment_status":"","ping_status":"","sticky":false,"template":"","format":"standard","meta":{"footnotes":""},"categories":[1586],"tags":[11,309,15016,18668,1777,674,1779,1011,3844,27,32557,12,6099,13803,25,467,1778,364,10288],"class_list":{"0":"post-526965","1":"post","2":"type-post","3":"status-publish","4":"format-standard","5":"has-post-thumbnail","7":"category-europe","8":"tag-actualites","9":"tag-chine","10":"tag-donald","11":"tag-estime","12":"tag-eu","13":"tag-europe","14":"tag-european-union","15":"tag-fr","16":"tag-francais","17":"tag-france","18":"tag-mieux","19":"tag-news","20":"tag-pontivy","21":"tag-problemes","22":"tag-republique-francaise","23":"tag-trump","24":"tag-ue","25":"tag-union-europeenne","26":"tag-vaut"},"share_on_mastodon":{"url":"https:\/\/pubeurope.com\/@fr\/115530702872901083","error":""},"_links":{"self":[{"href":"https:\/\/www.europesays.com\/fr\/wp-json\/wp\/v2\/posts\/526965","targetHints":{"allow":["GET"]}}],"collection":[{"href":"https:\/\/www.europesays.com\/fr\/wp-json\/wp\/v2\/posts"}],"about":[{"href":"https:\/\/www.europesays.com\/fr\/wp-json\/wp\/v2\/types\/post"}],"author":[{"embeddable":true,"href":"https:\/\/www.europesays.com\/fr\/wp-json\/wp\/v2\/users\/2"}],"replies":[{"embeddable":true,"href":"https:\/\/www.europesays.com\/fr\/wp-json\/wp\/v2\/comments?post=526965"}],"version-history":[{"count":0,"href":"https:\/\/www.europesays.com\/fr\/wp-json\/wp\/v2\/posts\/526965\/revisions"}],"wp:featuredmedia":[{"embeddable":true,"href":"https:\/\/www.europesays.com\/fr\/wp-json\/wp\/v2\/media\/526966"}],"wp:attachment":[{"href":"https:\/\/www.europesays.com\/fr\/wp-json\/wp\/v2\/media?parent=526965"}],"wp:term":[{"taxonomy":"category","embeddable":true,"href":"https:\/\/www.europesays.com\/fr\/wp-json\/wp\/v2\/categories?post=526965"},{"taxonomy":"post_tag","embeddable":true,"href":"https:\/\/www.europesays.com\/fr\/wp-json\/wp\/v2\/tags?post=526965"}],"curies":[{"name":"wp","href":"https:\/\/api.w.org\/{rel}","templated":true}]}}