{"id":526969,"date":"2025-11-11T10:57:18","date_gmt":"2025-11-11T10:57:18","guid":{"rendered":"https:\/\/www.europesays.com\/fr\/526969\/"},"modified":"2025-11-11T10:57:18","modified_gmt":"2025-11-11T10:57:18","slug":"a-la-maison-blanche-la-visite-du-president-syrien-ahmad-al-chareh-na-pas-eu-le-protocole-habituel","status":"publish","type":"post","link":"https:\/\/www.europesays.com\/fr\/526969\/","title":{"rendered":"\u00c0 la Maison Blanche, la visite du pr\u00e9sident syrien Ahmad al-Chareh n\u2019a pas eu le protocole habituel"},"content":{"rendered":"<p>        <img decoding=\"async\" loading=\"lazy\" src=\"https:\/\/www.europesays.com\/fr\/wp-content\/uploads\/2025\/11\/34f4161_upload-1-rzmapzk3m7tf-afp-20251110-83ml29e-v2-highres-topshotussyriadiplomacysharaa.jpg\"  width=\"728\" height=\"409\" alt=\"Donald Trump et le pr\u00e9sident syrien Ahmad al-Chareh \u00e0 la Maison Blanche, \u00e0 Washington DC, le 10\u00a0novembre 2025.\"\/>  <\/p>\n<p>HANDOUT \/ AFP<\/p>\n<p>Donald Trump et le pr\u00e9sident syrien Ahmad al-Chareh \u00e0 la Maison Blanche, \u00e0 Washington DC, le 10\u00a0novembre 2025.<\/p>\n<p class=\"asset asset-text\">INTERNATIONAL &#8211; C\u2019est une visite officielle et historique que la Maison Blanche a voulu rendre relativement discr\u00e8te. <a href=\"https:\/\/www.huffingtonpost.fr\/international\/article\/comment-un-discours-de-donald-trump-conduit-le-directeur-de-la-bbc-a-la-demission_256986.html\" rel=\"nofollow noopener\" target=\"_blank\">Donald Trump<\/a> a re\u00e7u lundi 10\u00a0novembre Ahmad al-Chareh, une premi\u00e8re pour un chef d\u2019\u00c9tat <a href=\"https:\/\/www.huffingtonpost.fr\/international\/article\/les-etats-unis-de-trump-actent-leur-rapprochement-avec-la-syrie-d-apres-bachar-al-assad-avec-cette-mesure_252342.html\" rel=\"nofollow noopener\" target=\"_blank\">syrien<\/a> et une cons\u00e9cration pour cet ancien jihadiste.<\/p>\n<p class=\"asset asset-text\">Le protocole habituel, qui fait passer les chefs d\u2019\u00c9tat et de gouvernements \u00e9trangers par l\u2019entr\u00e9e principale de la Maison Blanche, et que le pr\u00e9sident am\u00e9ricain vient presque toujours accueillir sur le perron, n\u2019a pas \u00e9t\u00e9 utilis\u00e9 ici\u00a0: Ahmad al-Chareh est pass\u00e9 par une entr\u00e9e lat\u00e9rale.<\/p>\n<p class=\"asset asset-text\">Les journalistes n\u2019ont pas non plus \u00e9t\u00e9 convi\u00e9s dans le Bureau ovale en pr\u00e9sence des deux dirigeants, mais seulement quelques photographes pour immortaliser la rencontre.<\/p>\n<p> La lecture de ce contenu est susceptible d\u2019entra\u00eener un d\u00e9p\u00f4t de cookies de la part de l\u2019op\u00e9rateur tiers qui l\u2019h\u00e9berge. Compte-tenu des choix que vous avez exprim\u00e9s en mati\u00e8re de d\u00e9p\u00f4t de cookies, nous avons bloqu\u00e9 l\u2019affichage de ce contenu. Si vous souhaitez y acc\u00e9der, vous devez accepter la cat\u00e9gorie de cookies \u201cContenus tiers\u201d en cliquant sur le bouton ci-dessous. <\/p>\n<p> Lire la Vid\u00e9o        <\/p>\n<p class=\"asset asset-text\">Apr\u00e8s pr\u00e8s de deux heures pass\u00e9es \u00e0 la Maison Blanche, Ahmad al-Chareh a ensuite salu\u00e9 des partisans qui l\u2019acclamaient dans la rue.<\/p>\n<p> La lecture de ce contenu est susceptible d\u2019entra\u00eener un d\u00e9p\u00f4t de cookies de la part de l\u2019op\u00e9rateur tiers qui l\u2019h\u00e9berge. Compte-tenu des choix que vous avez exprim\u00e9s en mati\u00e8re de d\u00e9p\u00f4t de cookies, nous avons bloqu\u00e9 l\u2019affichage de ce contenu. Si vous souhaitez y acc\u00e9der, vous devez accepter la cat\u00e9gorie de cookies \u201cContenus tiers\u201d en cliquant sur le bouton ci-dessous. <\/p>\n<p> Lire la Vid\u00e9o        <\/p>\n<p class=\"asset asset-text\">\u00ab\u00a0Je l\u2019aime bien\u00a0\u00bb, a r\u00e9agi le pr\u00e9sident am\u00e9ricain apr\u00e8s la rencontre, en ajoutant\u00a0: \u00ab\u00a0nous ferons tout ce que nous pouvons pour que la Syrie r\u00e9ussisse.\u00a0\u00bb \u00ab\u00a0Il a un pass\u00e9 brutal, et je pense, franchement, que sans pass\u00e9 brutal, vous n\u2019avez aucune chance\u00a0\u00bb, a encore dit Donald Trump.<\/p>\n<p>    Une grande annonce pour la coalition internationale antijihadiste    <\/p>\n<p class=\"asset asset-text\">Il avait d\u00e9j\u00e0 exprim\u00e9 sa sympathie pour le pr\u00e9sident int\u00e9rimaire, dont la coalition islamiste a renvers\u00e9 le dirigeant de longue date <a href=\"https:\/\/www.huffingtonpost.fr\/international\/article\/bachar-al-assad-echappe-a-son-mandat-d-arret-en-france-qui-a-ete-annule-par-la-cour-de-cassation_252986.html\" rel=\"nofollow noopener\" target=\"_blank\">Bachar al-Assad<\/a> en d\u00e9cembre\u00a02024, pendant leur toute premi\u00e8re rencontre, en mai dans le Golfe.<\/p>\n<p class=\"asset asset-text\">Comme largement attendu, cette visite a \u00e9t\u00e9 l\u2019occasion d\u2019annoncer l\u2019entr\u00e9e de la Syrie dans la coalition internationale antijihadiste men\u00e9e par les \u00c9tats-Unis, visant <a href=\"https:\/\/www.huffingtonpost.fr\/justice\/article\/qui-sont-les-trois-revenantes-de-daech-jugees-ce-lundi-a-paris_254817.html\" rel=\"nofollow noopener\" target=\"_blank\">Daech<\/a>.<\/p>\n<p class=\"asset asset-text\">\u00ab\u00a0La Syrie deviendra ainsi le 90e membre de la coalition contre Daech\u00a0\u00bb, a d\u00e9clar\u00e9 un responsable am\u00e9ricain ayant requis l\u2019anonymat, utilisant l\u2019acronyme arabe de l\u2019\u00c9tat islamique. Selon lui, Damas va d\u00e9sormais \u00ab\u00a0s\u2019associer aux \u00c9tats-Unis pour \u00e9liminer les derniers foyers de Daech et mettre un terme \u00e0 l\u2019afflux de combattants \u00e9trangers\u00a0\u00bb. Dans une interview \u00e0 Fox News, le pr\u00e9sident syrien avait peu avant assur\u00e9 que ce sujet devait encore \u00eatre discut\u00e9.<\/p>\n<p class=\"asset asset-text\">Le d\u00e9partement d\u2019\u00c9tat a par ailleurs annonc\u00e9 une nouvelle pause <a href=\"https:\/\/www.huffingtonpost.fr\/international\/article\/donald-trump-leve-les-sanctions-americaines-contre-la-syrie-pour-leur-donner-une-chance_249976.html\" rel=\"nofollow noopener\" target=\"_blank\">des sanctions am\u00e9ricaines<\/a> de la loi C\u00e9sar, en attendant que le Congr\u00e8s ne les l\u00e8ve \u00e9ventuellement pour de bon. Il s\u2019agit d\u2019une pause pour 180 jours de cette loi adopt\u00e9e en 2019 qui imposait des sanctions am\u00e9ricaines drastiques contre le gouvernement de Bachar al-Assad, bannissant le pays du syst\u00e8me bancaire international et des transactions financi\u00e8res en dollars. Elle avait d\u00e9j\u00e0 \u00e9t\u00e9 suspendue en mai.<\/p>\n<p class=\"asset asset-text\">Les \u00c9tats-Unis ont aussi autoris\u00e9 \u00e0 la Syrie de reprendre les activit\u00e9s de son ambassade \u00e0 Washington, a fait savoir le m\u00eame responsable ayant requis l\u2019anonymat.<\/p>\n<p class=\"asset asset-text\">Les \u00c9tats-Unis, eux, pr\u00e9voient d\u2019\u00e9tablir une base militaire pr\u00e8s de Damas, \u00ab\u00a0pour coordonner l\u2019aide humanitaire et observer les d\u00e9veloppements entre la Syrie et Isra\u00ebl\u00a0\u00bb, selon une source diplomatique en Syrie.<\/p>\n","protected":false},"excerpt":{"rendered":"HANDOUT \/ AFP Donald Trump et le pr\u00e9sident syrien Ahmad al-Chareh \u00e0 la Maison Blanche, \u00e0 Washington DC,&hellip;\n","protected":false},"author":2,"featured_media":526970,"comment_status":"","ping_status":"","sticky":false,"template":"","format":"standard","meta":{"footnotes":""},"categories":[2],"tags":[11,75,73,1011,27,14,78,12,25,32],"class_list":{"0":"post-526969","1":"post","2":"type-post","3":"status-publish","4":"format-standard","5":"has-post-thumbnail","7":"category-actualites","8":"tag-actualites","9":"tag-donald-trump","10":"tag-etats-unis","11":"tag-fr","12":"tag-france","13":"tag-international","14":"tag-maison-blanche","15":"tag-news","16":"tag-republique-francaise","17":"tag-syrie"},"share_on_mastodon":{"url":"https:\/\/pubeurope.com\/@fr\/115530711290571374","error":""},"_links":{"self":[{"href":"https:\/\/www.europesays.com\/fr\/wp-json\/wp\/v2\/posts\/526969","targetHints":{"allow":["GET"]}}],"collection":[{"href":"https:\/\/www.europesays.com\/fr\/wp-json\/wp\/v2\/posts"}],"about":[{"href":"https:\/\/www.europesays.com\/fr\/wp-json\/wp\/v2\/types\/post"}],"author":[{"embeddable":true,"href":"https:\/\/www.europesays.com\/fr\/wp-json\/wp\/v2\/users\/2"}],"replies":[{"embeddable":true,"href":"https:\/\/www.europesays.com\/fr\/wp-json\/wp\/v2\/comments?post=526969"}],"version-history":[{"count":0,"href":"https:\/\/www.europesays.com\/fr\/wp-json\/wp\/v2\/posts\/526969\/revisions"}],"wp:featuredmedia":[{"embeddable":true,"href":"https:\/\/www.europesays.com\/fr\/wp-json\/wp\/v2\/media\/526970"}],"wp:attachment":[{"href":"https:\/\/www.europesays.com\/fr\/wp-json\/wp\/v2\/media?parent=526969"}],"wp:term":[{"taxonomy":"category","embeddable":true,"href":"https:\/\/www.europesays.com\/fr\/wp-json\/wp\/v2\/categories?post=526969"},{"taxonomy":"post_tag","embeddable":true,"href":"https:\/\/www.europesays.com\/fr\/wp-json\/wp\/v2\/tags?post=526969"}],"curies":[{"name":"wp","href":"https:\/\/api.w.org\/{rel}","templated":true}]}}