{"id":526973,"date":"2025-11-11T11:01:14","date_gmt":"2025-11-11T11:01:14","guid":{"rendered":"https:\/\/www.europesays.com\/fr\/526973\/"},"modified":"2025-11-11T11:01:14","modified_gmt":"2025-11-11T11:01:14","slug":"un-responsable-du-stade-toulousain-veut-absolument-que-posolo-tuilagi-change-de-poste","status":"publish","type":"post","link":"https:\/\/www.europesays.com\/fr\/526973\/","title":{"rendered":"Un responsable du Stade-Toulousain veut absolument que Posolo Tuilagi change de poste !"},"content":{"rendered":"<p>Dans son \u00e9dition du jour, le journal <a href=\"https:\/\/www.lequipe.fr\/Rugby\/Article\/Atonio-tatafu-colombe-montagne-apres-la-defaite-contre-les-sud-africains-le-bourbier-des-piliers-droits-refait-surface\/1609014\" rel=\"nofollow noopener\" target=\"_blank\">L\u2019\u00e9quipe<\/a> revient sur les difficult\u00e9s rencontr\u00e9es par le s\u00e9lectionneur Fran\u00e7ais Fabien Galthi\u00e9 pour trouver un rempla\u00e7ant performant \u00e0 Uini Atonio, au poste de pilier droit.<\/p>\n<p>Tous les joueurs essay\u00e9s \u00e0 ce poste n\u2019ont pas convaincu.<\/p>\n<p>Demba Bamba, Georges-Henri Colombe, Thomas Laclayat, Sipili Falatea, Dorian Aldegheri, R\u00e9gis Montagne, Tevita Tatafu (bless\u00e9)\u2026 Tous ces joueurs s\u2019y sont d\u00e9j\u00e0 cass\u00e9s les dents.<\/p>\n<p>Forc\u00e9ment, ce secteur inqui\u00e8te \u00e9norm\u00e9ment car en l\u2019absence d\u2019Uini Atonio, la m\u00eal\u00e9e Fran\u00e7aise peine \u00e0 perturber les meilleures nations.<\/p>\n<p>Interrog\u00e9 via <a href=\"https:\/\/www.lequipe.fr\/Rugby\/Article\/Atonio-tatafu-colombe-montagne-apres-la-defaite-contre-les-sud-africains-le-bourbier-des-piliers-droits-refait-surface\/1609014\" rel=\"nofollow noopener\" target=\"_blank\">L\u2019\u00e9quipe<\/a>, le responsable des premi\u00e8re-lignes au centre de formation du Stade Toulousain,\u00a0Thierry Savio a donn\u00e9 sa solution.<\/p>\n<p>Selon lui, le troisi\u00e8me ligne de l\u2019USAP, Posolo Tuilagi devrait absolument jouer au poste de pilier droit.<\/p>\n<p>Il estime que ce joueur a le gabarit pour performer au poste de pilier droit.<\/p>\n<p><strong>A lire ci-dessous :<\/strong><\/p>\n<p>\u00ab Tuilagi, c\u2019est un gamin qui devrait jouer pilier droit au tr\u00e8s haut niveau. Ce sont des gabarits et des profils tellement rares qu\u2019il faut accepter d\u2019en former cinq pour en avoir un super. Atonio, c\u2019est un coup de bol \u00e9norme que ce gar\u00e7on qui a jou\u00e9 deuxi\u00e8me-ligne jusqu\u2019\u00e0 25 ans ait pu se reconvertir en pilier. <\/p>\n<p>Chez nous, Joel Merkler, \u00e7a a \u00e9t\u00e9 un combat de l\u2019imposer. Si j\u2019\u00e9tais entrepreneur, je cr\u00e9erais une acad\u00e9mie des premi\u00e8re-lignes au niveau f\u00e9d\u00e9ral. Aujourd\u2019hui, un gar\u00e7on d\u20191,80 m \u00e0 ce poste, ce n\u2019est juste pas possible. Ce n\u2019est plus la norme. <\/p>\n<p>Mais pour avoir des mecs \u00e0 1,90 m et 140 kg, il ne faut pas les avoir aiguill\u00e9s en deuxi\u00e8me-ligne \u00e0 seize ans. Combien de ces mecs-l\u00e0 font une carri\u00e8re de deuxi\u00e8me-ligne ou de n\u00b0 8 en Pro D2 alors qu\u2019ils auraient pu faire de tr\u00e8s bons piliers droits ? \u00bb<\/p>\n","protected":false},"excerpt":{"rendered":"Dans son \u00e9dition du jour, le journal L\u2019\u00e9quipe revient sur les difficult\u00e9s rencontr\u00e9es par le s\u00e9lectionneur Fran\u00e7ais Fabien&hellip;\n","protected":false},"author":2,"featured_media":254141,"comment_status":"","ping_status":"","sticky":false,"template":"","format":"standard","meta":{"footnotes":""},"categories":[1416],"tags":[1011,27,479,1468,60],"class_list":{"0":"post-526973","1":"post","2":"type-post","3":"status-publish","4":"format-standard","5":"has-post-thumbnail","7":"category-rugby","8":"tag-fr","9":"tag-france","10":"tag-rugby","11":"tag-rugby-football","12":"tag-sports"},"share_on_mastodon":{"url":"https:\/\/pubeurope.com\/@fr\/115530727286298999","error":""},"_links":{"self":[{"href":"https:\/\/www.europesays.com\/fr\/wp-json\/wp\/v2\/posts\/526973","targetHints":{"allow":["GET"]}}],"collection":[{"href":"https:\/\/www.europesays.com\/fr\/wp-json\/wp\/v2\/posts"}],"about":[{"href":"https:\/\/www.europesays.com\/fr\/wp-json\/wp\/v2\/types\/post"}],"author":[{"embeddable":true,"href":"https:\/\/www.europesays.com\/fr\/wp-json\/wp\/v2\/users\/2"}],"replies":[{"embeddable":true,"href":"https:\/\/www.europesays.com\/fr\/wp-json\/wp\/v2\/comments?post=526973"}],"version-history":[{"count":0,"href":"https:\/\/www.europesays.com\/fr\/wp-json\/wp\/v2\/posts\/526973\/revisions"}],"wp:featuredmedia":[{"embeddable":true,"href":"https:\/\/www.europesays.com\/fr\/wp-json\/wp\/v2\/media\/254141"}],"wp:attachment":[{"href":"https:\/\/www.europesays.com\/fr\/wp-json\/wp\/v2\/media?parent=526973"}],"wp:term":[{"taxonomy":"category","embeddable":true,"href":"https:\/\/www.europesays.com\/fr\/wp-json\/wp\/v2\/categories?post=526973"},{"taxonomy":"post_tag","embeddable":true,"href":"https:\/\/www.europesays.com\/fr\/wp-json\/wp\/v2\/tags?post=526973"}],"curies":[{"name":"wp","href":"https:\/\/api.w.org\/{rel}","templated":true}]}}