{"id":526974,"date":"2025-11-11T11:02:10","date_gmt":"2025-11-11T11:02:10","guid":{"rendered":"https:\/\/www.europesays.com\/fr\/526974\/"},"modified":"2025-11-11T11:02:10","modified_gmt":"2025-11-11T11:02:10","slug":"des-raquettes-plus-petites-pour-plus-de-spectacle-sports","status":"publish","type":"post","link":"https:\/\/www.europesays.com\/fr\/526974\/","title":{"rendered":"Des raquettes plus petites, pour plus de spectacle ? : Sports"},"content":{"rendered":"<p class=\"date\">\n                                                            Paul Rouget, Media365 : publi\u00e9 le mardi 11 novembre 2025 \u00e0 10h45\n                                                    <\/p>\n<p>Pour Toni Nadal, le tennis doit faire sa r\u00e9volution, et adopter des raquettes plus petites pour limiter les blessures et offrir plus de spectacle.<\/p>\n<p>Le tennis peut-il faire sa r\u00e9volution\u00a0? Alors que certains joueurs se plaignent de l&rsquo;uniformisation des surfaces, notamment <a href=\"https:\/\/sports.orange.fr\/tennis\/atp\/article\/atp-rolex-paris-masters-la-surface-fait-l-objet-de-critiques-CNT000002ltI5D.html\" rel=\"nofollow noopener\" target=\"_blank\">lors du dernier Rolex Paris Masters, rendu (beaucoup) plus lent par les organisateurs<\/a>, et, surtout, de la multiplication des blessures au sein d&rsquo;un calendrier toujours plus surcharg\u00e9, Toni Nadal a une id\u00e9e pas banale afin de faire bouger les choses. <a href=\"https:\/\/sports.orange.fr\/tennis\/article\/et-si-les-raquettes-etaient-plus-petites-exclu-CNT000002hXOnp.html\" rel=\"nofollow noopener\" target=\"_blank\">Une id\u00e9e qu&rsquo;il avait d\u00e9j\u00e0 \u00e9voqu\u00e9e par le pass\u00e9<\/a>.<\/p>\n<p>\u00ab Le tennis est le seul sport qui commence par un \u00ab\u00a0penalty\u00a0\u00bb\u00a0\u00bb<\/p>\n<p>Pour rendre le jeu plus spectaculaire et r\u00e9duire le risque de blessures, l&rsquo;oncle de Rafael Nadal veut \u00ab\u00a0ralentir un peu le jeu\u00a0\u00bb avec une suggestion \u00e9tonnante, comme il l&rsquo;a confi\u00e9 \u00e0 La Gazzetta dello Sport\u00a0: \u00ab\u00a0Je sugg\u00e9rerais de jouer avec des raquettes plus petites. Ce serait plus facile pour les amateurs et plus difficile pour les professionnels, et le jeu serait moins violent. La beaut\u00e9 du tennis r\u00e9side dans le spectacle qu&rsquo;il offre. Quand McEnroe ou Nastase jouaient, tout y \u00e9tait : les mouvements, les mains, la tactique. Le tennis est le seul sport qui commence par un \u00ab\u00a0penalty\u00a0\u00bb : si vous servez bien, l&rsquo;adversaire ne joue pas&#8230; Dans d&rsquo;autres disciplines, on a modifi\u00e9 les r\u00e8gles pour rendre le jeu plus spectaculaire. \u00bb Et de citer l&rsquo;exemple du football, qui a su \u00e9voluer en interdisant la passe au gardien ou en passant la victoire de deux \u00e0 trois points pour favoriser le jeu offensif.<\/p>\n<p>\u00ab\u00a0Une comp\u00e9tition pour savoir qui frappe le plus fort\u00a0\u00bb<\/p>\n<p>Pour <a href=\"https:\/\/sports.orange.fr\/tennis\/atp\/article\/atp-toni-nadal-voit-auger-aliassime-n-1-mondial-exclu-CNT000001zVlV2.html\" rel=\"nofollow noopener\" target=\"_blank\">celui qui a \u00e9galement \u00e9t\u00e9 l&rsquo;entra\u00eeneur du Canadien Felix Auger-Aliassime<\/a>, ce n&rsquo;est donc \u00ab\u00a0pas une question de calendrier. Beaucoup ne seront pas d&rsquo;accord, mais le vrai probl\u00e8me, c&rsquo;est que le jeu est toujours trop rapide. Ce n&rsquo;est pas une question de quantit\u00e9, mais d&rsquo;intensit\u00e9 et de violence des mouvements. Il n&rsquo;y a presque plus de joueurs \u00ab tactiques \u00bb comme Coria ou Gaudio, qui cherchaient \u00e0 construire le jeu. Aujourd&rsquo;hui, c&rsquo;est souvent juste une comp\u00e9tition pour savoir qui frappe le plus fort. Et quand on fait des mouvements aussi rapides, qu&rsquo;on s&rsquo;approche de la balle \u00e0 pleine vitesse, qu&rsquo;on freine et qu&rsquo;on repart, le corps risque de se blesser. Je pense qu&rsquo;il faudrait essayer de ralentir un peu le jeu.\u00a0\u00bb Mais Toni Nadal n&rsquo;a aucune illusion sur la faisabilit\u00e9 d&rsquo;une telle proposition\u00a0: \u00ab\u00a0Ils ne changeront jamais.\u00a0\u00bb<\/p>\n","protected":false},"excerpt":{"rendered":"Paul Rouget, Media365 : publi\u00e9 le mardi 11 novembre 2025 \u00e0 10h45 Pour Toni Nadal, le tennis doit&hellip;\n","protected":false},"author":2,"featured_media":526975,"comment_status":"","ping_status":"","sticky":false,"template":"","format":"standard","meta":{"footnotes":""},"categories":[1415],"tags":[1011,27,60,1467],"class_list":{"0":"post-526974","1":"post","2":"type-post","3":"status-publish","4":"format-standard","5":"has-post-thumbnail","7":"category-tennis","8":"tag-fr","9":"tag-france","10":"tag-sports","11":"tag-tennis"},"share_on_mastodon":{"url":"https:\/\/pubeurope.com\/@fr\/115530730235510477","error":""},"_links":{"self":[{"href":"https:\/\/www.europesays.com\/fr\/wp-json\/wp\/v2\/posts\/526974","targetHints":{"allow":["GET"]}}],"collection":[{"href":"https:\/\/www.europesays.com\/fr\/wp-json\/wp\/v2\/posts"}],"about":[{"href":"https:\/\/www.europesays.com\/fr\/wp-json\/wp\/v2\/types\/post"}],"author":[{"embeddable":true,"href":"https:\/\/www.europesays.com\/fr\/wp-json\/wp\/v2\/users\/2"}],"replies":[{"embeddable":true,"href":"https:\/\/www.europesays.com\/fr\/wp-json\/wp\/v2\/comments?post=526974"}],"version-history":[{"count":0,"href":"https:\/\/www.europesays.com\/fr\/wp-json\/wp\/v2\/posts\/526974\/revisions"}],"wp:featuredmedia":[{"embeddable":true,"href":"https:\/\/www.europesays.com\/fr\/wp-json\/wp\/v2\/media\/526975"}],"wp:attachment":[{"href":"https:\/\/www.europesays.com\/fr\/wp-json\/wp\/v2\/media?parent=526974"}],"wp:term":[{"taxonomy":"category","embeddable":true,"href":"https:\/\/www.europesays.com\/fr\/wp-json\/wp\/v2\/categories?post=526974"},{"taxonomy":"post_tag","embeddable":true,"href":"https:\/\/www.europesays.com\/fr\/wp-json\/wp\/v2\/tags?post=526974"}],"curies":[{"name":"wp","href":"https:\/\/api.w.org\/{rel}","templated":true}]}}