{"id":526976,"date":"2025-11-11T11:06:11","date_gmt":"2025-11-11T11:06:11","guid":{"rendered":"https:\/\/www.europesays.com\/fr\/526976\/"},"modified":"2025-11-11T11:06:11","modified_gmt":"2025-11-11T11:06:11","slug":"aix-provence-dole-recrute-deux-coureurs-du-cc-etupes-actualite","status":"publish","type":"post","link":"https:\/\/www.europesays.com\/fr\/526976\/","title":{"rendered":"Aix Provence Dole recrute deux coureurs du CC \u00c9tupes &#8211; Actualit\u00e9"},"content":{"rendered":"<p>Deux coureurs du CC \u00c9tupes ont sign\u00e9 \u00e0 l\u2019AVC Aix Provence Dole pour la saison 2026. Il s\u2019agit d\u2019Adam Smith &#8211; notre photo &#8211; et d\u2019Axel Vuillier.<\/p>\n<p>Le Canadien Adam Smith, 19 ans, a fini cette ann\u00e9e 2e du Prix du Saugeais, 4e d\u2019une \u00e9tape du Tour du Beaujolais, 6e de son Championnat du Canada Espoirs du contre-la-montre, 9e de la Pelousey Classic, 16e d\u2019une \u00e9tape du Tour du Beaujolais ou encore 20e du Saint-Brieuc Agglo Tour.<\/p>\n<p>Axel Vuillier, 19 ans, a termin\u00e9 3e du Prix des Hauts de Salm et 8e du Grand Prix du Val de Vill\u00e9. Le grimpeur franc-comtois \u00e9tait membre en 2024 de l\u2019\u00e9quipe Juniors de la Groupama-FDJ.<\/p>\n<p>Retrouvez\u00a0toutes les mutations de l&rsquo;intersaison\u00a0<a href=\"https:\/\/www.directvelo.com\/mutations\/2026#amateur-not_dn\" target=\"_blank\" rel=\"noopener\"><strong>en cliquant ici<\/strong><\/a>.<\/p>\n","protected":false},"excerpt":{"rendered":"Deux coureurs du CC \u00c9tupes ont sign\u00e9 \u00e0 l\u2019AVC Aix Provence Dole pour la saison 2026. Il s\u2019agit&hellip;\n","protected":false},"author":2,"featured_media":526977,"comment_status":"","ping_status":"","sticky":false,"template":"","format":"standard","meta":{"footnotes":""},"categories":[1411],"tags":[834,828,836,829,837,827,83,826,824,823,1154,207,814,817,815,816,822,821,832,211,839,1011,27,820,818,819,835,831,830,833,838,60,212,208,825],"class_list":{"0":"post-526976","1":"post","2":"type-post","3":"status-publish","4":"format-standard","5":"has-post-thumbnail","7":"category-cyclisme","8":"tag-attaque","9":"tag-belgique","10":"tag-braquet","11":"tag-bretagne","12":"tag-chute","13":"tag-competition","14":"tag-coupe-de-france","15":"tag-coureur","16":"tag-course-cyclisme","17":"tag-course-cycliste","18":"tag-cycling","19":"tag-cyclisme","20":"tag-direct","21":"tag-direct-velo","22":"tag-directvelo","23":"tag-directvelo-com","24":"tag-epreuve","25":"tag-epreuve-cycliste","26":"tag-federation-francaise-de-cyclisme","27":"tag-ffc","28":"tag-flandres","29":"tag-fr","30":"tag-france","31":"tag-live","32":"tag-live-course","33":"tag-live-epreuve","34":"tag-peloton","35":"tag-radio-peloton","36":"tag-radio-tour","37":"tag-ravitaillement","38":"tag-relance","39":"tag-sports","40":"tag-uci","41":"tag-velo","42":"tag-velos"},"share_on_mastodon":{"url":"https:\/\/pubeurope.com\/@fr\/115530746210847339","error":""},"_links":{"self":[{"href":"https:\/\/www.europesays.com\/fr\/wp-json\/wp\/v2\/posts\/526976","targetHints":{"allow":["GET"]}}],"collection":[{"href":"https:\/\/www.europesays.com\/fr\/wp-json\/wp\/v2\/posts"}],"about":[{"href":"https:\/\/www.europesays.com\/fr\/wp-json\/wp\/v2\/types\/post"}],"author":[{"embeddable":true,"href":"https:\/\/www.europesays.com\/fr\/wp-json\/wp\/v2\/users\/2"}],"replies":[{"embeddable":true,"href":"https:\/\/www.europesays.com\/fr\/wp-json\/wp\/v2\/comments?post=526976"}],"version-history":[{"count":0,"href":"https:\/\/www.europesays.com\/fr\/wp-json\/wp\/v2\/posts\/526976\/revisions"}],"wp:featuredmedia":[{"embeddable":true,"href":"https:\/\/www.europesays.com\/fr\/wp-json\/wp\/v2\/media\/526977"}],"wp:attachment":[{"href":"https:\/\/www.europesays.com\/fr\/wp-json\/wp\/v2\/media?parent=526976"}],"wp:term":[{"taxonomy":"category","embeddable":true,"href":"https:\/\/www.europesays.com\/fr\/wp-json\/wp\/v2\/categories?post=526976"},{"taxonomy":"post_tag","embeddable":true,"href":"https:\/\/www.europesays.com\/fr\/wp-json\/wp\/v2\/tags?post=526976"}],"curies":[{"name":"wp","href":"https:\/\/api.w.org\/{rel}","templated":true}]}}