{"id":526986,"date":"2025-11-11T11:13:12","date_gmt":"2025-11-11T11:13:12","guid":{"rendered":"https:\/\/www.europesays.com\/fr\/526986\/"},"modified":"2025-11-11T11:13:12","modified_gmt":"2025-11-11T11:13:12","slug":"tas-pas-change-transforme-lessai-linconnu-de-la-grande-arche-trouve-sa-voie","status":"publish","type":"post","link":"https:\/\/www.europesays.com\/fr\/526986\/","title":{"rendered":"\u201cT\u2019as pas chang\u00e9\u201d transforme l\u2019essai, \u201cL\u2019Inconnu de la Grande Arche\u201d trouve sa voie"},"content":{"rendered":"\n<p class=\"article__chapeau\">Tandis que la com\u00e9die de J\u00e9r\u00f4me Commandeur caracole en t\u00eate, l\u2019\u00e9tonnant suspense architectural de St\u00e9phane Demoustier tire son \u00e9pingle du jeu juste derri\u00e8re le nouveau \u201cPredators\u201d. Pas assez cependant pour enrayer la baisse des entr\u00e9es dans les salles.<\/p>\n<p>              <a href=\"https:\/\/www.europesays.com\/fr\/wp-content\/uploads\/2025\/11\/ca5f5fb_upload-1-yhpwm90ryx1y-telerama-020052-006.jpg\" data-pswp-width=\"\" data-pswp-height=\"\" class=\"media__hd\" target=\"_blank\">      <img decoding=\"async\" fetchpriority=\"high\" src=\"https:\/\/www.europesays.com\/fr\/wp-content\/uploads\/2025\/11\/ca5f5fb_upload-1-yhpwm90ryx1y-telerama-020052-006.jpg\" class=\"media__picture js-media-zoom-main \" alt=\" De gauche \u00e0 droite : J\u00e9r\u00f4me Commandeur, Fran\u00e7ois Damiens, Laurent Lafitte et Vanessa Paradis dans \u00ab\u00a0T'as pas chang\u00e9\u00a0\u00bb, de J\u00e9r\u00f4me Commandeur.\" title=\"Chapter 2\/Eskwad\/StudioCanal\/TF1 Films Production\/Umedia\"\/>      <\/p>\n<p class=\"media__legend\">  De gauche \u00e0 droite : J\u00e9r\u00f4me Commandeur, Fran\u00e7ois Damiens, Laurent Lafitte et Vanessa Paradis dans \u00ab\u00a0T&rsquo;as pas chang\u00e9\u00a0\u00bb, de J\u00e9r\u00f4me Commandeur.  Chapter 2\/Eskwad\/StudioCanal\/TF1 Films Production\/Umedia  <\/p>\n<p>     <\/a>                    <\/p>\n<p class=\"author author--simple\">Par  <a class=\"author author--link\" href=\"https:\/\/www.telerama.fr\/recherche\/articles?q=Bertrand+Lott\" rel=\"nofollow noopener\" target=\"_blank\"> Bertrand Lott <\/a>    <\/p>\n<p class=\"publication__date\">Publi\u00e9 le 11 novembre 2025 \u00e0 10h34<\/p>\n<p class=\"publication__update\">Mis \u00e0 jour le 11 novembre 2025 \u00e0 12h08<\/p>\n<p>   Partager   <\/p>\n<ul class=\"sharing-popin--results\">\n<li class=\"sharing-popin--item sharing-popin--item-container\"> Partage  <\/li>\n<li data-share=\"linkedin\" class=\"sharing-popin--item\">  LinkedIn <\/li>\n<li data-share=\"facebook\" class=\"sharing-popin--item\">  Facebook <\/li>\n<li data-share=\"mail\" data-social=\"mail\" class=\"sharing-popin--item\">  Envoyer par email <\/li>\n<li data-share=\"copy\" class=\"sharing-popin--item\">  Copier le lien <\/li>\n<\/ul>\n<p>        Favoris       <\/p>\n<p>                <a class=\"openapp__link\" data-event=\"click-open-app\" data-deep-link=\"tlrm:\/\/element?id=\/cinema\/box-office-t-as-pas-change-transforme-l-essai-l-inconnu-de-la-grande-arche-trouve-sa-voie-7028238.php&amp;source=deeplink_site\">  Lire dans l&rsquo;application<br \/>\n  <\/a>                               <\/p>\n<p class=\"paragraph\">En ayant rassembl\u00e9 249\u00a0000 rieurs dans 549 cin\u00e9mas au terme de son premier week-end, <a target=\"_blank\" href=\"https:\/\/www.telerama.fr\/cinema\/t-as-pas-change-une-comedie-sympathique-mais-jerome-commandeur-peut-mieux-faire_cri-7041369.php\" rel=\"nofollow noopener\">T\u2019as pas chang\u00e9<\/a> parvient \u00e0 prendre la t\u00eate du classement de la p\u00e9riode. Il s\u2019agit pour la com\u00e9die de J\u00e9r\u00f4me Commandeur d\u2019une performance se situant pour l\u2019instant entre ses deux devanci\u00e8res, <a target=\"_blank\" href=\"https:\/\/www.telerama.fr\/cinema\/films\/ma-famille-t-adore-deja,509602.php\" rel=\"nofollow noopener\">Ma famille t\u2019adore d\u00e9j\u00e0\u00a0! <\/a>(271\u00a0000 entr\u00e9es en\u00a02016) et<a target=\"_blank\" href=\"https:\/\/www.telerama.fr\/cinema\/films\/irreductible-1-186883356.php\" rel=\"nofollow noopener\"> Irr\u00e9ductible <\/a>(242\u00a0000 entr\u00e9es en\u00a02022).<\/p>\n<p class=\"paragraph\">Deuxi\u00e8me nouveaut\u00e9, <a target=\"_blank\" href=\"https:\/\/www.telerama.fr\/cinema\/predator-badlands-un-nouvel-opus-divertissant-pour-qui-aime-explorer-un-monde-hostile_cri-7041393.php\" rel=\"nofollow noopener\">Predators Badlands<\/a> a dans le m\u00eame temps diverti 180\u00a0000 adeptes dans 382 salles. Un score pas non plus tonitruant, loin derri\u00e8re le Predators de\u00a02010 (273\u00a0000 entr\u00e9es), mais tout de m\u00eame en progression sur le dernier volet de la saga SF horrifique, The Predator (154\u00a0000 entr\u00e9es en\u00a02018). Au niveau mondial, avec 80\u00a0millions de dollars de recettes dont 40 millions de dollars pour l\u2019Am\u00e9rique du Nord seule, il r\u00e9alise par contre une tr\u00e8s belle performance.<\/p>\n<p class=\"paragraph\">B\u00e9n\u00e9ficiant d\u2019une belle mobilisation parisienne o\u00f9 il prend la troisi\u00e8me place du moment, <a target=\"_blank\" href=\"https:\/\/www.telerama.fr\/cinema\/l-inconnu-de-la-grande-arche-de-stephane-demoustier-un-etonnant-suspense-architectural-et-existentiel-sous-mitterrand-4557_cri-7041357.php\" rel=\"nofollow noopener\">L\u2019Inconnu de la Grande Arche<\/a> est parvenu \u00e0 captiver un total de 79\u00a0000 cin\u00e9philes sur 253 \u00e9crans en cinq jours. Avec ce film architectural, St\u00e9phane Demoustier r\u00e9alise un score l\u00e9g\u00e8rement au-dessus de son pr\u00e9c\u00e9dent long-m\u00e9trage <a target=\"_blank\" href=\"https:\/\/www.telerama.fr\/cinema\/borgo-de-stephane-demoustier-un-vertigineux-polar-psychologique-en-milieu-carceral-1138_cri-7032178.php\" rel=\"nofollow noopener\">Borgo<\/a> (73\u00a0000 entr\u00e9es en\u00a02024). Les tr\u00e8s bons premiers retours du public ouvrent la voie \u00e0 un bouche-\u00e0-oreille favorable.<\/p>\n<p class=\"paragraph\">D\u00e9ception, en revanche, pour le film de Thomas Kruithof avec Virginie Efira sur le mouvement des Gilets jaunes, <a target=\"_blank\" href=\"https:\/\/www.telerama.fr\/cinema\/les-braises-thomas-kruithof-mele-avec-finesse-l-intime-et-le-politique-dans-ce-beau-drame-social_cri-7041368.php\" rel=\"nofollow noopener\">Les Braises<\/a>, qui n\u2019a attir\u00e9 que 44\u00a0000 curieux dans 300 cin\u00e9mas. C\u2019est largement derri\u00e8re <a target=\"_blank\" href=\"https:\/\/www.telerama.fr\/cinema\/les-promesses-7008743.php\" rel=\"nofollow noopener\">Les Promesses<\/a> (104\u00a0000 entr\u00e9es en\u00a02022) du m\u00eame r\u00e9alisateur. Sorti dans 85 salles, le drame historique du r\u00e9alisateur ukrainien Sergei Loznitsa, <a target=\"_blank\" href=\"https:\/\/www.telerama.fr\/cinema\/deux-procureurs-le-cauchemar-kafkaien-de-sergei-loznitsa_cri-7041366.php\" rel=\"nofollow noopener\">Deux Procureurs,<\/a> est quant \u00e0 lui parvenu \u00e0 trouver son public (21\u00a0000 entr\u00e9es).<\/p>\n<p class=\"paragraph\">Du c\u00f4t\u00e9 des continuations, les films Art et Essai tricolores, <a target=\"_blank\" href=\"https:\/\/www.telerama.fr\/cinema\/la-femme-la-plus-riche-du-monde-isabelle-huppert-a-la-tete-d-un-casting-aussi-monstrueux-que-flamboyant-5642_cri-7041272.php\" rel=\"nofollow noopener\">La Femme la plus riche du monde<\/a> et <a target=\"_blank\" href=\"https:\/\/www.telerama.fr\/cinema\/l-etranger-revu-par-francois-ozon-avec-benjamin-voisin-camus-incarne-a-l-ecran-comme-jamais-5725_cri-7041262.php\" rel=\"nofollow noopener\">L\u2019Etranger<\/a>, s\u2019assurent un bon maintien, occupant d\u00e9sormais les troisi\u00e8me et quatri\u00e8me rangs du classement, et cumulant respectivement 480\u00a0000\u00a0et 376\u00a0000 entr\u00e9es en 12 jours. Un autre film d\u2019auteur fran\u00e7ais, <a target=\"_blank\" href=\"https:\/\/www.telerama.fr\/cinema\/la-petite-derniere-d-hafsia-herzi-le-bouleversant-recit-de-l-emancipation-d-une-ado-lesbienne-et-musulmane-0621_cri-7041166.php\" rel=\"nofollow noopener\">La Petite Derni\u00e8re<\/a> d\u2019Hafsia Herzi, vient compl\u00e9ter ce panorama flatteur avec une excellente tenue lors de son troisi\u00e8me week-end et le cap des 300\u00a0000 entr\u00e9es franchi.<\/p>\n<p class=\"paragraph\">Dans l\u2019ensemble des salles obscures, la situation s\u2019enfonce\u00a0: avec seulement 2\u00a0millions de tickets vendus en cinq jours, le d\u00e9ficit de fr\u00e9quentation atteint 1,15\u00a0million de billets sur l\u2019ann\u00e9e derni\u00e8re au m\u00eame moment.<\/p>\n<p class=\"edito__prefixe\">   \u00c0 lire aussi :   <\/p>\n<p class=\"edito__text-container\">   <a alt=\"Lire aussi\" href=\"https:\/\/www.telerama.fr\/cinema\/box-office-la-femme-la-plus-riche-du-monde-se-frotte-les-mains-yoroi-deraille-7028122.php\" class=\"article__title--edito\" rel=\"nofollow noopener\" target=\"_blank\">Box-office\u00a0: \u201cLa Femme la plus riche du monde\u201d se frotte les mains, \u201cYoro\u00ef\u201d d\u00e9raille<\/a>  <\/p>\n","protected":false},"excerpt":{"rendered":"Tandis que la com\u00e9die de J\u00e9r\u00f4me Commandeur caracole en t\u00eate, l\u2019\u00e9tonnant suspense architectural de St\u00e9phane Demoustier tire son&hellip;\n","protected":false},"author":2,"featured_media":526987,"comment_status":"","ping_status":"","sticky":false,"template":"","format":"standard","meta":{"footnotes":""},"categories":[1354],"tags":[58,59,1346,1011,27,1360],"class_list":{"0":"post-526986","1":"post","2":"type-post","3":"status-publish","4":"format-standard","5":"has-post-thumbnail","7":"category-films","8":"tag-divertissement","9":"tag-entertainment","10":"tag-films","11":"tag-fr","12":"tag-france","13":"tag-movies"},"share_on_mastodon":{"url":"https:\/\/pubeurope.com\/@fr\/115530774588132420","error":""},"_links":{"self":[{"href":"https:\/\/www.europesays.com\/fr\/wp-json\/wp\/v2\/posts\/526986","targetHints":{"allow":["GET"]}}],"collection":[{"href":"https:\/\/www.europesays.com\/fr\/wp-json\/wp\/v2\/posts"}],"about":[{"href":"https:\/\/www.europesays.com\/fr\/wp-json\/wp\/v2\/types\/post"}],"author":[{"embeddable":true,"href":"https:\/\/www.europesays.com\/fr\/wp-json\/wp\/v2\/users\/2"}],"replies":[{"embeddable":true,"href":"https:\/\/www.europesays.com\/fr\/wp-json\/wp\/v2\/comments?post=526986"}],"version-history":[{"count":0,"href":"https:\/\/www.europesays.com\/fr\/wp-json\/wp\/v2\/posts\/526986\/revisions"}],"wp:featuredmedia":[{"embeddable":true,"href":"https:\/\/www.europesays.com\/fr\/wp-json\/wp\/v2\/media\/526987"}],"wp:attachment":[{"href":"https:\/\/www.europesays.com\/fr\/wp-json\/wp\/v2\/media?parent=526986"}],"wp:term":[{"taxonomy":"category","embeddable":true,"href":"https:\/\/www.europesays.com\/fr\/wp-json\/wp\/v2\/categories?post=526986"},{"taxonomy":"post_tag","embeddable":true,"href":"https:\/\/www.europesays.com\/fr\/wp-json\/wp\/v2\/tags?post=526986"}],"curies":[{"name":"wp","href":"https:\/\/api.w.org\/{rel}","templated":true}]}}