{"id":526988,"date":"2025-11-11T11:14:11","date_gmt":"2025-11-11T11:14:11","guid":{"rendered":"https:\/\/www.europesays.com\/fr\/526988\/"},"modified":"2025-11-11T11:14:11","modified_gmt":"2025-11-11T11:14:11","slug":"la-frequence-de-lavage-naurait-aucune-incidence-sur-leczema-selon-une-etude","status":"publish","type":"post","link":"https:\/\/www.europesays.com\/fr\/526988\/","title":{"rendered":"La fr\u00e9quence de lavage n\u2019aurait aucune incidence sur l\u2019ecz\u00e9ma, selon une \u00e9tude"},"content":{"rendered":"<p>Faut-il espacer les douches pour m\u00e9nager sa peau, ou au contraire se laver plus souvent pour \u00e9viter les irritations? Une nouvelle \u00e9tude men\u00e9e \u00e0 l\u2019Universit\u00e9 de Nottingham vient bousculer des id\u00e9es re\u00e7ues: le rythme des lavages ne change rien \u00e0 la s\u00e9v\u00e9rit\u00e9 de l\u2019ecz\u00e9ma.<\/p>\n<p>Les chercheurs britanniques ont suivi pr\u00e8s de 500 personnes atteintes de dermatite atopique pendant quatre semaines. La moiti\u00e9 d\u2019entre elles se lavaient quotidiennement, l\u2019autre une \u00e0 deux fois par semaine. R\u00e9sultat: aucune diff\u00e9rence notable dans l\u2019\u00e9volution des sympt\u00f4mes. La peau demeure tout aussi sensible, quel que soit le rythme des lavages.<\/p>\n<p>En Suisse, cette conclusion concerne directement des milliers de personnes. Selon le Centre suisse pour les allergies et l\u2019asthme, pr\u00e8s d\u2019un enfant sur cinq et environ 5% des adultes sont touch\u00e9s par l\u2019ecz\u00e9ma, une maladie chronique qui alt\u00e8re fortement la qualit\u00e9 de vie.<\/p>\n<p>Des traitements de plus en plus cibl\u00e9s<\/p>\n<p>Si le lavage n\u2019a pas d\u2019influence sur la gravit\u00e9 des sympt\u00f4mes, les traitements, eux, continuent de progresser. Des th\u00e9rapies dites \u00ab\u00a0biologiques\u00a0\u00bb comme le dupilumab, d\u00e9j\u00e0 autoris\u00e9 en Suisse, agissent sur l\u2019inflammation et permettent d\u2019espacer les crises. D\u2019autres m\u00e9dicaments, tels que le nemolizumab, r\u00e9cemment approuv\u00e9 dans l\u2019Union europ\u00e9enne, ciblent la prot\u00e9ine responsable des d\u00e9mangeaisons et offrent des r\u00e9sultats tr\u00e8s prometteurs.<\/p>\n<p>Mais ces traitements ne gu\u00e9rissent pas la maladie: ils stabilisent la peau et espacent les crises. Les experts rappellent que la dermatite atopique reste une maladie chronique \u00e9volutive, avec des phases de pouss\u00e9 et de r\u00e9mission.<\/p>\n<p>L\u2019enjeu d\u00e9sormais est de mieux comprendre le syst\u00e8me immunitaire pour parvenir \u00e0 r\u00e9\u00e9quilibrer durablement la peau et offrir aux patients une vie quotidienne moins entrav\u00e9e.<\/p>\n<p class=\"sources\">Zo\u00e9 Decker\/hkr<\/p>\n","protected":false},"excerpt":{"rendered":"Faut-il espacer les douches pour m\u00e9nager sa peau, ou au contraire se laver plus souvent pour \u00e9viter les&hellip;\n","protected":false},"author":2,"featured_media":526989,"comment_status":"","ping_status":"","sticky":false,"template":"","format":"standard","meta":{"footnotes":""},"categories":[10],"tags":[352,7078,1011,27,72,226,33202,9854,26345,9303,71,767,3067,16420,64627],"class_list":{"0":"post-526988","1":"post","2":"type-post","3":"status-publish","4":"format-standard","5":"has-post-thumbnail","7":"category-sante","8":"tag-crise","9":"tag-etude","10":"tag-fr","11":"tag-france","12":"tag-health","13":"tag-maladie","14":"tag-maladies-et-etat-de-sante","15":"tag-peau","16":"tag-recherche-medicale","17":"tag-recherche-scientifique","18":"tag-sante","19":"tag-science-et-technologie","20":"tag-suisse","21":"tag-symptome","22":"tag-universite-de-nottingham"},"share_on_mastodon":{"url":"https:\/\/pubeurope.com\/@fr\/115530777558277678","error":""},"_links":{"self":[{"href":"https:\/\/www.europesays.com\/fr\/wp-json\/wp\/v2\/posts\/526988","targetHints":{"allow":["GET"]}}],"collection":[{"href":"https:\/\/www.europesays.com\/fr\/wp-json\/wp\/v2\/posts"}],"about":[{"href":"https:\/\/www.europesays.com\/fr\/wp-json\/wp\/v2\/types\/post"}],"author":[{"embeddable":true,"href":"https:\/\/www.europesays.com\/fr\/wp-json\/wp\/v2\/users\/2"}],"replies":[{"embeddable":true,"href":"https:\/\/www.europesays.com\/fr\/wp-json\/wp\/v2\/comments?post=526988"}],"version-history":[{"count":0,"href":"https:\/\/www.europesays.com\/fr\/wp-json\/wp\/v2\/posts\/526988\/revisions"}],"wp:featuredmedia":[{"embeddable":true,"href":"https:\/\/www.europesays.com\/fr\/wp-json\/wp\/v2\/media\/526989"}],"wp:attachment":[{"href":"https:\/\/www.europesays.com\/fr\/wp-json\/wp\/v2\/media?parent=526988"}],"wp:term":[{"taxonomy":"category","embeddable":true,"href":"https:\/\/www.europesays.com\/fr\/wp-json\/wp\/v2\/categories?post=526988"},{"taxonomy":"post_tag","embeddable":true,"href":"https:\/\/www.europesays.com\/fr\/wp-json\/wp\/v2\/tags?post=526988"}],"curies":[{"name":"wp","href":"https:\/\/api.w.org\/{rel}","templated":true}]}}