{"id":527002,"date":"2025-11-11T11:22:13","date_gmt":"2025-11-11T11:22:13","guid":{"rendered":"https:\/\/www.europesays.com\/fr\/527002\/"},"modified":"2025-11-11T11:22:13","modified_gmt":"2025-11-11T11:22:13","slug":"exercer-comme-un-entrepreneur-en-etant-salarie-cest-possible","status":"publish","type":"post","link":"https:\/\/www.europesays.com\/fr\/527002\/","title":{"rendered":"exercer comme un entrepreneur en \u00e9tant salari\u00e9, c\u2019est possible"},"content":{"rendered":"<p>14,7\u00a0millions de Fran\u00e7ais disent vouloir cr\u00e9er ou reprendre un jour une entreprise (*). L\u2019envie d\u2019entreprendre n\u2019est donc plus \u00e0 d\u00e9montrer.<\/p>\n<p>Mais entre le souhait affich\u00e9 et la concr\u00e9tisation, il y a un (grand) pas que beaucoup n\u2019osent pas franchir\u00a0: la peur de ne pas \u00eatre assez comp\u00e9tent pour g\u00e9rer tous les aspects de la vie d\u2019une entreprise (notamment l\u2019administratif, le commercial,\u00a0etc.), la peur d\u2019\u00e9chouer et de se retrouver sans le sou (puisque les entrepreneurs disposent d\u2019une tr\u00e8s faible couverture sociale), la peur de se retrouver isol\u00e9\u2026<\/p>\n<p>Bref, des craintes multiples qui peuvent paralyser pour longtemps, voire toujours, des entrepreneurs en devenir. C\u2019est justement \u00e0 ces angoisses que le mod\u00e8le de coop\u00e9rative d\u2019activit\u00e9 et d\u2019emploi, soutenu par les collectivit\u00e9s locales et&#8230;<\/p>\n","protected":false},"excerpt":{"rendered":"14,7\u00a0millions de Fran\u00e7ais disent vouloir cr\u00e9er ou reprendre un jour une entreprise (*). L\u2019envie d\u2019entreprendre n\u2019est donc plus&hellip;\n","protected":false},"author":2,"featured_media":527003,"comment_status":"","ping_status":"","sticky":false,"template":"","format":"standard","meta":{"footnotes":""},"categories":[9653],"tags":[1111,11,2430,33,7539,1777,674,107,1011,27,4002,3367,12,25,4001,7538],"class_list":{"0":"post-527002","1":"post","2":"type-post","3":"status-publish","4":"format-standard","5":"has-post-thumbnail","7":"category-saint-etienne","8":"tag-actu","9":"tag-actualites","10":"tag-auvergne-rhone-alpes","11":"tag-economie","12":"tag-edition-loire-sud","13":"tag-eu","14":"tag-europe","15":"tag-fil-info","16":"tag-fr","17":"tag-france","18":"tag-haute-loire","19":"tag-loire","20":"tag-news","21":"tag-republique-francaise","22":"tag-saint-etienne","23":"tag-saint-etienne-ville"},"share_on_mastodon":{"url":"https:\/\/pubeurope.com\/@fr\/115530808987401055","error":""},"_links":{"self":[{"href":"https:\/\/www.europesays.com\/fr\/wp-json\/wp\/v2\/posts\/527002","targetHints":{"allow":["GET"]}}],"collection":[{"href":"https:\/\/www.europesays.com\/fr\/wp-json\/wp\/v2\/posts"}],"about":[{"href":"https:\/\/www.europesays.com\/fr\/wp-json\/wp\/v2\/types\/post"}],"author":[{"embeddable":true,"href":"https:\/\/www.europesays.com\/fr\/wp-json\/wp\/v2\/users\/2"}],"replies":[{"embeddable":true,"href":"https:\/\/www.europesays.com\/fr\/wp-json\/wp\/v2\/comments?post=527002"}],"version-history":[{"count":0,"href":"https:\/\/www.europesays.com\/fr\/wp-json\/wp\/v2\/posts\/527002\/revisions"}],"wp:featuredmedia":[{"embeddable":true,"href":"https:\/\/www.europesays.com\/fr\/wp-json\/wp\/v2\/media\/527003"}],"wp:attachment":[{"href":"https:\/\/www.europesays.com\/fr\/wp-json\/wp\/v2\/media?parent=527002"}],"wp:term":[{"taxonomy":"category","embeddable":true,"href":"https:\/\/www.europesays.com\/fr\/wp-json\/wp\/v2\/categories?post=527002"},{"taxonomy":"post_tag","embeddable":true,"href":"https:\/\/www.europesays.com\/fr\/wp-json\/wp\/v2\/tags?post=527002"}],"curies":[{"name":"wp","href":"https:\/\/api.w.org\/{rel}","templated":true}]}}