{"id":527010,"date":"2025-11-11T11:26:10","date_gmt":"2025-11-11T11:26:10","guid":{"rendered":"https:\/\/www.europesays.com\/fr\/527010\/"},"modified":"2025-11-11T11:26:10","modified_gmt":"2025-11-11T11:26:10","slug":"xv-de-france-baptiste-erdocio-forfait-pour-les-fidji-dany-priso-integre-le-groupe-sport","status":"publish","type":"post","link":"https:\/\/www.europesays.com\/fr\/527010\/","title":{"rendered":"XV de France. Baptiste Erdocio forfait pour les Fidji, Dany Priso int\u00e8gre le groupe . Sport"},"content":{"rendered":"<p>Pr\u00e9f\u00e9r\u00e9 \u00e0 Jean-Baptiste Gros, le pilier gauche Baptiste Erdocio a v\u00e9cu une troisi\u00e8me s\u00e9lection avec le XV de France pour le moins compliqu\u00e9e <a href=\"https:\/\/rennes.maville.com\/sport\/detail_-france-afrique-du-sud.-melee-depassee-indiscipline...-ce-qui-a-manque-aux-bleus-surclasses-par-les-springboks-_54135-7056012_actu.Htm\" target=\"_self\" rel=\"noopener\">face \u00e0 l\u2019Afrique du Sud (17-32)<\/a>. Le Montpelli\u00e9rain de 25\u00a0ans qui avait fait ses d\u00e9buts en Nouvelle-Z\u00e9lande en juillet, n\u2019encha\u00eenera pas face aux Fidji, samedi 15\u00a0novembre.<\/p>\n<p>Priso en forme avec le RC Toulon<\/p>\n<p>En effet, Erdocio a \u00e9t\u00e9 contraint de d\u00e9clarer forfait ce mardi. Dany Priso (22\u00a0s\u00e9lections, 31\u00a0ans) est donc rappel\u00e9 dans le groupe \u00e9largi dont il \u00e9tait un habitu\u00e9 l\u2019ann\u00e9e derni\u00e8re, m\u00eame si sa derni\u00e8re s\u00e9lection remonte \u00e0 2022.<\/p>\n<p>Priso, pilier gauche, a travaill\u00e9 cette saison pour \u00eatre capable de jouer \u00e0 droite avec son club de Toulon. Il a jou\u00e9 huit des neuf premiers matches de la saison avec les Toulonnais, \u00e0 \u00e9galit\u00e9 de points avec le leader Toulouse en Top 14, y compris le match en retard contre la Rochelle samedi (39-14), contre qui il a marqu\u00e9 un essai.<\/p>\n<p>Lire aussi\u00a0:<a href=\"https:\/\/rennes.maville.com\/sport\/detail_-xv-de-france.-alldritt-de-retour-la-charniere-le-garrec-ntamack-reconduite-la-compo-probable-des-bleus-face-au-fidji-_54135-7057985_actu.Htm\" target=\"_self\" rel=\"noopener\"> XV de France. Alldritt de retour, la charni\u00e8re Le Garrec-Ntamack reconduite\u00a0? La compo probable des Bleus face au Fidji<\/a> <\/p>\n<p>Les joueurs de Fabien Galthi\u00e9 affrontent les Fidji samedi \u00e0 Bordeaux, puis l\u2019Australie une semaine plus tard au Stade de France.<\/p>\n<p>\u00a0<\/p>\n","protected":false},"excerpt":{"rendered":"Pr\u00e9f\u00e9r\u00e9 \u00e0 Jean-Baptiste Gros, le pilier gauche Baptiste Erdocio a v\u00e9cu une troisi\u00e8me s\u00e9lection avec le XV de&hellip;\n","protected":false},"author":2,"featured_media":527011,"comment_status":"","ping_status":"","sticky":false,"template":"","format":"standard","meta":{"footnotes":""},"categories":[9619],"tags":[1111,11,3809,1465,1777,674,63,1011,27,1792,1922,12,882,25,479,517,2310,1470],"class_list":{"0":"post-527010","1":"post","2":"type-post","3":"status-publish","4":"format-standard","5":"has-post-thumbnail","7":"category-toulon","8":"tag-actu","9":"tag-actualites","10":"tag-ball","11":"tag-basket","12":"tag-eu","13":"tag-europe","14":"tag-football","15":"tag-fr","16":"tag-france","17":"tag-handball","18":"tag-info","19":"tag-news","20":"tag-provence-alpes-cote-dazur","21":"tag-republique-francaise","22":"tag-rugby","23":"tag-sport","24":"tag-toulon","25":"tag-volley"},"share_on_mastodon":{"url":"https:\/\/pubeurope.com\/@fr\/115530824665668203","error":""},"_links":{"self":[{"href":"https:\/\/www.europesays.com\/fr\/wp-json\/wp\/v2\/posts\/527010","targetHints":{"allow":["GET"]}}],"collection":[{"href":"https:\/\/www.europesays.com\/fr\/wp-json\/wp\/v2\/posts"}],"about":[{"href":"https:\/\/www.europesays.com\/fr\/wp-json\/wp\/v2\/types\/post"}],"author":[{"embeddable":true,"href":"https:\/\/www.europesays.com\/fr\/wp-json\/wp\/v2\/users\/2"}],"replies":[{"embeddable":true,"href":"https:\/\/www.europesays.com\/fr\/wp-json\/wp\/v2\/comments?post=527010"}],"version-history":[{"count":0,"href":"https:\/\/www.europesays.com\/fr\/wp-json\/wp\/v2\/posts\/527010\/revisions"}],"wp:featuredmedia":[{"embeddable":true,"href":"https:\/\/www.europesays.com\/fr\/wp-json\/wp\/v2\/media\/527011"}],"wp:attachment":[{"href":"https:\/\/www.europesays.com\/fr\/wp-json\/wp\/v2\/media?parent=527010"}],"wp:term":[{"taxonomy":"category","embeddable":true,"href":"https:\/\/www.europesays.com\/fr\/wp-json\/wp\/v2\/categories?post=527010"},{"taxonomy":"post_tag","embeddable":true,"href":"https:\/\/www.europesays.com\/fr\/wp-json\/wp\/v2\/tags?post=527010"}],"curies":[{"name":"wp","href":"https:\/\/api.w.org\/{rel}","templated":true}]}}