{"id":527013,"date":"2025-11-11T11:28:14","date_gmt":"2025-11-11T11:28:14","guid":{"rendered":"https:\/\/www.europesays.com\/fr\/527013\/"},"modified":"2025-11-11T11:28:14","modified_gmt":"2025-11-11T11:28:14","slug":"amaury-et-auriane-hennebert-une-histoire-vraie-et-le-mikve-medieval","status":"publish","type":"post","link":"https:\/\/www.europesays.com\/fr\/527013\/","title":{"rendered":"Amaury et Auriane Hennebert \u00ab\u00a0Une histoire vraie\u00a0\u00bb et le mikv\u00e9 m\u00e9di\u00e9val"},"content":{"rendered":"<p>            Par<br \/>\n        <strong><br \/>\n            <a href=\"https:\/\/actu.fr\/auteur\/metropoop\" title=\"Consulter tous les articles de R\u00e9daction M\u00e9tropolitain\" target=\"_blank\" rel=\"noopener\">R\u00e9daction M\u00e9tropolitain<\/a><br \/>\n        <\/strong><\/p>\n<p>        Publi\u00e9 le<\/p>\n<p>            11 nov. 2025 \u00e0 11h33        <\/p>\n<p>Comme chaque semaine,<strong> l\u2019hebdomadaire M\u00e9tropolitain<\/strong> vous propose un autre regard sur <strong>l\u2019actualit\u00e9 de Montpellier et de l\u2019H\u00e9rault<\/strong>. D\u00e9couvrez le sommaire de notre nouveau num\u00e9ro.<\/p>\n<p>\u00c0 la Une<\/p>\n<p class=\" wall-content\">Le nouveau chapitre de leur histoire est en train de s\u2019\u00e9crire. Et nous allons tous prendre part \u00e0 la toute premi\u00e8re page de ce dernier, qui s\u2019ouvrira le 13 novembre prochain avec l\u2019inauguration officielle de leur nouvelle boutique, rue de la Loge, \u00e0 Montpellier. \u00c0 cette occasion, toute la famille Hennebert (compos\u00e9e de Florence, la m\u00e8re ; Edouard, le p\u00e8re ; Amaury et Auriane, les deux enfants) sera r\u00e9unie pour d\u00e9voiler \u00ab\u00a0L\u2019\u00c9cusson de Montpellier\u00a0\u00bb, un petit biscuit gourmand, mais au caract\u00e8re puissant, qui pourrait leur permettre de r\u00e9aliser un r\u00eave de longue date : celui d\u2019offrir enfin \u00e0 Montpellier un produit iconique \u00ab\u00a0qui n\u2019existe qu\u2019ici\u00a0\u00bb, mais qui puisse faire parler de nous tr\u00e8s loin. Oubli\u00e9e, l\u2019aventure Cure Gourmande. Avec D\u00e9lices des anges, les Hennebert reviennent \u00e0 l\u2019essentiel : l\u2019artisanat, le terroir et une certaine id\u00e9e de la gourmandise familiale. Rencontre avec des passionn\u00e9s que nous remercions d\u00e9j\u00e0 pour un premier miracle : celui de nous faire assumer, sans complexe, notre p\u00e9ch\u00e9 de gourmandise\u2026<\/p>\n<p>News.<\/p>\n<p class=\" wall-content\"><strong>\u00c0 Montpellier, sacr\u00e9 cocktail<\/strong> : pesticides, perturbateurs endocriniens et PFAS polluent l\u2019atmosph\u00e8re<\/p>\n<p class=\" wall-content\"><strong>Le Pays de l\u2019Or<\/strong> p\u00e9dale vers une mobilit\u00e9 durable gr\u00e2ce \u00e0 \u00ab\u00a0P\u00e9pite\u00a0\u00bb<\/p>\n<p class=\" wall-content\"><strong>La vid\u00e9o de la semaine<\/strong> : d\u00e9pister le cancer colorectal soi-m\u00eame, le guide pratique<\/p>\n<p class=\" wall-content\"><strong>Quel est cet am\u00e9nagement symbolique<\/strong> sur la place des Martyrs de la R\u00e9sistance ?<\/p>\n<p>Vid\u00e9os : en ce moment sur ActuLifestyle.<\/p>\n<p class=\" wall-content\"><strong>Le mikv\u00e9 m\u00e9di\u00e9val<\/strong> au coeur d\u2019un mus\u00e9e aux grandes ambitions<\/p>\n<p>Votre r\u00e9gion, votre actu !<\/p>\n<p>Recevez chaque jour les infos qui comptent pour vous.<\/p>\n<p>\t<a href=\"https:\/\/actu.fr\/newsletter\" class=\"ac-btn ac-btn--corner ac-btn--medium ac-btn--blue800\" target=\"_blank\" rel=\"noopener\">S&rsquo;incrire<\/a><\/p>\n<p class=\" wall-content\"><strong>Essai auto<\/strong> : Corvette E-Ray<\/p>\n<p class=\" wall-content\"><strong>S\u00e9lection caviste<\/strong> : Domaine Le Chemin<\/p>\n<p>\u00c9co.<\/p>\n<p class=\" wall-content\"><strong>H\u00e9rault :<\/strong> quelles sont les quatre tr\u00e8s petites entreprises laur\u00e9ates des CCI ?<\/p>\n<p>Annonces l\u00e9gales<\/p>\n<p class=\" wall-content\"><strong>O\u00f9 le trouver ?<\/strong><\/p>\n<p class=\" wall-content\">Le magazine M\u00e9tropolitain est disponible gratuitement chaque semaine dans plus de 350 points de passage dans le d\u00e9partement de l\u2019H\u00e9rault. M\u00e9tropolitain est \u00e9galement le seul titre de presse disponible en libre-service au sein des halls d\u2019embarquement des a\u00e9roports de Montpellier et de B\u00e9ziers. Il est bien s\u00fbr possible de s\u2019abonner, afin de le recevoir directement chez soi. Aussi, toutes les semaines, retrouvez en ligne la version digitale,\u00a0<a href=\"https:\/\/v.calameo.com\/library\/?type=account&amp;id=5794458&amp;rows=1&amp;sortBy=latestPublished&amp;theme=wood&amp;bgColor=&amp;thumbSize=large&amp;showTitle=true&amp;showShadow=true&amp;showGloss=true&amp;showInfo=account&amp;linkTo=view&amp;linkTarget=_blank\" target=\"_blank\" rel=\"noopener\">consultable sur notre site.<\/a><\/p>\n<p class=\" wall-content\">Personnalisez votre actualit\u00e9 en ajoutant vos villes et m\u00e9dias en favori avec <a href=\"https:\/\/moncompte.actu.fr\" title=\"D\u00e9couvez Mon Actu\" rel=\"nofollow noopener\" data-trk=\"{&quot;cta&quot;:{&quot;action&quot;:&quot;https:\\\/\\\/moncompte.actu.fr&quot;,&quot;category&quot;:&quot;mon compte&quot;,&quot;from&quot;:&quot;article footer&quot;,&quot;name&quot;:&quot;Mon actu&quot;,&quot;type&quot;:&quot;cta&quot;}}\" target=\"_blank\">Mon Actu<\/a>.<\/p>\n","protected":false},"excerpt":{"rendered":"Par R\u00e9daction M\u00e9tropolitain Publi\u00e9 le 11 nov. 2025 \u00e0 11h33 Comme chaque semaine, l\u2019hebdomadaire M\u00e9tropolitain vous propose un&hellip;\n","protected":false},"author":2,"featured_media":527014,"comment_status":"","ping_status":"","sticky":false,"template":"","format":"standard","meta":{"footnotes":""},"categories":[9599],"tags":[1111,11,258,1777,674,1011,27,2208,12,2680,1800,25,104,208],"class_list":{"0":"post-527013","1":"post","2":"type-post","3":"status-publish","4":"format-standard","5":"has-post-thumbnail","7":"category-montpellier","8":"tag-actu","9":"tag-actualites","10":"tag-alimentation","11":"tag-eu","12":"tag-europe","13":"tag-fr","14":"tag-france","15":"tag-montpellier","16":"tag-news","17":"tag-occitanie","18":"tag-pollution","19":"tag-republique-francaise","20":"tag-societe","21":"tag-velo"},"share_on_mastodon":{"url":"https:\/\/pubeurope.com\/@fr\/115530832581858636","error":""},"_links":{"self":[{"href":"https:\/\/www.europesays.com\/fr\/wp-json\/wp\/v2\/posts\/527013","targetHints":{"allow":["GET"]}}],"collection":[{"href":"https:\/\/www.europesays.com\/fr\/wp-json\/wp\/v2\/posts"}],"about":[{"href":"https:\/\/www.europesays.com\/fr\/wp-json\/wp\/v2\/types\/post"}],"author":[{"embeddable":true,"href":"https:\/\/www.europesays.com\/fr\/wp-json\/wp\/v2\/users\/2"}],"replies":[{"embeddable":true,"href":"https:\/\/www.europesays.com\/fr\/wp-json\/wp\/v2\/comments?post=527013"}],"version-history":[{"count":0,"href":"https:\/\/www.europesays.com\/fr\/wp-json\/wp\/v2\/posts\/527013\/revisions"}],"wp:featuredmedia":[{"embeddable":true,"href":"https:\/\/www.europesays.com\/fr\/wp-json\/wp\/v2\/media\/527014"}],"wp:attachment":[{"href":"https:\/\/www.europesays.com\/fr\/wp-json\/wp\/v2\/media?parent=527013"}],"wp:term":[{"taxonomy":"category","embeddable":true,"href":"https:\/\/www.europesays.com\/fr\/wp-json\/wp\/v2\/categories?post=527013"},{"taxonomy":"post_tag","embeddable":true,"href":"https:\/\/www.europesays.com\/fr\/wp-json\/wp\/v2\/tags?post=527013"}],"curies":[{"name":"wp","href":"https:\/\/api.w.org\/{rel}","templated":true}]}}