{"id":527017,"date":"2025-11-11T11:30:14","date_gmt":"2025-11-11T11:30:14","guid":{"rendered":"https:\/\/www.europesays.com\/fr\/527017\/"},"modified":"2025-11-11T11:30:14","modified_gmt":"2025-11-11T11:30:14","slug":"le-marche-de-noel-de-rouen-50-chalets-du-vin-chaud-et-la-magie-de-decembre","status":"publish","type":"post","link":"https:\/\/www.europesays.com\/fr\/527017\/","title":{"rendered":"Le March\u00e9 de No\u00ebl de Rouen : 50 Chalets, du Vin Chaud et la Magie de D\u00e9cembre."},"content":{"rendered":"<p>            Ambiance festive, chalets enchanteurs et douceurs gourmandes sur le parvis de la cath\u00e9drale : tout ce qu\u2019il faut savoir pour ne pas rater le rendez-vous.<\/p>\n<p>Bon, on ne va pas se le cacher : cette p\u00e9riode o\u00f9 les rues se decorent, o\u00f9 \u00e7a sent bon la cannelle et le vin chaud\u2026 c\u2019est notre petite drogue \u00e0 tous, non ? Et bonne nouvelle pour les Rouennais : <strong>le march\u00e9 de No\u00ebl de Rouen rouvre ses portes<\/strong> \u00e0 partir du <strong>21 novembre<\/strong>, et c\u2019est clairement le truc \u00e0 mettre dans l\u2019agenda.<\/p>\n<p>Des petites cabanes blanches comme sorties d\u2019un conte de f\u00e9es<\/p>\n<p>Imaginez la sc\u00e8ne : vous d\u00e9barquez sur le <strong>parvis de la cath\u00e9drale<\/strong> en fin d\u2019apr\u00e8s-midi, et l\u00e0, <strong>une cinquantaine de petites cabanes blanches par\u00e9es de guirlandes<\/strong> vous attendent comme des coffrets cadeau g\u00e9ants. S\u00e9rieusement, c\u2019est l\u2019endroit parfait pour fl\u00e2ner entre potes, avec sa moiti\u00e9 ou en solo en siroitant un bon verre de <strong>vin chaud<\/strong>.<\/p>\n<p>Du terroir, de l\u2019artisanal, du vrai<\/p>\n<p>Ici, pas de bazar chinois. Les <strong>50 chalets proposeront des produits locaux<\/strong>, des cr\u00e9ations authentiques et de qualit\u00e9. On parle de bons trucs : des gourmandises faites main, du terroir normand, des petites merveilles pour les cadeaux de derni\u00e8re minute. <\/p>\n<p>Pratique : voici les horaires pour bien l\u2019organiser<\/p>\n<p>Histoire de vous faciliter la vie, voil\u00e0 le timing :<\/p>\n<p style=\"margin: 0; color: #000000; font-size: 16px; font-weight: bold;\">\u00c0 voir aussi sur Rouen Bouge<\/p>\n<\/p>\n<p>                    \u2716\n                <\/p>\n<ul class=\"wp-block-list\">\n<li><strong>Lundi<\/strong> : 14h00 \u2013 20h00<\/li>\n<li><strong>Mardi au jeudi<\/strong> : 11h00 \u2013 20h00<\/li>\n<li><strong>Vendredi<\/strong> : 11h00 \u2013 21h00 (l\u2019effet TGIF, \u00e7a joue)<\/li>\n<li><strong>Samedi<\/strong> : 10h00 \u2013 21h00 (parfait pour les grasses mat\u2019)<\/li>\n<li><strong>Dimanche<\/strong> : 10h00 \u2013 20h00<\/li>\n<li><strong>Mardi 24 d\u00e9cembre<\/strong> : 10h00 \u2013 18h00 (ajustement pour la veille de No\u00ebl)<\/li>\n<\/ul>\n<p><strong>\u00c0 noter<\/strong> : \u00e7a s\u2019\u00e9tire du <strong>21 novembre au 28 d\u00e9cembre<\/strong>, donc vous avez large pour vous y faire.<\/p>\n","protected":false},"excerpt":{"rendered":"Ambiance festive, chalets enchanteurs et douceurs gourmandes sur le parvis de la cath\u00e9drale : tout ce qu\u2019il faut&hellip;\n","protected":false},"author":2,"featured_media":527018,"comment_status":"","ping_status":"","sticky":false,"template":"","format":"standard","meta":{"footnotes":""},"categories":[9587],"tags":[1111,11,1777,674,1011,27,12,5161,25,9590],"class_list":{"0":"post-527017","1":"post","2":"type-post","3":"status-publish","4":"format-standard","5":"has-post-thumbnail","7":"category-rouen","8":"tag-actu","9":"tag-actualites","10":"tag-eu","11":"tag-europe","12":"tag-fr","13":"tag-france","14":"tag-news","15":"tag-normandie","16":"tag-republique-francaise","17":"tag-rouen"},"share_on_mastodon":{"url":"https:\/\/pubeurope.com\/@fr\/115530840518369573","error":""},"_links":{"self":[{"href":"https:\/\/www.europesays.com\/fr\/wp-json\/wp\/v2\/posts\/527017","targetHints":{"allow":["GET"]}}],"collection":[{"href":"https:\/\/www.europesays.com\/fr\/wp-json\/wp\/v2\/posts"}],"about":[{"href":"https:\/\/www.europesays.com\/fr\/wp-json\/wp\/v2\/types\/post"}],"author":[{"embeddable":true,"href":"https:\/\/www.europesays.com\/fr\/wp-json\/wp\/v2\/users\/2"}],"replies":[{"embeddable":true,"href":"https:\/\/www.europesays.com\/fr\/wp-json\/wp\/v2\/comments?post=527017"}],"version-history":[{"count":0,"href":"https:\/\/www.europesays.com\/fr\/wp-json\/wp\/v2\/posts\/527017\/revisions"}],"wp:featuredmedia":[{"embeddable":true,"href":"https:\/\/www.europesays.com\/fr\/wp-json\/wp\/v2\/media\/527018"}],"wp:attachment":[{"href":"https:\/\/www.europesays.com\/fr\/wp-json\/wp\/v2\/media?parent=527017"}],"wp:term":[{"taxonomy":"category","embeddable":true,"href":"https:\/\/www.europesays.com\/fr\/wp-json\/wp\/v2\/categories?post=527017"},{"taxonomy":"post_tag","embeddable":true,"href":"https:\/\/www.europesays.com\/fr\/wp-json\/wp\/v2\/tags?post=527017"}],"curies":[{"name":"wp","href":"https:\/\/api.w.org\/{rel}","templated":true}]}}