{"id":527019,"date":"2025-11-11T11:31:17","date_gmt":"2025-11-11T11:31:17","guid":{"rendered":"https:\/\/www.europesays.com\/fr\/527019\/"},"modified":"2025-11-11T11:31:17","modified_gmt":"2025-11-11T11:31:17","slug":"ce-qui-vous-attend-et-ou-le-regarder","status":"publish","type":"post","link":"https:\/\/www.europesays.com\/fr\/527019\/","title":{"rendered":"ce qui vous attend et o\u00f9 le regarder"},"content":{"rendered":"<p>            Par<br \/>\n        <strong><br \/>\n            <a href=\"https:\/\/actu.fr\/auteur\/julien-bouteiller\" title=\"Consulter tous les articles de Julien Bouteiller\" target=\"_blank\" rel=\"noopener\">Julien Bouteiller<\/a><br \/>\n        <\/strong><\/p>\n<p>        Publi\u00e9 le<\/p>\n<p>            11 nov. 2025 \u00e0 11h12        <\/p>\n<p><strong>Du jamais vu sur la foire de Rouen !<\/strong> Ce samedi 15 novembre 2025, l\u2019habituel feu d\u2019artifice laissera place <strong>\u00e0 un spectacle de drones<\/strong> au-dessus de la <a href=\"https:\/\/actu.fr\/tag\/foire-saint-romain\" target=\"_blank\" rel=\"noopener\">Saint-Romain<\/a>. On vous dit tout ce qu\u2019il y a savoir sur cet \u00e9v\u00e9nement.<\/p>\n<p>150 drones au-dessus de Rouen<\/p>\n<p class=\" wall-content\">Au total, <strong>150 drones lumineux<\/strong> vont voler au-dessus de la grande roue<strong> d\u00e8s 22 heures<\/strong>, \u00ab\u00a0\u00e0 une hauteur de 60 \u00e0 100 m\u00e8tres\u00a0\u00bb, annonce Stan Leraitre, g\u00e9rant de Dronova qui r\u00e9alise la prestation.\u00a0<\/p>\n<p class=\" wall-content\">Pour en profiter, <strong>mieux vaut donc \u00eatre sur le site de la foire<\/strong>. \u00ab\u00a0Si on est plus loin, vous pourrez les voir, mais en plus petit.\u00a0\u00bb D\u2019autant que, comme nous l\u2019explique Stan Leraitre, le spectacle visuel sera <strong>accompagn\u00e9 d\u2019une bande-son<\/strong> diffus\u00e9e sur le site de la foire.<\/p>\n<p>Un show in\u00e9dit pour la foire Saint-Romain<\/p>\n<p class=\" wall-content\">Concernant le spectacle lui-m\u00eame, Karl Morel, en charge de l\u2019\u00e9v\u00e9nementiel sur la Saint-Romain, se r\u00e9jouit d\u2019une <strong>\u00ab\u00a0cr\u00e9ation faite sp\u00e9cialement pour l\u2019occasion\u00a0\u00bb.<\/strong><\/p>\n<p class=\" wall-content\">Nous n\u2019allons pas trop trahir le secret, mais les Rouennais devraient <strong>reconna\u00eetre des figures famili\u00e8res<\/strong> de la ville et de la f\u00eate foraine\u2026<\/p>\n<p>Vid\u00e9os : en ce moment sur Actu<\/p>\n<p class=\" wall-content\">Enfin, reste tout de m\u00eame \u00e0 <strong>esp\u00e9rer que la m\u00e9t\u00e9o soit de la partie.<\/strong> \u00ab\u00a0Il ne faut pas de vent au-del\u00e0 de 40km\/h et pas de grosse pluie\u00a0\u00bb, pr\u00e9vient Stan Leraitre. Pour l\u2019heure, pas de grosses rafales au programme samedi, mais un peu de pluie. Le droniste rassure : \u00ab\u00a0Si ce n\u2019est pas possible cette semaine, on pourra reporter au weekend suivant\u00a0\u00bb.<\/p>\n<p>Votre r\u00e9gion, votre actu !<\/p>\n<p>Recevez chaque jour les infos qui comptent pour vous.<\/p>\n<p>\t<a href=\"https:\/\/actu.fr\/newsletter\" class=\"ac-btn ac-btn--corner ac-btn--medium ac-btn--blue800\" target=\"_blank\" rel=\"noopener\">S&rsquo;incrire<\/a><br \/>\nSuivez l\u2019actualit\u00e9 de Rouen <a href=\"https:\/\/www.whatsapp.com\/channel\/0029VaKfnf99hXF2ddApFB1D\" target=\"_blank\" rel=\"noopener\">sur notre cha\u00eene WhatsApp<\/a> et <a href=\"https:\/\/www.tiktok.com\/@76actu.fr?lang=fr\" target=\"_blank\" rel=\"noopener\">sur notre compte TikTok<\/a><\/p>\n<p class=\" wall-content\">Personnalisez votre actualit\u00e9 en ajoutant vos villes et m\u00e9dias en favori avec <a href=\"https:\/\/moncompte.actu.fr\" title=\"D\u00e9couvez Mon Actu\" rel=\"nofollow noopener\" data-trk=\"{&quot;cta&quot;:{&quot;action&quot;:&quot;https:\\\/\\\/moncompte.actu.fr&quot;,&quot;category&quot;:&quot;mon compte&quot;,&quot;from&quot;:&quot;article footer&quot;,&quot;name&quot;:&quot;Mon actu&quot;,&quot;type&quot;:&quot;cta&quot;}}\" target=\"_blank\">Mon Actu<\/a>.<\/p>\n<p>                    <script async src=\"\/\/www.tiktok.com\/embed.js\"><\/script><\/p>\n","protected":false},"excerpt":{"rendered":"Par Julien Bouteiller Publi\u00e9 le 11 nov. 2025 \u00e0 11h12 Du jamais vu sur la foire de Rouen&hellip;\n","protected":false},"author":2,"featured_media":527020,"comment_status":"","ping_status":"","sticky":false,"template":"","format":"standard","meta":{"footnotes":""},"categories":[9587],"tags":[1111,11,9086,1777,674,56523,1011,27,1652,12,5161,25,9590,853],"class_list":{"0":"post-527019","1":"post","2":"type-post","3":"status-publish","4":"format-standard","5":"has-post-thumbnail","7":"category-rouen","8":"tag-actu","9":"tag-actualites","10":"tag-bon-plan-a-rouen","11":"tag-eu","12":"tag-europe","13":"tag-foire-saint-romain","14":"tag-fr","15":"tag-france","16":"tag-loisirs-culture","17":"tag-news","18":"tag-normandie","19":"tag-republique-francaise","20":"tag-rouen","21":"tag-spectacles"},"share_on_mastodon":{"url":"https:\/\/pubeurope.com\/@fr\/115530844405194155","error":""},"_links":{"self":[{"href":"https:\/\/www.europesays.com\/fr\/wp-json\/wp\/v2\/posts\/527019","targetHints":{"allow":["GET"]}}],"collection":[{"href":"https:\/\/www.europesays.com\/fr\/wp-json\/wp\/v2\/posts"}],"about":[{"href":"https:\/\/www.europesays.com\/fr\/wp-json\/wp\/v2\/types\/post"}],"author":[{"embeddable":true,"href":"https:\/\/www.europesays.com\/fr\/wp-json\/wp\/v2\/users\/2"}],"replies":[{"embeddable":true,"href":"https:\/\/www.europesays.com\/fr\/wp-json\/wp\/v2\/comments?post=527019"}],"version-history":[{"count":0,"href":"https:\/\/www.europesays.com\/fr\/wp-json\/wp\/v2\/posts\/527019\/revisions"}],"wp:featuredmedia":[{"embeddable":true,"href":"https:\/\/www.europesays.com\/fr\/wp-json\/wp\/v2\/media\/527020"}],"wp:attachment":[{"href":"https:\/\/www.europesays.com\/fr\/wp-json\/wp\/v2\/media?parent=527019"}],"wp:term":[{"taxonomy":"category","embeddable":true,"href":"https:\/\/www.europesays.com\/fr\/wp-json\/wp\/v2\/categories?post=527019"},{"taxonomy":"post_tag","embeddable":true,"href":"https:\/\/www.europesays.com\/fr\/wp-json\/wp\/v2\/tags?post=527019"}],"curies":[{"name":"wp","href":"https:\/\/api.w.org\/{rel}","templated":true}]}}