{"id":52702,"date":"2025-04-25T21:16:09","date_gmt":"2025-04-25T21:16:09","guid":{"rendered":"https:\/\/www.europesays.com\/fr\/52702\/"},"modified":"2025-04-25T21:16:09","modified_gmt":"2025-04-25T21:16:09","slug":"nouvelle-messe-a-notre-dame-de-paris-pour-le-pape-francois-actualites","status":"publish","type":"post","link":"https:\/\/www.europesays.com\/fr\/52702\/","title":{"rendered":"Nouvelle messe \u00e0 Notre-Dame de Paris pour le pape Fran\u00e7ois : Actualit\u00e9s"},"content":{"rendered":"<p class=\"lead \">Une foule de nombreux fid\u00e8les s&rsquo;est \u00e0 nouveau d\u00e9plac\u00e9e vendredi pour participer \u00e0 Notre-Dame de Paris \u00e0 une messe solennelle pour le pape Fran\u00e7ois, \u00e0 laquelle le Premier ministre Fran\u00e7ois Bayrou a assist\u00e9.<\/p>\n<p class=\"lead \">\u00ab\u00a0J&rsquo;ai vu les foules de la place Saint-Pierre et du parvis (de Notre-Dame) depuis lundi. Je me r\u00e9jouis beaucoup de l&rsquo;attachement des catholiques, du peuple d&rsquo;une fa\u00e7on g\u00e9n\u00e9rale, \u00e0 cette personnalit\u00e9 qui nous a marqu\u00e9 et fait bouger les lignes dans l&rsquo;Eglise et dans la soci\u00e9t\u00e9\u00a0\u00bb, a salu\u00e9 Mgr Laurent Ulrich, archev\u00eaque de Paris, aupr\u00e8s des journalistes. <\/p>\n<p class=\"lead \">\u00ab\u00a0La transformation des coeurs humains a pu s&rsquo;op\u00e9rer sous son aura\u00a0\u00bb, a poursuivi le pr\u00e9lat qui a pr\u00e9sid\u00e9 la messe solennelle \u00ab\u00a0d&rsquo;action de gr\u00e2ce et pour le repos de l&rsquo;\u00e2me du Saint-P\u00e8re\u00a0\u00bb d\u00e9c\u00e9d\u00e9 lundi \u00e0 Rome. <\/p>\n<p class=\"lead \">Une heure avant l&rsquo;office, une queue de plusieurs centaines de m\u00e8tres compos\u00e9e de fid\u00e8les attendait de pouvoir entrer dans la cath\u00e9drale, chef d&rsquo;\u0153uvre de l&rsquo;art gothique \u00e9difi\u00e9 entre les XIIe et XIVe si\u00e8cles. <\/p>\n<p class=\"lead \">Le Premier ministre Fran\u00e7ois Bayrou a assist\u00e9 \u00e0 l&rsquo;office, arguant que \u00ab\u00a0les institutions fran\u00e7aises ont le devoir d&rsquo;\u00eatre pr\u00e9sentes chaque fois qu&rsquo;une partie importante du peuple fran\u00e7ais est boulevers\u00e9e, touch\u00e9e, est en deuil\u00a0\u00bb. Le pape Fran\u00e7ois \u00ab\u00a0\u00e9tait une figure que beaucoup de Fran\u00e7ais ressentaient comme de bont\u00e9, de g\u00e9n\u00e9rosit\u00e9 et du c\u00f4t\u00e9 des plus faibles et des plus fragiles\u00a0\u00bb, a-t-il encore soulign\u00e9 \u00e0 l&rsquo;issue de la messe.<\/p>\n<p class=\"lead \">\u00ab\u00a0J&rsquo;aurais aim\u00e9 pouvoir aller \u00e0 Rome mais ce n&rsquo;est pas possible. Je me sens proche des \u00e9crits de Fran\u00e7ois, sa proximit\u00e9 avec les pauvres et les migrants. \u00c7a me touche beaucoup plus que Beno\u00eet XVI qui \u00e9tait plus un th\u00e9ologien. Je trouve que le d\u00e9c\u00e8s de Fran\u00e7ois rajoute de l&rsquo;incertitude, une forme d&rsquo;ins\u00e9curit\u00e9 au monde. Il avait quand m\u00eame cette force de rappeler des valeurs d&rsquo;humanit\u00e9 dans un monde de plus en plus \u00e9go\u00efste\u00a0\u00bb, a t\u00e9moign\u00e9 Sandrine Gougeon, 46 ans, aupr\u00e8s de l&rsquo;AFP.<\/p>\n<p class=\"lead \">Les fun\u00e9railles du pape Fran\u00e7ois, d\u00e9c\u00e9d\u00e9 lundi \u00e0 88 ans, se d\u00e9roulent samedi: apr\u00e8s la messe en plusieurs langues qui se tiendra place Saint-Pierre, son cercueil sera transport\u00e9 \u00e0 la basilique Sainte-Marie Majeure, dans le centre de Rome, pour y \u00eatre inhum\u00e9.<\/p>\n<p class=\"small font-weight-bold text-gray3 \"> publi\u00e9 le 25 avril \u00e0 21h17, AFP<\/p>\n<p>                             Partager<\/p>\n","protected":false},"excerpt":{"rendered":"Une foule de nombreux fid\u00e8les s&rsquo;est \u00e0 nouveau d\u00e9plac\u00e9e vendredi pour participer \u00e0 Notre-Dame de Paris \u00e0 une&hellip;\n","protected":false},"author":2,"featured_media":52703,"comment_status":"","ping_status":"","sticky":false,"template":"","format":"standard","meta":{"footnotes":""},"categories":[1888],"tags":[13744,1111,1928,11,1927,1777,674,1011,27,418,12,1926,12672,626,1925,25],"class_list":{"0":"post-52702","1":"post","2":"type-post","3":"status-publish","4":"format-standard","5":"has-post-thumbnail","7":"category-paris","8":"tag-glise","9":"tag-actu","10":"tag-actu-paris","11":"tag-actualites","12":"tag-actualites-paris","13":"tag-eu","14":"tag-europe","15":"tag-fr","16":"tag-france","17":"tag-gouvernement","18":"tag-news","19":"tag-news-paris","20":"tag-pape","21":"tag-paris","22":"tag-paris-news","23":"tag-republique-francaise"},"share_on_mastodon":{"url":"https:\/\/pubeurope.com\/@fr\/114400682707734258","error":""},"_links":{"self":[{"href":"https:\/\/www.europesays.com\/fr\/wp-json\/wp\/v2\/posts\/52702","targetHints":{"allow":["GET"]}}],"collection":[{"href":"https:\/\/www.europesays.com\/fr\/wp-json\/wp\/v2\/posts"}],"about":[{"href":"https:\/\/www.europesays.com\/fr\/wp-json\/wp\/v2\/types\/post"}],"author":[{"embeddable":true,"href":"https:\/\/www.europesays.com\/fr\/wp-json\/wp\/v2\/users\/2"}],"replies":[{"embeddable":true,"href":"https:\/\/www.europesays.com\/fr\/wp-json\/wp\/v2\/comments?post=52702"}],"version-history":[{"count":0,"href":"https:\/\/www.europesays.com\/fr\/wp-json\/wp\/v2\/posts\/52702\/revisions"}],"wp:featuredmedia":[{"embeddable":true,"href":"https:\/\/www.europesays.com\/fr\/wp-json\/wp\/v2\/media\/52703"}],"wp:attachment":[{"href":"https:\/\/www.europesays.com\/fr\/wp-json\/wp\/v2\/media?parent=52702"}],"wp:term":[{"taxonomy":"category","embeddable":true,"href":"https:\/\/www.europesays.com\/fr\/wp-json\/wp\/v2\/categories?post=52702"},{"taxonomy":"post_tag","embeddable":true,"href":"https:\/\/www.europesays.com\/fr\/wp-json\/wp\/v2\/tags?post=52702"}],"curies":[{"name":"wp","href":"https:\/\/api.w.org\/{rel}","templated":true}]}}