{"id":527021,"date":"2025-11-11T11:32:13","date_gmt":"2025-11-11T11:32:13","guid":{"rendered":"https:\/\/www.europesays.com\/fr\/527021\/"},"modified":"2025-11-11T11:32:13","modified_gmt":"2025-11-11T11:32:13","slug":"metropole-de-grenoble-arme-dun-pistolet-un-desequilibre-interpelle-dans-le-tramway","status":"publish","type":"post","link":"https:\/\/www.europesays.com\/fr\/527021\/","title":{"rendered":"M\u00e9tropole de Grenoble. Arm\u00e9 d\u2019un pistolet, un d\u00e9s\u00e9quilibr\u00e9 interpell\u00e9 dans le tramway"},"content":{"rendered":"<p>Un homme \u00e2g\u00e9 d\u2019une quarantaine d\u2019ann\u00e9es a \u00e9t\u00e9 interpell\u00e9 lundi, en d\u00e9but de soir\u00e9e, dans un tramway sur la commune de Saint-\u00c9gr\u00e8ve alors qu\u2019il venait de menacer verbalement une passag\u00e8re en exhibant une arme de poing, a appris Le Dauphin\u00e9 Lib\u00e9r\u00e9 de sources locales.<\/p>\n<p>Les faits se sont produits dans une rame de la ligne E lorsque cet homme, assis \u00e0 proximit\u00e9 d\u2019une autre personne qu\u2019il ne connaissait pas, a sorti une arme de poing qu\u2019il a pos\u00e9e sur ses cuisses en mena\u00e7ant de s\u2019en servir.<\/p>\n<p>Ce contenu est bloqu\u00e9 car vous n&rsquo;avez pas accept\u00e9 les cookies et autres traceurs.<\/p>\n<p>En cliquant sur \u00ab J\u2019accepte \u00bb, les cookies et autres traceurs seront d\u00e9pos\u00e9s et vous pourrez visualiser les contenus  (<a href=\"\" class=\"consentModule_policy\" target=\"_blank\" title=\"Consulter la politique de protection des donn\u00e9es du fournisseur\">plus d&rsquo;informations<\/a>).<\/p>\n<p>En cliquant sur \u00ab J\u2019accepte tous les cookies \u00bb, vous autorisez des d\u00e9p\u00f4ts de cookies et autres traceurs pour le stockage de vos donn\u00e9es sur nos sites et applications \u00e0 des fins de personnalisation et de ciblage publicitaire.<\/p>\n<p class=\"consentModule_secondaryText\">Vous gardez la possibilit\u00e9 de retirer votre consentement \u00e0 tout moment en consultant notre <a href=\"https:\/\/www.ledauphine.com\/protection-des-donnees\" target=\"_blank\" title=\"Consulter notre politique de protection des donn\u00e9es\" rel=\"noopener\">politique de protection des donn\u00e9es<\/a>. <br \/>&#13;<br \/>\n            <a href=\"https:\/\/www.ledauphine.com\/faits-divers-justice\/2025\/11\/11\/javascript:Didomi.notice.show()\" class=\"consentModule_cmp\" target=\"_blank\" rel=\"noopener\">G\u00e9rer mes choix<\/a>&#13;\n        <\/p>\n<p>&#13;<br \/>\n                        J&rsquo;accepte&#13;<br \/>\n            J&rsquo;accepte tous les cookies&#13;\n        <\/p>\n<p>  Interpell\u00e9 sans incident<\/p>\n<p>La victime est parvenue \u00e0 descendre rapidement du tramway et a donn\u00e9 l\u2019alerte au 17. Un \u00e9quipage de gendarmerie qui patrouillait dans le secteur s\u2019est alors port\u00e9 \u00e0 la station suivante et a pu interpeller le suspect sans incident.<\/p>\n<p>L\u2019homme, qui ne jouirait pas de toutes ses facult\u00e9s mentales, a \u00e9t\u00e9 plac\u00e9 en garde \u00e0 vue dans la soir\u00e9e. On ignore si, par la suite, il a \u00e9t\u00e9 orient\u00e9 vers une structure psychiatrique ou s\u2019il se trouvait toujours retenu mardi matin par les gendarmes.<\/p>\n","protected":false},"excerpt":{"rendered":"Un homme \u00e2g\u00e9 d\u2019une quarantaine d\u2019ann\u00e9es a \u00e9t\u00e9 interpell\u00e9 lundi, en d\u00e9but de soir\u00e9e, dans un tramway sur&hellip;\n","protected":false},"author":2,"featured_media":527022,"comment_status":"","ping_status":"","sticky":false,"template":"","format":"standard","meta":{"footnotes":""},"categories":[9566],"tags":[1111,11,2430,271,272,112,1777,674,274,107,1011,27,2731,108,1985,12,25,275,276],"class_list":{"0":"post-527021","1":"post","2":"type-post","3":"status-publish","4":"format-standard","5":"has-post-thumbnail","7":"category-grenoble","8":"tag-actu","9":"tag-actualites","10":"tag-auvergne-rhone-alpes","11":"tag-crime","12":"tag-delit-et-contravention","13":"tag-edition-grenoble-agglomeration","14":"tag-eu","15":"tag-europe","16":"tag-faits-divers-justice","17":"tag-fil-info","18":"tag-fr","19":"tag-france","20":"tag-grenoble","21":"tag-isere","22":"tag-metropole-de-grenoble","23":"tag-news","24":"tag-republique-francaise","25":"tag-saint-egreve","26":"tag-saint-egreve-et-autour"},"share_on_mastodon":{"url":"https:\/\/pubeurope.com\/@fr\/115530848339738313","error":""},"_links":{"self":[{"href":"https:\/\/www.europesays.com\/fr\/wp-json\/wp\/v2\/posts\/527021","targetHints":{"allow":["GET"]}}],"collection":[{"href":"https:\/\/www.europesays.com\/fr\/wp-json\/wp\/v2\/posts"}],"about":[{"href":"https:\/\/www.europesays.com\/fr\/wp-json\/wp\/v2\/types\/post"}],"author":[{"embeddable":true,"href":"https:\/\/www.europesays.com\/fr\/wp-json\/wp\/v2\/users\/2"}],"replies":[{"embeddable":true,"href":"https:\/\/www.europesays.com\/fr\/wp-json\/wp\/v2\/comments?post=527021"}],"version-history":[{"count":0,"href":"https:\/\/www.europesays.com\/fr\/wp-json\/wp\/v2\/posts\/527021\/revisions"}],"wp:featuredmedia":[{"embeddable":true,"href":"https:\/\/www.europesays.com\/fr\/wp-json\/wp\/v2\/media\/527022"}],"wp:attachment":[{"href":"https:\/\/www.europesays.com\/fr\/wp-json\/wp\/v2\/media?parent=527021"}],"wp:term":[{"taxonomy":"category","embeddable":true,"href":"https:\/\/www.europesays.com\/fr\/wp-json\/wp\/v2\/categories?post=527021"},{"taxonomy":"post_tag","embeddable":true,"href":"https:\/\/www.europesays.com\/fr\/wp-json\/wp\/v2\/tags?post=527021"}],"curies":[{"name":"wp","href":"https:\/\/api.w.org\/{rel}","templated":true}]}}