{"id":527027,"date":"2025-11-11T11:35:19","date_gmt":"2025-11-11T11:35:19","guid":{"rendered":"https:\/\/www.europesays.com\/fr\/527027\/"},"modified":"2025-11-11T11:35:19","modified_gmt":"2025-11-11T11:35:19","slug":"28-nov-2-dec-a-lhotel-pasteur-a-rennes-avec-politis","status":"publish","type":"post","link":"https:\/\/www.europesays.com\/fr\/527027\/","title":{"rendered":"28 nov.-2 d\u00e9c. : \u00e0 L\u2019H\u00f4tel Pasteur \u00e0 Rennes avec Politis"},"content":{"rendered":"<p>\u00ab\u00a0C\u2019est quoi cet h\u00f4tel o\u00f9 on ne dort pas\u00a0?\u2009\u00bb\u00a0: l\u2019H\u00f4tel Pasteur, lieu partag\u00e9, propose 5\u00a0jours d\u2019\u00e9mulation dans un laboratoire d\u2019\u00e9changes des savoirs ouvert \u00e0 tou\u00b7tes. Lucas Sarafian, journaliste \u00e0 Politis, animera un d\u00e9bat le 28\u00a0novembre, de 18\u00a0h\u00a030 \u00e0 20\u00a0heures, sur le th\u00e8me \u00ab\u00a0Kits de soins pour d\u00e9mocratie mal en point\u00a0\u00bb, avec Aur\u00e9lie et Lalah, de <a href=\"https:\/\/www.front2meres.org\/\" target=\"_blank\" rel=\"noreferrer noopener\">l\u2019association Front de m\u00e8res<\/a>, deux\u00a0\u00e9lu\u00b7es de la ville et Valentine et Djallil, b\u00e9n\u00e9voles \u00e0 l\u2019H\u00f4tel Pasteur. Programme complet <a href=\"https:\/\/www.hotelpasteur.fr\" target=\"_blank\" rel=\"noreferrer noopener\">ici<\/a>.<\/p>\n<p><a href=\"https:\/\/www.europesays.com\/fr\/wp-content\/uploads\/2025\/11\/HotelPasteur-1024x1024.jpg\" class=\"zoom\"><img fetchpriority=\"high\" decoding=\"async\" width=\"1024\" height=\"1024\" src=\"https:\/\/www.europesays.com\/fr\/wp-content\/uploads\/2025\/11\/HotelPasteur-1024x1024.jpg\" alt=\"\" class=\"wp-image-423640\" style=\"width:600px\"  \/><\/a><\/p>\n<p>        <a href=\"https:\/\/www.politis.fr\/boutique\/\" target=\"_blank\" class=\"gt_abonnement\" rel=\"noopener\"><\/p>\n<p>            Recevez Politis chez vous chaque semaine !<\/p>\n<p>    <\/a><\/p>\n","protected":false},"excerpt":{"rendered":"\u00ab\u00a0C\u2019est quoi cet h\u00f4tel o\u00f9 on ne dort pas\u00a0?\u2009\u00bb\u00a0: l\u2019H\u00f4tel Pasteur, lieu partag\u00e9, propose 5\u00a0jours d\u2019\u00e9mulation dans un&hellip;\n","protected":false},"author":2,"featured_media":527028,"comment_status":"","ping_status":"","sticky":false,"template":"","format":"standard","meta":{"footnotes":""},"categories":[2821],"tags":[1111,11,829,7756,1777,674,1011,27,12,584,25],"class_list":{"0":"post-527027","1":"post","2":"type-post","3":"status-publish","4":"format-standard","5":"has-post-thumbnail","7":"category-rennes","8":"tag-actu","9":"tag-actualites","10":"tag-bretagne","11":"tag-democratie","12":"tag-eu","13":"tag-europe","14":"tag-fr","15":"tag-france","16":"tag-news","17":"tag-rennes","18":"tag-republique-francaise"},"share_on_mastodon":{"url":"https:\/\/pubeurope.com\/@fr\/115530860851818016","error":""},"_links":{"self":[{"href":"https:\/\/www.europesays.com\/fr\/wp-json\/wp\/v2\/posts\/527027","targetHints":{"allow":["GET"]}}],"collection":[{"href":"https:\/\/www.europesays.com\/fr\/wp-json\/wp\/v2\/posts"}],"about":[{"href":"https:\/\/www.europesays.com\/fr\/wp-json\/wp\/v2\/types\/post"}],"author":[{"embeddable":true,"href":"https:\/\/www.europesays.com\/fr\/wp-json\/wp\/v2\/users\/2"}],"replies":[{"embeddable":true,"href":"https:\/\/www.europesays.com\/fr\/wp-json\/wp\/v2\/comments?post=527027"}],"version-history":[{"count":0,"href":"https:\/\/www.europesays.com\/fr\/wp-json\/wp\/v2\/posts\/527027\/revisions"}],"wp:featuredmedia":[{"embeddable":true,"href":"https:\/\/www.europesays.com\/fr\/wp-json\/wp\/v2\/media\/527028"}],"wp:attachment":[{"href":"https:\/\/www.europesays.com\/fr\/wp-json\/wp\/v2\/media?parent=527027"}],"wp:term":[{"taxonomy":"category","embeddable":true,"href":"https:\/\/www.europesays.com\/fr\/wp-json\/wp\/v2\/categories?post=527027"},{"taxonomy":"post_tag","embeddable":true,"href":"https:\/\/www.europesays.com\/fr\/wp-json\/wp\/v2\/tags?post=527027"}],"curies":[{"name":"wp","href":"https:\/\/api.w.org\/{rel}","templated":true}]}}