{"id":52704,"date":"2025-04-25T21:17:17","date_gmt":"2025-04-25T21:17:17","guid":{"rendered":"https:\/\/www.europesays.com\/fr\/52704\/"},"modified":"2025-04-25T21:17:17","modified_gmt":"2025-04-25T21:17:17","slug":"le-deuil-de-paris-2024-est-quasiment-fait-assure-romane-dicko","status":"publish","type":"post","link":"https:\/\/www.europesays.com\/fr\/52704\/","title":{"rendered":"\u00abLe deuil de Paris 2024 est quasiment fait\u00bb, assure Romane Dicko"},"content":{"rendered":"<p>M\u00e9daill\u00e9e de bronze olympique en individuel l\u2019\u00e9t\u00e9 dernier alors qu\u2019elle visait l\u2019or, la Fran\u00e7aise a mis du temps pour dig\u00e9rer et repartir \u00e0 l\u2019assaut de nouveaux titres, \u00e0 commencer par celui europ\u00e9en.<\/p>\n<p class=\"fig-paragraph\"><strong>Expliquez-nous pourquoi vous avez d\u00e9cid\u00e9 finalement de prendre part \u00e0 ces Championnats d\u2019Europe\u00a0?<\/strong><br \/><strong>Romane Dicko\u00a0:<\/strong> D\u00e9j\u00e0, ce n\u2019est pas moi qui fais forc\u00e9ment les choix, c\u2019est la f\u00e9d\u00e9ration qui s\u00e9lectionne. Mais oui, on m\u2019a appel\u00e9 pour me dire que finalement la s\u00e9lection avait \u00e9t\u00e9 compl\u00e9t\u00e9e et que j\u2019en faisais partie. C\u2019est une bonne chose car forc\u00e9ment, il me fallait une autre comp\u00e9tition que le Grand Slam de Tbilissi avant les Championnats du monde en juin. Maintenant, tant mieux, c\u2019est une opportunit\u00e9 pour moi d\u2019aller chercher un autre titre.<\/p>\n<p class=\"fig-paragraph\"><strong>Estimez-vous \u00eatre toujours en phase de reconstruction apr\u00e8s votre d\u00e9ception de la m\u00e9daille de bronze lors des JO 2024\u00a0?<\/strong><br \/>Je dirais que \u00e7a va beaucoup mieux maintenant. Les Jeux commencent \u00e0 dater un peu et j\u2019ai envie de dire que le deuil est quasiment fait. En tout cas, j\u2019avance, j\u2019ai d\u00e9cid\u00e9 d\u2019avancer. Je n\u2019aurais pas \u00e9t\u00e9 championne olympique \u00e0 Paris, c\u2019est comme \u00e7a. Il y a d\u2019autres titres \u00e0 aller chercher cette ann\u00e9e en tout cas. Je me reconstruis tranquillement et l\u00e0, je suis vraiment sur la phase de mettre les grosses briques et on avance pour Los Angeles 2028.<\/p>\n<blockquote class=\"fig-quote&#10;    \">\n<p class=\"fig-quote__text\">J\u2019aime trop le judo, j\u2019aime trop cette ambiance, j\u2019aime trop aller \u00e0 la guerre. Ce sont des sensations qu\u2019on ne retrouve nulle part ailleurs.<\/p>\n<p>            Romane Dicko\n    <\/p><\/blockquote>\n<p class=\"fig-paragraph\"><strong>Le 1er avril, vous avez annonc\u00e9 que vous faisiez une pause dans votre carri\u00e8re, ce qui \u00e9tait un poisson d\u2019avril. Mais y avez-vous quand m\u00eame song\u00e9 \u00e0 un moment s\u00e9rieusement\u00a0?<\/strong><br \/>Peut-\u00eatre un petit peu, quelques fractions de seconde. Quand j\u2019\u00e9tais bless\u00e9e, par exemple, ou quand j\u2019\u00e9tais jeune. Mais honn\u00eatement, j\u2019aime trop le judo, j\u2019aime trop cette ambiance, j\u2019aime trop aller \u00e0 la guerre. Ce sont des sensations qu\u2019on ne retrouve nulle part ailleurs. Je sais que tant que je kiffe ce sentiment-l\u00e0, je ne vais jamais m\u2019arr\u00eater. Bien \u00e9videmment que je vais continuer et aller au moins jusqu\u2019\u00e0 Los Angeles.<\/p>\n<p class=\"fig-paragraph\"><strong>Qu\u2019est-ce que cela vous a fait de remettre le kimono en comp\u00e9tition \u00e0 Tbilissi\u00a0?<\/strong><br \/>Je n\u2019ai pas ressenti de stress. Il y a des sensations qui sont revenues. Je n\u2019avais pas l\u2019habitude de vivre huit mois, comme \u00e7a, sans comp\u00e9tition. Du coup, je voulais vraiment bien faire. En m\u00eame temps, je savais que j\u2019\u00e9tais en manque de judo et que je n\u2019avais pas eu la meilleure pr\u00e9paration possible. N\u00e9anmoins, il fallait bien remettre le kimono un moment. \u00c7a s\u2019est bien pass\u00e9. J\u2019ai fait une bonne comp\u00e9tition. J\u2019ai r\u00e9ussi \u00e0 monter en puissance au fil des combats et j\u2019estime avoir produit du bon judo pour une reprise. J\u2019ai vraiment h\u00e2te de faire la suite.<\/p>\n<p>    Romane Dicko aux c\u00f4t\u00e9s de Teddy Riner lors des JO 2024<br \/>\n                JACK GUEZ \/ AFP<\/p>\n<p class=\"fig-paragraph\"><strong>Vous aviez une nouvelle coach sur la chaise avec Jane Bridge. Comment cela s\u2019est-il pass\u00e9\u00a0?<\/strong><br \/>Il faut \u00e9crire une nouvelle histoire, tout simplement. Il a fallu que je ferme le livre avec S\u00e9verine (Vandenhende, sa pr\u00e9c\u00e9dente coach) malheureusement, ce qui n\u2019\u00e9tait pas facile. Mes rep\u00e8res avec S\u00e9verine, cela faisait tr\u00e8s longtemps qu\u2019ils \u00e9taient l\u00e0. C\u2019est une relation qu\u2019on avait construite depuis plusieurs ann\u00e9es. L\u00e0, il faut un peu tout recommencer. \u00c7a fait partie du jeu. Le train va partir avec ou sans moi, quoi qu\u2019il arrive, et j\u2019ai envie d\u2019\u00eatre dans ce train. Il faut remonter en selle vite. J\u2019ai pris le temps d\u2019encaisser cette s\u00e9paration, ces changements. C\u2019est encore un peu nouveau. On n\u2019a fait qu\u2019une comp\u00e9tition ensemble. Il y a encore des choses \u00e0 construire. Il faut qu\u2019on arrive \u00e0 trouver notre \u00e9quilibre avec Jane aussi. \u00c7a sera fait.<\/p>\n<p class=\"fig-paragraph\"><strong>Que pensez-vous que cela puisse vous amener\u00a0?<\/strong><br \/>Plein de choses. Elle a une grande exp\u00e9rience du judo international. On sait que techniquement, elle a vraiment beaucoup \u00e0 nous apporter. M\u00eame si on n\u2019a pas encore eu le temps d\u2019\u00e9norm\u00e9ment travailler au quotidien, j\u2019ai d\u00e9j\u00e0 vu la qualit\u00e9 de ces conseils. J\u2019ai h\u00e2te de commencer ce nouveau chapitre plus profond\u00e9ment. Ce sera diff\u00e9rent qu\u2019avec S\u00e9verine. C\u2019est comme \u00e7a, le haut niveau, c\u2019est aussi savoir s\u2019adapter. \u00c7a fait partie du jeu.<\/p>\n<p class=\"fig-paragraph\"><strong>Vous attendez-vous \u00e0 produire le m\u00eame judo en mieux, ou alors allez-vous vous diriger vers quelque chose de tr\u00e8s diff\u00e9rent\u00a0?<\/strong><br \/>Je ne sais pas encore. Un peu des deux j\u2019esp\u00e8re (sourire). C\u2019est vrai que l\u2019objectif, c\u2019est forc\u00e9ment de solidifier un peu mes acquis, ce que je sais bien faire. Mais je cherche de nouvelles choses aussi. Il y a des choses que je veux essayer. C\u2019est une nouvelle olympiade. Il ne faut pas repartir de z\u00e9ro, mais tester d\u2019autres choses aussi pour voir un peu o\u00f9 est-ce que je peux progresser, o\u00f9 est-ce que je peux aller chercher des nouvelles techniques, des nouvelles fa\u00e7ons d\u2019amener celles que je ma\u00eetrise d\u00e9j\u00e0 mais que mes adversaires connaissent. On est encore \u00e0 trois ans de Los Angeles, on peut tester tout et voir ce qui fonctionne ou pas.<\/p>\n<blockquote class=\"fig-quote&#10;    \">\n<p class=\"fig-quote__text\">Il faudra que je montre que c\u2019est moi la meilleure, ce qui est tr\u00e8s challengeant.<\/p>\n<p>            Romane Dicko\n    <\/p><\/blockquote>\n<p class=\"fig-paragraph\"><strong>Dans votre cat\u00e9gorie, vous devez composer avec une forte concurrence en France. Est-ce une pression ou une motivation\u00a0?<\/strong><br \/>Forc\u00e9ment, c\u2019est un coup de boost. D\u00e9j\u00e0 pour la qualification pour Paris 2024, c\u2019\u00e9tait serr\u00e9 avec Julia (Tolofua). L\u00e0, on voit qu\u2019il y a L\u00e9a (Fontaine), Coco (Coralie Hayme) et m\u00eame quelques juniors qui arrivent\u2026 J\u2019ai envie de dire tant mieux. Je pense qu\u2019on n\u2019a jamais eu une telle densit\u00e9 de lourdes en France, et m\u00eame dans le monde c\u2019est hyper rare. Je trouve \u00e7a hyper motivant parce qu\u2019on sait qu\u2019\u00e0 chaque comp\u00e9tition, on sera au moins deux. Il faudra que je montre que c\u2019est moi la meilleure, ce qui est tr\u00e8s challengeant. Je pense que c\u2019est un bon moyen de faire \u00e9lever le niveau des lourdes en France. Je pense qu\u2019on aura encore plus de m\u00e9dailles. La course sera encore plus compliqu\u00e9e mais quand on fait de la comp\u00e9tition, c\u2019est \u00e7a qu\u2019on aime aussi.<\/p>\n<p class=\"fig-paragraph\"><strong>Vous n\u2019avez encore jamais perdu un combat lors des Championnats d\u2019Europe\u2026<\/strong><br \/>C\u2019est fou. En vrai, j\u2019ai h\u00e2te. \u00c7a fera peut-\u00eatre un titre en plus. En tout cas, j\u2019ai la capacit\u00e9 d\u2019aller le chercher. J\u2019en ai d\u00e9j\u00e0 quatre. Une cinqui\u00e8me couronne europ\u00e9enne, \u00e7a ferait toujours du bien en vue des Championnats du monde. \u00catre invaincue en Europe pour l\u2019instant, j\u2019esp\u00e8re bien continuer sur cette lanc\u00e9e et garder mon titre.<\/p>\n<p>    Romane Dicko<br \/>\n                FRANCK FIFE \/ AFP<\/p>\n<p class=\"fig-paragraph\"><strong>Vous avez beaucoup voyag\u00e9 hors-judo depuis Paris 2024. Est-ce que maintenant, vous allez remettre le judo comme priorit\u00e9\u00a0?<\/strong><br \/>Oui, compl\u00e8tement. En ann\u00e9e post-Olympique, c\u2019\u00e9tait n\u00e9cessaire pour moi de m\u2019a\u00e9rer un petit peu l\u2019esprit. Je n\u2019ai jamais vraiment arr\u00eat\u00e9 l\u2019entra\u00eenement, mais j\u2019ai fait des choses un peu hors du sport. Mais l\u00e0, forc\u00e9ment, il y a la course olympique qui va repartir tranquillement. Il y a un titre europ\u00e9en, puis un titre mondial \u00e0 aller chercher donc forc\u00e9ment, je vais moins bouger, plus m\u2019entra\u00eener et tant mieux. Cela faisait partie du deal de me changer les id\u00e9es quelques mois avant de revenir fort.<\/p>\n<p class=\"fig-paragraph\"><strong>Vous avez \u00e9voqu\u00e9 votre deuil de Paris et les prochains JO \u00e0 Los Angeles. Est-ce cela qui vous porte aujourd\u2019hui\u00a0?<\/strong><br \/>J\u2019ai envie de dire oui et non. Forc\u00e9ment, c\u2019est l\u2019objectif \u00e0 moyen-long terme parce que ce sont des Jeux olympiques, c\u2019est \u00e7a qui me fait vibrer. Apr\u00e8s, \u00e7a reste encore loin, dans plus de trois ans. Il y a des choses avant. Il y a des s\u00e9lections et des titres \u00e0 aller chercher. Ma place \u00e0 L.A. n\u2019est pas du tout acquise. On en reparlera dans deux ans. Aujourd\u2019hui, c\u2019est important pour moi d\u2019aller \u00e9tape par \u00e9tape.<\/p>\n<p class=\"fig-paragraph\"><strong>Vous avez \u00e9galement pris une plus grande dimension m\u00e9diatique, en \u00e9tant notamment tr\u00e8s active sur les r\u00e9seaux sociaux. Comment g\u00e9rez-vous cela\u00a0?<\/strong><br \/>C\u2019est un peu sp\u00e9cial. Parfois, on ne me reconna\u00eet pas par rapport au judo mais au reste. \u00c7a me fait un petit peu sourire. Apr\u00e8s, j\u2019ai envie de dire que je reste juste judoka. J\u2019ai la chance de pouvoir marcher dans la rue tranquillement. Je sais qu\u2019il y a des sportifs qui sont mille fois plus emb\u00eat\u00e9s. C\u2019est anecdotique ce qui se passe en dehors. Je le vis bien. C\u2019est juste une autre dimension que je suis en train de prendre. Je le sens. Mais \u00e7a n\u2019a pas vraiment d\u2019impact dans mon quotidien pour l\u2019instant. Donc \u00e7a va.<\/p>\n","protected":false},"excerpt":{"rendered":"M\u00e9daill\u00e9e de bronze olympique en individuel l\u2019\u00e9t\u00e9 dernier alors qu\u2019elle visait l\u2019or, la Fran\u00e7aise a mis du temps&hellip;\n","protected":false},"author":2,"featured_media":52705,"comment_status":"","ping_status":"","sticky":false,"template":"","format":"standard","meta":{"footnotes":""},"categories":[1888],"tags":[2466,1111,1928,2465,2464,11,1927,1977,1981,451,207,1777,2468,674,63,1454,1011,27,66,447,2467,1457,2182,12,1926,626,1925,25,1980,14616,479,2259,1467],"class_list":{"0":"post-52704","1":"post","2":"type-post","3":"status-publish","4":"format-standard","5":"has-post-thumbnail","7":"category-paris","8":"tag-2466","9":"tag-actu","10":"tag-actu-paris","11":"tag-actu-sport","12":"tag-actualite-sportive","13":"tag-actualites","14":"tag-actualites-paris","15":"tag-auto","16":"tag-classement","17":"tag-coupe-du-monde","18":"tag-cyclisme","19":"tag-eu","20":"tag-euro-foot","21":"tag-europe","22":"tag-football","23":"tag-formule-1","24":"tag-fr","25":"tag-france","26":"tag-ligue-1","27":"tag-ligue-des-champions","28":"tag-live-sport","29":"tag-moto","30":"tag-nba","31":"tag-news","32":"tag-news-paris","33":"tag-paris","34":"tag-paris-news","35":"tag-republique-francaise","36":"tag-resultats","37":"tag-romane-dicko","38":"tag-rugby","39":"tag-score","40":"tag-tennis"},"share_on_mastodon":{"url":"https:\/\/pubeurope.com\/@fr\/114400687380963913","error":""},"_links":{"self":[{"href":"https:\/\/www.europesays.com\/fr\/wp-json\/wp\/v2\/posts\/52704","targetHints":{"allow":["GET"]}}],"collection":[{"href":"https:\/\/www.europesays.com\/fr\/wp-json\/wp\/v2\/posts"}],"about":[{"href":"https:\/\/www.europesays.com\/fr\/wp-json\/wp\/v2\/types\/post"}],"author":[{"embeddable":true,"href":"https:\/\/www.europesays.com\/fr\/wp-json\/wp\/v2\/users\/2"}],"replies":[{"embeddable":true,"href":"https:\/\/www.europesays.com\/fr\/wp-json\/wp\/v2\/comments?post=52704"}],"version-history":[{"count":0,"href":"https:\/\/www.europesays.com\/fr\/wp-json\/wp\/v2\/posts\/52704\/revisions"}],"wp:featuredmedia":[{"embeddable":true,"href":"https:\/\/www.europesays.com\/fr\/wp-json\/wp\/v2\/media\/52705"}],"wp:attachment":[{"href":"https:\/\/www.europesays.com\/fr\/wp-json\/wp\/v2\/media?parent=52704"}],"wp:term":[{"taxonomy":"category","embeddable":true,"href":"https:\/\/www.europesays.com\/fr\/wp-json\/wp\/v2\/categories?post=52704"},{"taxonomy":"post_tag","embeddable":true,"href":"https:\/\/www.europesays.com\/fr\/wp-json\/wp\/v2\/tags?post=52704"}],"curies":[{"name":"wp","href":"https:\/\/api.w.org\/{rel}","templated":true}]}}