{"id":527045,"date":"2025-11-11T11:45:13","date_gmt":"2025-11-11T11:45:13","guid":{"rendered":"https:\/\/www.europesays.com\/fr\/527045\/"},"modified":"2025-11-11T11:45:13","modified_gmt":"2025-11-11T11:45:13","slug":"il-est-de-retour-a-toulouse","status":"publish","type":"post","link":"https:\/\/www.europesays.com\/fr\/527045\/","title":{"rendered":"il est de retour \u00e0 Toulouse"},"content":{"rendered":"<p>            Par<br \/>\n        <strong><br \/>\n            <a href=\"https:\/\/actu.fr\/auteur\/david-saint-sernin\" title=\"Consulter tous les articles de David Saint-Sernin\" target=\"_blank\" rel=\"noopener\">David Saint-Sernin<\/a><br \/>\n        <\/strong><\/p>\n<p>        Publi\u00e9 le<\/p>\n<p>            11 nov. 2025 \u00e0 11h41        <\/p>\n<p>C\u2019est un <strong>cirque avec animaux<\/strong> qui fait causer \u00e0 chacune de ses installations. Ces derni\u00e8res semaines, qu\u2019il se soit fix\u00e9 <a href=\"https:\/\/actu.fr\/occitanie\/cugnaux_31157\/des-tigres-au-bord-d-une-route-pres-de-toulouse-un-cirque-s-installe-la-mairie-n-avait-pas-donne-son-aval_63276530.html\" target=\"_blank\" rel=\"noopener\">sans autorisation au bord d\u2019une route \u00e0 Cugnaux<\/a> ou<a href=\"https:\/\/actu.fr\/occitanie\/toulouse_31555\/ils-ont-deplace-des-voitures-avec-un-manitou-polemique-autour-d-un-cirque-controverse-a-toulouse_63302348.html\" target=\"_blank\" rel=\"noopener\"> sur un parking \u00e0 Toulouse<\/a>, il a toujours fait pol\u00e9mique. La raison\u2009: des repr\u00e9sentations qui mettent en sc\u00e8ne des animaux, ce qui n\u2019est rien d\u2019ill\u00e9gal, mais qui suscite d\u00e9sormais des r\u00e9actions clivantes de la part des gens.<\/p>\n<p>Un cirque avec animaux de retour \u00e0 Toulouse<\/p>\n<p class=\" wall-content\">Mardi 11\u00a0novembre 2025, le <strong>Grand Cirque Zavatta<\/strong> annonce qu\u2019il est de retour \u00e0 Toulouse, quartier Borderouge.<\/p>\n<p class=\" wall-content\">\u00ab\u2009Il s\u2019est install\u00e9 rue des Vignes, sur un terrain priv\u00e9\u2009\u00bb, pr\u00e9cise la Ville de Toulouse \u00e0 Actu Toulouse.<\/p>\n<p class=\" wall-content\">Le cirque pr\u00e9voit de donner des repr\u00e9sentations du samedi\u00a015 au dimanche 23\u00a0novembre 2025.<\/p>\n<p>    <a href=\"https:\/\/www.facebook.com\/plugins\/post.php?href=https%3A%2F%2Fwww.facebook.com%2Flegrandcirquezavatta%2Fposts%2Fpfbid032Xo1GTqUQ3haBS38nZ6RDbFTZA1a7GJNaGwM9yAQjfRFrgSmbX7JhxPWZtWaNWcLl&amp;show_text=true&amp;width=350\" title=\"Ouvrie le lien\" target=\"_blank\" rel=\"noopener\">Cliquez ici pour visualiser le contenu<\/a><\/p>\n<p>Plus de 50 animaux, dont un hippopotame<\/p>\n<p class=\" wall-content\">\u00ab\u2009Venez d\u00e9couvrir notre nouveau spectacle avec les jongleurs, acrobates, \u00e9quilibristes, magiciens sans oublier nos clowns qui vous feront pleurer de rire\u2009! En exclusivit\u00e9 venez d\u00e9couvrir nos majestueuses lionnes et notre star Jumbo l\u2019hippopotame g\u00e9ant\u2009! Plus de 50 animaux \u00e0 d\u00e9couvrir sont \u00e0 d\u00e9couvrir au Grand Cirque Zavatta\u2009!\u2009\u00bb, explique le cirque.<\/p>\n<p>Vid\u00e9os : en ce moment sur Actu<\/p>\n<p class=\" wall-content\">Un spectacle, ouvert \u00e0 tous, qui dure deux heures.<\/p>\n<p>Que dit la loi\u2009?<\/p>\n<p class=\" wall-content\">Pour rappel, ce genre de cirque itin\u00e9rant, avec animaux, est jusqu\u2019ici tout \u00e0 fait l\u00e9gal. Mais \u00e0 partir du 1er\u00a0d\u00e9cembre 2028, les animaux sauvages seront interdits dans les cirques itin\u00e9rants en France selon la loi du 30\u00a0novembre 2021 visant \u00e0 lutter contre la maltraitance animale. D\u2019ici 2028, les cirques doivent donc se s\u00e9parer et placer les animaux sauvages qu\u2019ils d\u00e9tiennent, comme les lions. Des animaux qui ne pourront plus suivre les cirques.<\/p>\n<p>Votre r\u00e9gion, votre actu !<\/p>\n<p>Recevez chaque jour les infos qui comptent pour vous.<\/p>\n<p>\t<a href=\"https:\/\/actu.fr\/newsletter\" class=\"ac-btn ac-btn--corner ac-btn--medium ac-btn--blue800\" target=\"_blank\" rel=\"noopener\">S&rsquo;incrire<\/a><\/p>\n<p class=\" wall-content\">En mai\u00a02025, le Gouvernement avait annonc\u00e9 un plan d\u2019accompagnement des professionnels du monde du cirque itin\u00e9rant, pour \u00ab\u2009soutenir la reconversion des \u00e9tablissements\u2009\u00bb, \u00ab\u2009accompagner la transition professionnelle\u2009\u00bb et \u00ab\u2009garantir le bien-\u00eatre des animaux.\u2009\u00bb<\/p>\n<p>Des tensions ces derniers mois<\/p>\n<p class=\" wall-content\">En attendant que la loi soit appliqu\u00e9e dans un peu plus de deux ans, l<strong>es tensions se multiplient dans l\u2019agglom\u00e9ration de Toulouse<\/strong> ces derniers mois.<\/p>\n<p class=\" wall-content\">En mai dernier, <a href=\"https:\/\/actu.fr\/occitanie\/labarthe-sur-leze_31248\/pres-de-toulouse-un-cirque-s-installe-de-facon-illegale-la-mairie-demande-aux-habitants-de-le-boycotter_62598703.html\" target=\"_blank\" rel=\"noopener\">\u00e0\u00a0Labarthe-sur-L\u00e8ze (Haute-Garonne),<\/a> au sud de Toulouse, un cirque avec animaux s\u2019\u00e9tait install\u00e9, au coeur de cette commune de 6500 habitants.<\/p>\n<p class=\" wall-content\">La mairie avait d\u00e9nonc\u00e9 une \u00ab\u2009installation ill\u00e9gale\u2009\u00bb et avait appel\u00e9 \u00ab\u2009\u00e0 boycotter le cirque\u2009\u00bb.<\/p>\n<p class=\" wall-content\">Ce fut donc \u00e9galement le cas avec le Grand Cirque Zavatta quand celui-ci <a href=\"https:\/\/actu.fr\/occitanie\/cugnaux_31157\/des-tigres-au-bord-d-une-route-pres-de-toulouse-un-cirque-s-installe-la-mairie-n-avait-pas-donne-son-aval_63276530.html\" target=\"_blank\" rel=\"noopener\">s\u2019est install\u00e9 le long d\u2019une route, d\u00e9but octobre, commune de Cugnaux.<\/a><\/p>\n<p class=\" wall-content\">Puis quand ce m\u00eame cirque <a href=\"https:\/\/actu.fr\/occitanie\/toulouse_31555\/ils-ont-deplace-des-voitures-avec-un-manitou-polemique-autour-d-un-cirque-controverse-a-toulouse_63302348.html\" target=\"_blank\" rel=\"noopener\">s\u2019est install\u00e9 mi-octobre\u00a02025 \u00e0 Basso-Cambo<\/a>. \u00ab\u2009\u00c0 leur arriv\u00e9e, ils ont d\u00e9plac\u00e9 des voitures avec un Manitou\u2009\u00bb, soufflait le conseiller municipal d\u00e9l\u00e9gu\u00e9 \u00e0 la politique de la ville, Ga\u00ebtan Cognard. \u00ab\u2009Au regard des d\u00e9gradations constat\u00e9es sur le parking et des vols d\u2019\u00e9nergie\u2009\u00bb, la mairie de Toulouse avait indiqu\u00e9 vouloir d\u00e9poser plainte.<\/p>\n<p>    <a href=\"https:\/\/www.google.com\/maps\/embed?pb=!1m17!1m12!1m3!1d99341.45979353569!2d1.3094937966992386!3d43.628443100662835!2m3!1f0!2f0!3f0!3m2!1i1024!2i768!4f13.1!3m2!1m1!2zNDPCsDM4JzQ0LjEiTiAxwrAyNycxNC4yIkU!5e1!3m2!1sfr!2sfr!4v1762855180600!5m2!1sfr!2sfr\" title=\"Ouvrie le lien\" target=\"_blank\" rel=\"noopener\">Cliquez ici pour visualiser le contenu<\/a><\/p>\n<p class=\" wall-content\">Personnalisez votre actualit\u00e9 en ajoutant vos villes et m\u00e9dias en favori avec <a href=\"https:\/\/moncompte.actu.fr\" title=\"D\u00e9couvez Mon Actu\" rel=\"nofollow noopener\" data-trk=\"{&quot;cta&quot;:{&quot;action&quot;:&quot;https:\\\/\\\/moncompte.actu.fr&quot;,&quot;category&quot;:&quot;mon compte&quot;,&quot;from&quot;:&quot;article footer&quot;,&quot;name&quot;:&quot;Mon actu&quot;,&quot;type&quot;:&quot;cta&quot;}}\" target=\"_blank\">Mon Actu<\/a>.<\/p>\n","protected":false},"excerpt":{"rendered":"Par David Saint-Sernin Publi\u00e9 le 11 nov. 2025 \u00e0 11h41 C\u2019est un cirque avec animaux qui fait causer&hellip;\n","protected":false},"author":2,"featured_media":527046,"comment_status":"","ping_status":"","sticky":false,"template":"","format":"standard","meta":{"footnotes":""},"categories":[2816],"tags":[1111,11,1777,674,1011,27,12,2680,25,104,1341,2312],"class_list":{"0":"post-527045","1":"post","2":"type-post","3":"status-publish","4":"format-standard","5":"has-post-thumbnail","7":"category-toulouse","8":"tag-actu","9":"tag-actualites","10":"tag-eu","11":"tag-europe","12":"tag-fr","13":"tag-france","14":"tag-news","15":"tag-occitanie","16":"tag-republique-francaise","17":"tag-societe","18":"tag-sortir-a-toulouse","19":"tag-toulouse"},"share_on_mastodon":{"url":"https:\/\/pubeurope.com\/@fr\/115530899501830163","error":""},"_links":{"self":[{"href":"https:\/\/www.europesays.com\/fr\/wp-json\/wp\/v2\/posts\/527045","targetHints":{"allow":["GET"]}}],"collection":[{"href":"https:\/\/www.europesays.com\/fr\/wp-json\/wp\/v2\/posts"}],"about":[{"href":"https:\/\/www.europesays.com\/fr\/wp-json\/wp\/v2\/types\/post"}],"author":[{"embeddable":true,"href":"https:\/\/www.europesays.com\/fr\/wp-json\/wp\/v2\/users\/2"}],"replies":[{"embeddable":true,"href":"https:\/\/www.europesays.com\/fr\/wp-json\/wp\/v2\/comments?post=527045"}],"version-history":[{"count":0,"href":"https:\/\/www.europesays.com\/fr\/wp-json\/wp\/v2\/posts\/527045\/revisions"}],"wp:featuredmedia":[{"embeddable":true,"href":"https:\/\/www.europesays.com\/fr\/wp-json\/wp\/v2\/media\/527046"}],"wp:attachment":[{"href":"https:\/\/www.europesays.com\/fr\/wp-json\/wp\/v2\/media?parent=527045"}],"wp:term":[{"taxonomy":"category","embeddable":true,"href":"https:\/\/www.europesays.com\/fr\/wp-json\/wp\/v2\/categories?post=527045"},{"taxonomy":"post_tag","embeddable":true,"href":"https:\/\/www.europesays.com\/fr\/wp-json\/wp\/v2\/tags?post=527045"}],"curies":[{"name":"wp","href":"https:\/\/api.w.org\/{rel}","templated":true}]}}