{"id":527051,"date":"2025-11-11T11:48:20","date_gmt":"2025-11-11T11:48:20","guid":{"rendered":"https:\/\/www.europesays.com\/fr\/527051\/"},"modified":"2025-11-11T11:48:20","modified_gmt":"2025-11-11T11:48:20","slug":"le-chateau-promicea-batisse-emblematique-a-marseille-va-rouvrir-ses-portes","status":"publish","type":"post","link":"https:\/\/www.europesays.com\/fr\/527051\/","title":{"rendered":"Le ch\u00e2teau Promicea, b\u00e2tisse embl\u00e9matique \u00e0 Marseille, va rouvrir ses portes"},"content":{"rendered":"<p>Le ch\u00e2teau Promicea, embl\u00e9matique b\u00e2tisse marseillaise \u00e9rig\u00e9e en 1894, s\u2019appr\u00eate \u00e0 rouvrir ses portes apr\u00e8s une transformation d\u2019envergure. Le spa \u00ab\u00a0Les Thermes Marins\u00a0\u00bb, fleuron de l\u2019\u00e9tablissement, a subi une r\u00e9novation compl\u00e8te, port\u00e9e par la vision d\u2019Alexandra Bouchard, responsable du spa et membre de la famille propri\u00e9taire.<\/p>\n<p>Ferm\u00e9 en novembre\u00a02024, le spa a \u00e9t\u00e9 enti\u00e8rement repens\u00e9. \u00ab\u00a0Tout de A \u00e0 Z, on n\u2019a rien gard\u00e9\u00a0\u00bb, affirme Alexandra Bouchard. Cette m\u00e9tamorphose, la plus importante depuis la cr\u00e9ation du centre en 1989, vise \u00e0 offrir une exp\u00e9rience r\u00e9solument moderne et haut de gamme. L\u2019architecte Guillaume Pujol a orchestr\u00e9 ce projet ambitieux, qui promet de red\u00e9finir les standards du bien-\u00eatre \u00e0 Marseille.<\/p>\n<p>La simple r\u00e9novation s\u2019est transform\u00e9e en une v\u00e9ritable \u00ab\u00a0renaissance\u00a0\u00bb. Au d\u00e9part, \u00ab\u00a0on a ferm\u00e9 pour les travaux, mais on n\u2019\u00e9tait pas du tout parti pour tout refaire. Sauf quand on a commenc\u00e9 \u00e0 d\u00e9molir, on a vu que\u2026 C\u2019\u00e9tait l\u2019occasion de tout refaire.\u00a0\u00bb<\/p>\n<p>Fini les peignoirs dans l\u2019accueil\u00a0! De nouveaux vestiaires s\u00e9par\u00e9s pour hommes et femmes\u00a0permettront aux visiteurs de descendre en peignoir directement dans les zones de soins.<\/p>\n<p>Un accueil PMR (Personnes \u00e0 mobilit\u00e9 r\u00e9duite) a \u00e9galemen&#8230;<\/p>\n","protected":false},"excerpt":{"rendered":"Le ch\u00e2teau Promicea, embl\u00e9matique b\u00e2tisse marseillaise \u00e9rig\u00e9e en 1894, s\u2019appr\u00eate \u00e0 rouvrir ses portes apr\u00e8s une transformation d\u2019envergure.&hellip;\n","protected":false},"author":2,"featured_media":527052,"comment_status":"","ping_status":"","sticky":false,"template":"","format":"standard","meta":{"footnotes":""},"categories":[2814],"tags":[17,1111,11,64629,4811,33,33688,1777,674,1011,27,884,12,64628,882,25,48605,2407],"class_list":{"0":"post-527051","1":"post","2":"type-post","3":"status-publish","4":"format-standard","5":"has-post-thumbnail","7":"category-marseille","8":"tag-17","9":"tag-actu","10":"tag-actualites","11":"tag-batisse","12":"tag-chateau","13":"tag-economie","14":"tag-emblematique","15":"tag-eu","16":"tag-europe","17":"tag-fr","18":"tag-france","19":"tag-marseille","20":"tag-news","21":"tag-promicea","22":"tag-provence-alpes-cote-dazur","23":"tag-republique-francaise","24":"tag-rouvrir","25":"tag-ses"},"share_on_mastodon":{"url":"https:\/\/pubeurope.com\/@fr\/115530911447493720","error":""},"_links":{"self":[{"href":"https:\/\/www.europesays.com\/fr\/wp-json\/wp\/v2\/posts\/527051","targetHints":{"allow":["GET"]}}],"collection":[{"href":"https:\/\/www.europesays.com\/fr\/wp-json\/wp\/v2\/posts"}],"about":[{"href":"https:\/\/www.europesays.com\/fr\/wp-json\/wp\/v2\/types\/post"}],"author":[{"embeddable":true,"href":"https:\/\/www.europesays.com\/fr\/wp-json\/wp\/v2\/users\/2"}],"replies":[{"embeddable":true,"href":"https:\/\/www.europesays.com\/fr\/wp-json\/wp\/v2\/comments?post=527051"}],"version-history":[{"count":0,"href":"https:\/\/www.europesays.com\/fr\/wp-json\/wp\/v2\/posts\/527051\/revisions"}],"wp:featuredmedia":[{"embeddable":true,"href":"https:\/\/www.europesays.com\/fr\/wp-json\/wp\/v2\/media\/527052"}],"wp:attachment":[{"href":"https:\/\/www.europesays.com\/fr\/wp-json\/wp\/v2\/media?parent=527051"}],"wp:term":[{"taxonomy":"category","embeddable":true,"href":"https:\/\/www.europesays.com\/fr\/wp-json\/wp\/v2\/categories?post=527051"},{"taxonomy":"post_tag","embeddable":true,"href":"https:\/\/www.europesays.com\/fr\/wp-json\/wp\/v2\/tags?post=527051"}],"curies":[{"name":"wp","href":"https:\/\/api.w.org\/{rel}","templated":true}]}}