{"id":527055,"date":"2025-11-11T11:50:12","date_gmt":"2025-11-11T11:50:12","guid":{"rendered":"https:\/\/www.europesays.com\/fr\/527055\/"},"modified":"2025-11-11T11:50:12","modified_gmt":"2025-11-11T11:50:12","slug":"lyon-lappartement-et-les-9-valises-cachaient-un-sacre-magot-la-police-fait-un-gros-coup","status":"publish","type":"post","link":"https:\/\/www.europesays.com\/fr\/527055\/","title":{"rendered":"Lyon. L&rsquo;appartement et les 9 valises cachaient un sacr\u00e9 magot, la police fait un gros coup"},"content":{"rendered":"<p>            Par<br \/>\n        <strong><br \/>\n            <a href=\"https:\/\/actu.fr\/auteur\/redaction-lyon\" title=\"Consulter tous les articles de R\u00e9daction Lyon\" rel=\"nofollow noopener\" target=\"_blank\">R\u00e9daction Lyon<\/a><br \/>\n        <\/strong><\/p>\n<p>        Publi\u00e9 le<\/p>\n<p>            11 nov. 2025 \u00e0 10h42<br \/>\n        ; mis \u00e0 jour le 11 nov. 2025 \u00e0 10h44    <\/p>\n<p>Plus de <strong>800 kilos de cannabis<\/strong>, destin\u00e9s \u00e0 alimenter les r\u00e9seaux de stup\u00e9fiants lyonnais et st\u00e9phanois, ont \u00e9t\u00e9 saisis fin octobre et <strong>quatre suspects ont \u00e9t\u00e9 mis en examen et plac\u00e9s en d\u00e9tention provisoire<\/strong>, a annonc\u00e9 lundi 10 novembre 2025 la direction interd\u00e9partementale de la police nationale du Rh\u00f4ne.\u00a0<\/p>\n<p class=\" wall-content\">Ces derniers ont \u00e9t\u00e9 arr\u00eat\u00e9s les 20 et 21 octobre dans le cadre d\u2019une op\u00e9ration conjointe des policiers de l\u2019antenne lyonnaise de l\u2019office anti-stup\u00e9fiants (Ofast) et de ceux de la Division de la criminalit\u00e9 organis\u00e9e et sp\u00e9cialis\u00e9e (DCOS) de la Loire, pr\u00e9cise-t-elle dans un communiqu\u00e9.<\/p>\n<p>Des \u00ab\u00a0centaines de kilos de r\u00e9sine de cannabis\u00a0\u00bb stock\u00e9s pr\u00e8s de Lyon<\/p>\n<p class=\" wall-content\">Initi\u00e9e durant l\u2019automne 2024, l\u2019enqu\u00eate a permis de remonter \u00e0 trois d\u2019entre eux, le premier stockant au domicile familial, pr\u00e8s de Lyon, des \u00ab\u00a0centaines de kilos de r\u00e9sine de cannabis\u00a0\u00bb provenant d\u2019Espagne, et les deux autres \u00ab\u00a0participant activement au trafic dans la Loire\u00a0\u00bb, ajoute-t-elle. \u00a0\u00a0<\/p>\n<p class=\" wall-content\">Les trois hommes ont \u00e9t\u00e9 ensuite interpell\u00e9s par les enqu\u00eateurs qui ont notamment r\u00e9cup\u00e9r\u00e9 chez l\u2019un d\u2019eux \u00ab\u00a0342 kg de r\u00e9sine de cannabis, une arme de poing\u00a0\u00bb, ainsi que \u00ab\u00a0109 munitions et des emballages vides\u00a0\u00bb de valises marocaines (ndlr: paquets en carton ferm\u00e9s par un adh\u00e9sif), selon la m\u00eame source.<\/p>\n<p>Des valises marocaines saisies<\/p>\n<p class=\" wall-content\">La perquisition d\u2019un box dans la Loire a aussi permis la d\u00e9couverte de \u00ab\u00a0478 kg de cannabis\u00a0\u00bb contenus dans \u00ab\u00a09 valises marocaines\u00a0\u00bb et 6 grands sacs de stockage ainsi que celle d\u2019un \u00ab\u00a0v\u00e9hicule vol\u00e9\u00a0\u00bb.<\/p>\n<p class=\" wall-content\">Quelque 17.000 euros en liquide ont \u00e9galement \u00e9t\u00e9 saisis dans l\u2019appartement d\u2019un des trois mis en cause.<\/p>\n<p class=\" wall-content\">Le lendemain de cette op\u00e9ration, le quatri\u00e8me suspect, un trafiquant st\u00e9phanois en lien avec le trafic, a \u00e9t\u00e9 arr\u00eat\u00e9 chez lui, la police ayant retrouv\u00e9 \u00e0 son domicile et chez sa m\u00e8re \u00ab\u00a0deux fusils d\u2019assaut, deux armes de poing, une centaine de munitions\u00a0\u00bb et \u00ab\u00a0un gilet par balle\u00a0\u00bb, a conclu le communiqu\u00e9.<\/p>\n<p class=\" wall-content\"><strong>AFP<\/strong><\/p>\n<p class=\" wall-content\">Personnalisez votre actualit\u00e9 en ajoutant vos villes et m\u00e9dias en favori avec <a href=\"https:\/\/moncompte.actu.fr\" title=\"D\u00e9couvez Mon Actu\" rel=\"nofollow noopener\" data-trk=\"{&quot;cta&quot;:{&quot;action&quot;:&quot;https:\\\/\\\/moncompte.actu.fr&quot;,&quot;category&quot;:&quot;mon compte&quot;,&quot;from&quot;:&quot;article footer&quot;,&quot;name&quot;:&quot;Mon actu&quot;,&quot;type&quot;:&quot;cta&quot;}}\" target=\"_blank\">Mon Actu<\/a>.<\/p>\n","protected":false},"excerpt":{"rendered":"Par R\u00e9daction Lyon Publi\u00e9 le 11 nov. 2025 \u00e0 10h42 ; mis \u00e0 jour le 11 nov. 2025&hellip;\n","protected":false},"author":2,"featured_media":527056,"comment_status":"","ping_status":"","sticky":false,"template":"","format":"standard","meta":{"footnotes":""},"categories":[1889],"tags":[1111,11,2430,1052,1777,674,1011,27,303,2428,12,1072,25,104],"class_list":{"0":"post-527055","1":"post","2":"type-post","3":"status-publish","4":"format-standard","5":"has-post-thumbnail","7":"category-lyon","8":"tag-actu","9":"tag-actualites","10":"tag-auvergne-rhone-alpes","11":"tag-drogue","12":"tag-eu","13":"tag-europe","14":"tag-fr","15":"tag-france","16":"tag-justice","17":"tag-lyon","18":"tag-news","19":"tag-police","20":"tag-republique-francaise","21":"tag-societe"},"share_on_mastodon":{"url":"https:\/\/pubeurope.com\/@fr\/115530919160475979","error":""},"_links":{"self":[{"href":"https:\/\/www.europesays.com\/fr\/wp-json\/wp\/v2\/posts\/527055","targetHints":{"allow":["GET"]}}],"collection":[{"href":"https:\/\/www.europesays.com\/fr\/wp-json\/wp\/v2\/posts"}],"about":[{"href":"https:\/\/www.europesays.com\/fr\/wp-json\/wp\/v2\/types\/post"}],"author":[{"embeddable":true,"href":"https:\/\/www.europesays.com\/fr\/wp-json\/wp\/v2\/users\/2"}],"replies":[{"embeddable":true,"href":"https:\/\/www.europesays.com\/fr\/wp-json\/wp\/v2\/comments?post=527055"}],"version-history":[{"count":0,"href":"https:\/\/www.europesays.com\/fr\/wp-json\/wp\/v2\/posts\/527055\/revisions"}],"wp:featuredmedia":[{"embeddable":true,"href":"https:\/\/www.europesays.com\/fr\/wp-json\/wp\/v2\/media\/527056"}],"wp:attachment":[{"href":"https:\/\/www.europesays.com\/fr\/wp-json\/wp\/v2\/media?parent=527055"}],"wp:term":[{"taxonomy":"category","embeddable":true,"href":"https:\/\/www.europesays.com\/fr\/wp-json\/wp\/v2\/categories?post=527055"},{"taxonomy":"post_tag","embeddable":true,"href":"https:\/\/www.europesays.com\/fr\/wp-json\/wp\/v2\/tags?post=527055"}],"curies":[{"name":"wp","href":"https:\/\/api.w.org\/{rel}","templated":true}]}}