{"id":527058,"date":"2025-11-11T11:53:12","date_gmt":"2025-11-11T11:53:12","guid":{"rendered":"https:\/\/www.europesays.com\/fr\/527058\/"},"modified":"2025-11-11T11:53:12","modified_gmt":"2025-11-11T11:53:12","slug":"ile-de-france-tout-savoir-sur-les-plus-grands-marches-de-noel-de-lhiver-2025","status":"publish","type":"post","link":"https:\/\/www.europesays.com\/fr\/527058\/","title":{"rendered":"\u00cele-de-France\u00a0: tout savoir sur les plus grands march\u00e9s de No\u00ebl de l\u2019hiver 2025"},"content":{"rendered":"<p class=\"paragraph text_align_left lp-f-body-02\">\u00c0 peine les citrouilles d\u2019Halloween rang\u00e9es, <a href=\"https:\/\/www.leparisien.fr\/paris-75\/paris-galeries-lafayette-printemps-samaritaine-bhv-tout-ce-quil-faut-savoir-sur-les-vitrines-de-noel-12-11-2024-PKCO6NAPUZDPTKCZHJERGS7WYQ.php\" target=\"_blank\" rel=\"noreferrer nofollow noopener\">sapins et guirlandes lumineuses<\/a> investissent d\u00e9j\u00e0 la r\u00e9gion parisienne. D\u00e8s mercredi prochain, l\u2019\u00cele-de-France bascule dans la magie de No\u00ebl avec le retour de ses grands march\u00e9s, qui attirent chaque hiver des millions de visiteurs en qu\u00eate de f\u00e9erie.<\/p>\n<p class=\"paragraph text_align_left lp-f-body-02\">Le coup d\u2019envoi sera donn\u00e9 \u00e0 La D\u00e9fense, d\u00e8s le 13 novembre. Avec ses 300 chalets d\u00e9ploy\u00e9s sur 13 000 m2 au pied de la Grande Arche, le plus grand march\u00e9 de No\u00ebl de la r\u00e9gion f\u00eate cette ann\u00e9e ses 30 ans. Et voit les choses en grand : patinoire XXL de 540 m2 en glace v\u00e9ritable, quatre man\u00e8ges, boutique cadeau de plus de 1 000 m2 et un programme charg\u00e9 avec plus de 100 animations jusqu\u2019au 28 d\u00e9cembre. Afterworks, concerts, DJ sets, d\u00e9fil\u00e9s de personnages lumineux, ateliers cr\u00e9atifs\u2026 L\u2019an dernier, le site avait <a href=\"https:\/\/www.leparisien.fr\/hauts-de-seine-92\/le-marche-de-noel-de-la-defense-depasse-le-million-de-visiteurs-17-12-2024-TKB6TAAZXZCY7AMRI2Q6ISKKWM.php\" target=\"_blank\" rel=\"noreferrer nofollow noopener\">d\u00e9pass\u00e9 le million de visiteurs<\/a>.<\/p>\n<p>Made in France, gastronomie et artisanat<\/p>\n<p class=\"paragraph text_align_left lp-f-body-02\">Deux jours plus tard, le 15 novembre, c\u2019est au tour du <a href=\"https:\/\/www.leparisien.fr\/paris-75\/paris-au-jardin-des-tuileries-y-a-t-il-trop-de-fetes-20-05-2025-NHJTRS2NOZB63NBIH4ARZIMLOY.php\" target=\"_blank\" rel=\"noreferrer nofollow noopener\">jardin des Tuileries<\/a> de se parer de ses habits de f\u00eate. \u00ab La Magie de No\u00ebl \u00bb, install\u00e9e depuis 2018 apr\u00e8s son d\u00e9part des Champs-\u00c9lys\u00e9es, attire d\u00e9sormais plus de deux millions de curieux par an. Entre le Louvre et la place de la Concorde, une centaine de chalets m\u00ealent artisanat fran\u00e7ais (80 % des produits) et attractions foraines. Grande roue avec vue imprenable sur la capitale, patinoire de 250 m2, man\u00e8ges pour tous les \u00e2ges\u2026 Les week-ends et pendant les vacances, des spectacles gratuits racontent l\u2019histoire de la For\u00eat magique jusqu\u2019au 4 janvier 2026.<\/p>\n<p class=\"paragraph text_align_left lp-f-body-02\">Le 21 novembre, ce sera \u00e0 <a href=\"https:\/\/www.leparisien.fr\/paris-75\/paris-laire-pietonne-sur-la-butte-montmartre-ne-sera-pas-effective-avant-les-elections-municipales-07-11-2025-XKTY3SSMABDRJCIFUYZ7JFUGK4.php\" target=\"_blank\" rel=\"noreferrer nofollow noopener\">Montmartre<\/a> d\u2019entrer dans la danse. Place des Abbesses, le march\u00e9 \u00ab 100 % <a href=\"https:\/\/www.leparisien.fr\/economie\/consommation\/lorigine-france-est-attaquee-de-toute-part-le-cri-dalerte-de-deux-patrons-sur-les-produits-laitiers-08-11-2025-IDF3UNN3FJHQZIAGIZ7OWDKQPU.php\" target=\"_blank\" rel=\"noreferrer nofollow noopener\">made in France<\/a> \u00bb devrait tenir jusqu\u2019au 5 janvier. Dans l\u2019ambiance boh\u00e8me du quartier, une vingtaine de chalets en bois mettent \u00e0 l\u2019honneur cr\u00e9ateurs et artisans d\u2019art : bijoux, poteries, d\u00e9corations, produits du terroir\u2026<\/p>\n<p class=\"paragraph text_align_left lp-f-body-02\">Fin novembre, la capitale multiplie les rendez-vous. Le 28, le parvis de la gare de l\u2019Est devrait accueillir le plus ancien <a href=\"https:\/\/www.leparisien.fr\/faits-divers\/docteur-google-le-curieux-profil-de-lauteur-de-lattentat-du-marche-de-noel-juge-en-allemagne-10-11-2025-VABQVJD4TBFCRJ5MPET6Z4EZ5Y.php\" target=\"_blank\" rel=\"noreferrer nofollow noopener\">march\u00e9 de No\u00ebl<\/a> alsacien organis\u00e9 hors d\u2019Alsace, jusqu\u2019au 14 d\u00e9cembre. Une vingtaine d\u2019artisans venus tout droit de la r\u00e9gion proposeront bretzels, bredele (petits g\u00e2teaux typiques de la r\u00e9gion), pains d\u2019\u00e9pices et vins locaux.<\/p>\n<p class=\"paragraph text_align_left lp-f-body-02\">Le 30 novembre, Saint-Germain-des-Pr\u00e9s renoue avec la tradition. Au pied de l\u2019\u00e9glise, le march\u00e9 qui c\u00e9l\u00e8bre cette ann\u00e9e sa 25e \u00e9dition devrait r\u00e9unir une quarantaine de chalets jusqu\u2019au 5 janvier. Objets d\u00e9coratifs et sp\u00e9cialit\u00e9s gastronomiques dans une ambiance conviviale garantie.<\/p>\n<p class=\"paragraph text_align_left lp-f-body-02\">D\u00e9cembre sonne l\u2019heure des derni\u00e8res ouvertures. Du 8 au 25, le march\u00e9 de Notre-Dame devrait s\u2019installer comme \u00e0 son habitude au square Ren\u00e9-Viviani, face \u00e0 la cath\u00e9drale. Quarantaine de chalets d\u2019artisans fran\u00e7ais, c\u00e9ramique, textiles, jouets en bois et stands gourmands pour un No\u00ebl authentique.<\/p>\n<p>Et en dehors de Paris ?<\/p>\n<p class=\"paragraph text_align_left lp-f-body-02\">Au-del\u00e0 du p\u00e9riph\u00e9rique, la Seine-et-Marne fait aussi des \u00e9tincelles. Du 5 au 7 d\u00e9cembre, Cr\u00e9cy-la-Chapelle, la \u00ab Venise Briarde \u00bb, devrait transformer son centre m\u00e9di\u00e9val en village de No\u00ebl avec 80 \u00e0 110 exposants. Une semaine plus tard, les 13 et 14 d\u00e9cembre, <a href=\"https:\/\/www.leparisien.fr\/seine-et-marne-77\/marche-de-noel-medieval-en-ville-haute-et-contemporain-en-ville-basse-provins-double-la-mise-10-12-2022-CH4BR3C5RVGDRAM4XKO7KHXJ4Q.php\" target=\"_blank\" rel=\"noreferrer nofollow noopener\">Provins plonge dans le Moyen \u00c2ge<\/a>. Dans la cit\u00e9 class\u00e9e \u00e0 l\u2019Unesco, une soixantaine d\u2019artisans, spectacles de jonglerie, combats de chevaliers et spectacles de feu recr\u00e9ent l\u2019atmosph\u00e8re d\u2019antan.<\/p>\n<p class=\"paragraph text_align_left lp-f-body-02\">Enfin, impossible de passer \u00e0 c\u00f4t\u00e9 du <a href=\"https:\/\/www.leparisien.fr\/essonne-91\/cest-magnifique-a-janvry-le-succes-monstre-du-marche-de-noel-ne-se-dement-pas-30-11-2024-X5DX4B32UFHUHL2IGUZM4L6KVM.php\" target=\"_blank\" rel=\"noreferrer nofollow noopener\">march\u00e9 de Janvry<\/a>. Dans ce village de 630 habitants nich\u00e9 au c\u0153ur de la vall\u00e9e de Chevreuse, l\u2019un des rendez-vous les plus courus d\u2019\u00cele-de-France revient les 28, 29, 30 novembre et les 5, 6, 7 d\u00e9cembre. Une v\u00e9ritable institution qui f\u00eate sa 28e \u00e9dition et attire entre 70 000 et 100 000 visiteurs. Une centaine d\u2019exposants, costumes d\u2019\u00e9poque, illuminations f\u00e9eriques, man\u00e8ges et arriv\u00e9e spectaculaire du P\u00e8re No\u00ebl\u2026 Le village se transforme en \u00e9crin de f\u00eate.<\/p>\n","protected":false},"excerpt":{"rendered":"\u00c0 peine les citrouilles d\u2019Halloween rang\u00e9es, sapins et guirlandes lumineuses investissent d\u00e9j\u00e0 la r\u00e9gion parisienne. D\u00e8s mercredi prochain,&hellip;\n","protected":false},"author":2,"featured_media":527059,"comment_status":"","ping_status":"","sticky":false,"template":"","format":"standard","meta":{"footnotes":""},"categories":[1592],"tags":[1111,11,872,1777,674,1011,27,662,1944,12,626,25],"class_list":{"0":"post-527058","1":"post","2":"type-post","3":"status-publish","4":"format-standard","5":"has-post-thumbnail","7":"category-ile-de-france","8":"tag-actu","9":"tag-actualites","10":"tag-culture-et-loisirs","11":"tag-eu","12":"tag-europe","13":"tag-fr","14":"tag-france","15":"tag-ile-de-france","16":"tag-ma-ville","17":"tag-news","18":"tag-paris","19":"tag-republique-francaise"},"share_on_mastodon":{"url":"https:\/\/pubeurope.com\/@fr\/115530930980192098","error":""},"_links":{"self":[{"href":"https:\/\/www.europesays.com\/fr\/wp-json\/wp\/v2\/posts\/527058","targetHints":{"allow":["GET"]}}],"collection":[{"href":"https:\/\/www.europesays.com\/fr\/wp-json\/wp\/v2\/posts"}],"about":[{"href":"https:\/\/www.europesays.com\/fr\/wp-json\/wp\/v2\/types\/post"}],"author":[{"embeddable":true,"href":"https:\/\/www.europesays.com\/fr\/wp-json\/wp\/v2\/users\/2"}],"replies":[{"embeddable":true,"href":"https:\/\/www.europesays.com\/fr\/wp-json\/wp\/v2\/comments?post=527058"}],"version-history":[{"count":0,"href":"https:\/\/www.europesays.com\/fr\/wp-json\/wp\/v2\/posts\/527058\/revisions"}],"wp:featuredmedia":[{"embeddable":true,"href":"https:\/\/www.europesays.com\/fr\/wp-json\/wp\/v2\/media\/527059"}],"wp:attachment":[{"href":"https:\/\/www.europesays.com\/fr\/wp-json\/wp\/v2\/media?parent=527058"}],"wp:term":[{"taxonomy":"category","embeddable":true,"href":"https:\/\/www.europesays.com\/fr\/wp-json\/wp\/v2\/categories?post=527058"},{"taxonomy":"post_tag","embeddable":true,"href":"https:\/\/www.europesays.com\/fr\/wp-json\/wp\/v2\/tags?post=527058"}],"curies":[{"name":"wp","href":"https:\/\/api.w.org\/{rel}","templated":true}]}}