{"id":527060,"date":"2025-11-11T11:54:13","date_gmt":"2025-11-11T11:54:13","guid":{"rendered":"https:\/\/www.europesays.com\/fr\/527060\/"},"modified":"2025-11-11T11:54:13","modified_gmt":"2025-11-11T11:54:13","slug":"en-pleine-ceremonie-du-11-novembre-a-paris-il-demande-a-completer-son-stage-aupres-demmanuel-macron","status":"publish","type":"post","link":"https:\/\/www.europesays.com\/fr\/527060\/","title":{"rendered":"En pleine c\u00e9r\u00e9monie du 11-Novembre \u00e0 Paris, il demande \u00e0 \u00ab\u00a0compl\u00e9ter son stage\u00a0\u00bb aupr\u00e8s d&rsquo;Emmanuel Macron"},"content":{"rendered":"<p>            Par<br \/>\n        <strong><br \/>\n            <a href=\"https:\/\/actu.fr\/auteur\/marie-amelie-marchal\" title=\"Consulter tous les articles de Marie Amelie Marchal\" target=\"_blank\" rel=\"noopener\">Marie Amelie Marchal<\/a><br \/>\n        <\/strong><\/p>\n<p>        Publi\u00e9 le<\/p>\n<p>            11 nov. 2025 \u00e0 11h54        <\/p>\n<p>L\u2019\u00e9change est furtif mais l\u2019intention est claire. Mardi 11 novembre 2025, un jeune homme a profit\u00e9 de serrer \u00e0 la main \u00e0 <a href=\"https:\/\/actu.fr\/tag\/emmanuel-macron\" target=\"_blank\" rel=\"noopener\">Emmanuel Macron<\/a> lors de la c\u00e9r\u00e9monie de <a href=\"https:\/\/actu.fr\/societe\/le-11-novembre-ce-n-est-pas-que-l-armistice-que-celebre-t-on-aussi-pendant-ce-jour-ferie-en-france_63418447.html\" target=\"_blank\" rel=\"noopener\">comm\u00e9moration<\/a> sous l\u2019Arc de Triomphe pour demander \u00e0 <strong>passer quelques jours \u00e0 l\u2019\u00c9lys\u00e9e<\/strong> apr\u00e8s un stage au <a href=\"https:\/\/actu.fr\/tag\/senat\" target=\"_blank\" rel=\"noopener\">S\u00e9nat<\/a>.\u00a0<\/p>\n<p>Une candidature expresse sous les cam\u00e9ras\u00a0<\/p>\n<p class=\" wall-content\">L\u2019occasion \u00e9tait trop belle pour Albert. \u00c0 l\u2019occasion de la c\u00e9r\u00e9monie de comm\u00e9moration du 11-Novembre et de sa poign\u00e9e de main avec le pr\u00e9sident de la R\u00e9publique, le gar\u00e7on en a profit\u00e9 pour demander \u00e0 prolonger son stage au S\u00e9nat avec quelques \u00ab\u00a0jours \u00e0 l\u2019\u00c9lys\u00e9e\u00a0\u00bb avec lui.<\/p>\n<p class=\" wall-content\">\u00ab\u00a0J\u2019ai d\u00e9j\u00e0 trouv\u00e9 un stage au S\u00e9nat avec le s\u00e9nateur (inaudible) et j\u2019aimerai savoir s\u2019il \u00e9tait possible de compl\u00e9ter mes jours \u00e0 l\u2019\u00c9lys\u00e9e avec vous\u00a0\u00bb peut on entendre alors que l\u2019orchestre a suspendu un temps, son air.\u00a0<\/p>\n<p class=\" wall-content\">Sous l\u2019\u0153il des cam\u00e9ras, le jeune homme a ainsi interpell\u00e9 le chef de l\u2019\u00c9tat \u00e0 l\u2019instar de l\u2019\u00e9tudiante de Sciences Po qui avait <a href=\"https:\/\/actu.fr\/ile-de-france\/paris_75056\/paris-j-ai-deja-travaille-pour-vous-emmanuel-macron-interpelle-par-une-etudiante-en-recherche-de-stage_63376798.html\" target=\"_blank\" rel=\"noopener\">r\u00e9clam\u00e9 un stage de six mois<\/a> lors du passage d\u2019Emmanuel Macron au Forum de la Paix.<\/p>\n<p class=\" wall-content\">Personnalisez votre actualit\u00e9 en ajoutant vos villes et m\u00e9dias en favori avec <a href=\"https:\/\/moncompte.actu.fr\" title=\"D\u00e9couvez Mon Actu\" rel=\"nofollow noopener\" data-trk=\"{&quot;cta&quot;:{&quot;action&quot;:&quot;https:\\\/\\\/moncompte.actu.fr&quot;,&quot;category&quot;:&quot;mon compte&quot;,&quot;from&quot;:&quot;article footer&quot;,&quot;name&quot;:&quot;Mon actu&quot;,&quot;type&quot;:&quot;cta&quot;}}\" target=\"_blank\">Mon Actu<\/a>.<\/p>\n","protected":false},"excerpt":{"rendered":"Par Marie Amelie Marchal Publi\u00e9 le 11 nov. 2025 \u00e0 11h54 L\u2019\u00e9change est furtif mais l\u2019intention est claire.&hellip;\n","protected":false},"author":2,"featured_media":527061,"comment_status":"","ping_status":"","sticky":false,"template":"","format":"standard","meta":{"footnotes":""},"categories":[1888],"tags":[1111,1928,11,1927,1073,1777,674,1011,27,1757,39144,12,1926,626,1925,25],"class_list":{"0":"post-527060","1":"post","2":"type-post","3":"status-publish","4":"format-standard","5":"has-post-thumbnail","7":"category-paris","8":"tag-actu","9":"tag-actu-paris","10":"tag-actualites","11":"tag-actualites-paris","12":"tag-emmanuel-macron","13":"tag-eu","14":"tag-europe","15":"tag-fr","16":"tag-france","17":"tag-insolite","18":"tag-jours-feries","19":"tag-news","20":"tag-news-paris","21":"tag-paris","22":"tag-paris-news","23":"tag-republique-francaise"},"share_on_mastodon":{"url":"https:\/\/pubeurope.com\/@fr\/115530934958010789","error":""},"_links":{"self":[{"href":"https:\/\/www.europesays.com\/fr\/wp-json\/wp\/v2\/posts\/527060","targetHints":{"allow":["GET"]}}],"collection":[{"href":"https:\/\/www.europesays.com\/fr\/wp-json\/wp\/v2\/posts"}],"about":[{"href":"https:\/\/www.europesays.com\/fr\/wp-json\/wp\/v2\/types\/post"}],"author":[{"embeddable":true,"href":"https:\/\/www.europesays.com\/fr\/wp-json\/wp\/v2\/users\/2"}],"replies":[{"embeddable":true,"href":"https:\/\/www.europesays.com\/fr\/wp-json\/wp\/v2\/comments?post=527060"}],"version-history":[{"count":0,"href":"https:\/\/www.europesays.com\/fr\/wp-json\/wp\/v2\/posts\/527060\/revisions"}],"wp:featuredmedia":[{"embeddable":true,"href":"https:\/\/www.europesays.com\/fr\/wp-json\/wp\/v2\/media\/527061"}],"wp:attachment":[{"href":"https:\/\/www.europesays.com\/fr\/wp-json\/wp\/v2\/media?parent=527060"}],"wp:term":[{"taxonomy":"category","embeddable":true,"href":"https:\/\/www.europesays.com\/fr\/wp-json\/wp\/v2\/categories?post=527060"},{"taxonomy":"post_tag","embeddable":true,"href":"https:\/\/www.europesays.com\/fr\/wp-json\/wp\/v2\/tags?post=527060"}],"curies":[{"name":"wp","href":"https:\/\/api.w.org\/{rel}","templated":true}]}}