{"id":527066,"date":"2025-11-11T11:57:11","date_gmt":"2025-11-11T11:57:11","guid":{"rendered":"https:\/\/www.europesays.com\/fr\/527066\/"},"modified":"2025-11-11T11:57:11","modified_gmt":"2025-11-11T11:57:11","slug":"deux-militants-pro-israeliens-seront-juges-en-mai-liberation","status":"publish","type":"post","link":"https:\/\/www.europesays.com\/fr\/527066\/","title":{"rendered":"deux militants pro-isra\u00e9liens seront jug\u00e9s en mai \u2013 Lib\u00e9ration"},"content":{"rendered":"<p class=\"sc-cPiKLX AiZTS text-element\">Deux militants pro-isra\u00e9liens seront jug\u00e9s en mai pour des incidents intervenus samedi devant le commissariat parisien o\u00f9 \u00e9taient retenues les quatre personnes suspect\u00e9es d\u2019avoir d\u00e9clench\u00e9 <a href=\"https:\/\/www.liberation.fr\/societe\/a-paris-un-concert-de-lorchestre-philharmonique-disrael-tourne-au-chaos-20251107_ZA53SGGWFRBMBPVO56USYYQCJE\/\" target=\"_blank\" rel=\"noreferrer noopener\" title=\"https:\/\/www.liberation.fr\/societe\/a-paris-un-concert-de-lorchestre-philharmonique-disrael-tourne-au-chaos-20251107_ZA53SGGWFRBMBPVO56USYYQCJE\/\">des heurts \u00e0 la Philharmonie<\/a> jeudi soir, a fait savoir le parquet de Paris ce mardi 11 novembre.<\/p>\n<p class=\"sc-cPiKLX AiZTS text-element\">Samedi, en fin d\u2019apr\u00e8s-midi, un groupe propalestinien s\u2019est rassembl\u00e9, en soutien, devant le commissariat du XIXe arrondissement o\u00f9 les quatre personnes arr\u00eat\u00e9es jeudi \u00e9taient entendues, avant d\u2019\u00eatre d\u00e9f\u00e9r\u00e9es au tribunal judiciaire de Paris o\u00f9 elles ont \u00e9t\u00e9 mises en examen dimanche.<\/p>\n<p class=\"sc-cPiKLX AiZTS text-element\">Le groupe a rapidement \u00e9t\u00e9 rejoint par un groupe pro-isra\u00e9lien et <a href=\"https:\/\/www.liberation.fr\/societe\/police-justice\/incidents-a-la-philharmonie-un-juge-saisi-et-une-premiere-mise-en-examen-quatre-interpellations-apres-une-nouvelle-rixe-20251109_LTOFY6464FEAVK2XIOVCQQX5PE\/\" target=\"_blank\" rel=\"noreferrer noopener\" title=\"https:\/\/www.liberation.fr\/societe\/police-justice\/incidents-a-la-philharmonie-un-juge-saisi-et-une-premiere-mise-en-examen-quatre-interpellations-apres-une-nouvelle-rixe-20251109_LTOFY6464FEAVK2XIOVCQQX5PE\/\">une rixe a \u00e9clat\u00e9 entre eux<\/a>. Des policiers sont intervenus pour les s\u00e9parer et trois d\u2019entre eux ont \u00e9t\u00e9 bless\u00e9s. Trois militants pro-isra\u00e9liens et un propalestinien ont alors \u00e9t\u00e9 interpell\u00e9s.<\/p>\n<p class=\"sc-cPiKLX AiZTS text-element\">Concernant les trois premiers, l\u2019un des dossiers a \u00e9t\u00e9 class\u00e9. Les deux autres hommes pro-isra\u00e9liens, n\u00e9s en 1990 et 1998, seront jug\u00e9s ult\u00e9rieurement : le premier pour r\u00e9bellion, outrages, menaces de mort sur personne d\u00e9positaire de l\u2019autorit\u00e9 publique, le second pour r\u00e9bellion et outrages. Tous deux sont plac\u00e9s sous contr\u00f4le judiciaire.<\/p>\n<p class=\"sc-cPiKLX AiZTS text-element\">Le quatri\u00e8me homme, un militant propalestinien, a quant \u00e0 lui \u00e9t\u00e9 interpell\u00e9 pour injures selon le parquet de Paris. Il \u00e9tait suspect\u00e9, selon la source polici\u00e8re, d\u2019avoir tenu des propos antis\u00e9mites. Mardi, cette affaire a \u00e9t\u00e9 class\u00e9e sans suite car l\u2019ensemble des actes d\u2019enqu\u00eate r\u00e9alis\u00e9s n\u2019ont pas permis de lui imputer les faits (absence de reconnaissance de l\u2019auteur sur photo, exploitation de son t\u00e9l\u00e9phone demeurant vain\u2026).<\/p>\n<p class=\"sc-cPiKLX AiZTS text-element\">Aupr\u00e8s de l\u2019AFP, son avocat, Me Alexis Baudelin, a estim\u00e9 que \u00abl\u2019arrestation de [s]on client, qui ne repose sur aucune charge r\u00e9elle, et sa privation de libert\u00e9 pendant plus de trente heures [sont] un \u00e9ni\u00e8me exemple d\u2019une politique r\u00e9pressive assum\u00e9e contre celles et ceux qui refusent de se taire face \u00e0 un g\u00e9nocide et \u00e0 l\u2019inaction de l\u2019Etat fran\u00e7ais sur ce sujet\u00bb.<\/p>\n<p class=\"sc-cPiKLX AiZTS text-element\">Jeudi, dans la grande salle de la Philharmonie de Paris, o\u00f9 se produisait l\u2019Orchestre philharmonique d\u2019Isra\u00ebl, des militants en possession d\u2019un billet ont tent\u00e9 d\u2019interrompre le concert, dont deux fois avec l\u2019usage de fumig\u00e8nes, avant d\u2019\u00eatre agress\u00e9s par des spectateurs et \u00e9vacu\u00e9s.<\/p>\n<p class=\"sc-cPiKLX AiZTS text-element\">La Cit\u00e9 de la musique-Philharmonie de Paris, le ministre de l\u2019Int\u00e9rieur, Laurent Nu\u00f1ez, ou encore la ministre de la Culture, Rachida Dati, ont condamn\u00e9 ces incidents.<\/p>\n<p class=\"sc-cPiKLX AiZTS text-element\">Dans un communiqu\u00e9 diffus\u00e9 vendredi, le collectif Palestine Action France a revendiqu\u00e9 l\u2019action pacifique \u00abpour emp\u00eacher la tenue de ce concert visant \u00e0 d\u00e9tourner l\u2019attention des crimes commis\u00bb \u00e0 Gaza. Ils s\u2019appuient notamment sur les propos r\u00e9cents du secr\u00e9taire g\u00e9n\u00e9ral de l\u2019orchestre, Yair Maschiach \u2013 \u00abL\u2019Orchestre philharmonique d\u2019Isra\u00ebl est l\u2019orchestre national de l\u2019Etat d\u2019Isra\u00ebl et son ambassadeur culturel dans le monde\u00bb \u2013 et sur l\u2019organisation en 2024 d\u2019un concert conjoint avec l\u2019orchestre de l\u2019arm\u00e9e isra\u00e9lienne. Le collectif a \u00e9galement d\u00e9nonc\u00e9 \u00abl\u2019ignorance\u00bb par la Philharmonie des interpellations en amont au sujet de cette soir\u00e9e.<\/p>\n","protected":false},"excerpt":{"rendered":"Deux militants pro-isra\u00e9liens seront jug\u00e9s en mai pour des incidents intervenus samedi devant le commissariat parisien o\u00f9 \u00e9taient&hellip;\n","protected":false},"author":2,"featured_media":527067,"comment_status":"","ping_status":"","sticky":false,"template":"","format":"standard","meta":{"footnotes":""},"categories":[1888],"tags":[11,1777,674,1011,27,3517,664,3523,12,3518,626,25],"class_list":{"0":"post-527066","1":"post","2":"type-post","3":"status-publish","4":"format-standard","5":"has-post-thumbnail","7":"category-paris","8":"tag-actualites","9":"tag-eu","10":"tag-europe","11":"tag-fr","12":"tag-france","13":"tag-gaza-l-escalade","14":"tag-israel","15":"tag-israel-palestine-conflit","16":"tag-news","17":"tag-palestine","18":"tag-paris","19":"tag-republique-francaise"},"share_on_mastodon":{"url":"https:\/\/pubeurope.com\/@fr\/115530946633959153","error":""},"_links":{"self":[{"href":"https:\/\/www.europesays.com\/fr\/wp-json\/wp\/v2\/posts\/527066","targetHints":{"allow":["GET"]}}],"collection":[{"href":"https:\/\/www.europesays.com\/fr\/wp-json\/wp\/v2\/posts"}],"about":[{"href":"https:\/\/www.europesays.com\/fr\/wp-json\/wp\/v2\/types\/post"}],"author":[{"embeddable":true,"href":"https:\/\/www.europesays.com\/fr\/wp-json\/wp\/v2\/users\/2"}],"replies":[{"embeddable":true,"href":"https:\/\/www.europesays.com\/fr\/wp-json\/wp\/v2\/comments?post=527066"}],"version-history":[{"count":0,"href":"https:\/\/www.europesays.com\/fr\/wp-json\/wp\/v2\/posts\/527066\/revisions"}],"wp:featuredmedia":[{"embeddable":true,"href":"https:\/\/www.europesays.com\/fr\/wp-json\/wp\/v2\/media\/527067"}],"wp:attachment":[{"href":"https:\/\/www.europesays.com\/fr\/wp-json\/wp\/v2\/media?parent=527066"}],"wp:term":[{"taxonomy":"category","embeddable":true,"href":"https:\/\/www.europesays.com\/fr\/wp-json\/wp\/v2\/categories?post=527066"},{"taxonomy":"post_tag","embeddable":true,"href":"https:\/\/www.europesays.com\/fr\/wp-json\/wp\/v2\/tags?post=527066"}],"curies":[{"name":"wp","href":"https:\/\/api.w.org\/{rel}","templated":true}]}}