{"id":527068,"date":"2025-11-11T11:58:19","date_gmt":"2025-11-11T11:58:19","guid":{"rendered":"https:\/\/www.europesays.com\/fr\/527068\/"},"modified":"2025-11-11T11:58:19","modified_gmt":"2025-11-11T11:58:19","slug":"etats-unis-russie-vers-une-reprise-des-essais-nucleaires","status":"publish","type":"post","link":"https:\/\/www.europesays.com\/fr\/527068\/","title":{"rendered":"Etats-Unis \/ Russie : vers une reprise des essais nucl\u00e9aires ?"},"content":{"rendered":"<p>Nous vivons toujours \u00e0 l&rsquo;\u00e9poque de la guerre froide, avec toutefois des circonstances aggravantes, juge Sa\u0161o Ornik sur son blog Jinov Svet : <\/p>\n<blockquote>\n<p>\u00abHeureusement que les grandes puissances disposent d&rsquo;armes nucl\u00e9aires, car c&rsquo;est pr\u00e9cis\u00e9ment la peur de l&rsquo;an\u00e9antissement qui dissuade les ma\u00eetres de ce monde de s&rsquo;engager dans une guerre totale. C&rsquo;est une chose de sacrifier toute la population masculine de l&rsquo;Ukraine, c&rsquo;en est une autre d&rsquo;accepter qu&rsquo;une explosion nucl\u00e9aire annihile Londres et, ce faisant, toute l&rsquo;\u00e9lite britannique. Une menace mortelle peut \u00eatre tr\u00e8s convaincante. C&rsquo;est une r\u00e9it\u00e9ration de la premi\u00e8re guerre froide, avec, n\u00e9anmoins, les composantes d&rsquo;un conflit mondial, qui a d\u00e9pass\u00e9 depuis longtemps les limites d&rsquo;une guerre r\u00e9gionale.\u00bb<\/p>\n<\/blockquote>\n","protected":false},"excerpt":{"rendered":"Nous vivons toujours \u00e0 l&rsquo;\u00e9poque de la guerre froide, avec toutefois des circonstances aggravantes, juge Sa\u0161o Ornik sur&hellip;\n","protected":false},"author":2,"featured_media":527069,"comment_status":"","ping_status":"","sticky":false,"template":"","format":"standard","meta":{"footnotes":""},"categories":[1591],"tags":[11,1887,12,1885,1886,132],"class_list":{"0":"post-527068","1":"post","2":"type-post","3":"status-publish","4":"format-standard","5":"has-post-thumbnail","7":"category-russie","8":"tag-actualites","9":"tag-federation-de-russie","10":"tag-news","11":"tag-russia","12":"tag-russian-federation","13":"tag-russie"},"share_on_mastodon":{"url":"https:\/\/pubeurope.com\/@fr\/115530950560882729","error":""},"_links":{"self":[{"href":"https:\/\/www.europesays.com\/fr\/wp-json\/wp\/v2\/posts\/527068","targetHints":{"allow":["GET"]}}],"collection":[{"href":"https:\/\/www.europesays.com\/fr\/wp-json\/wp\/v2\/posts"}],"about":[{"href":"https:\/\/www.europesays.com\/fr\/wp-json\/wp\/v2\/types\/post"}],"author":[{"embeddable":true,"href":"https:\/\/www.europesays.com\/fr\/wp-json\/wp\/v2\/users\/2"}],"replies":[{"embeddable":true,"href":"https:\/\/www.europesays.com\/fr\/wp-json\/wp\/v2\/comments?post=527068"}],"version-history":[{"count":0,"href":"https:\/\/www.europesays.com\/fr\/wp-json\/wp\/v2\/posts\/527068\/revisions"}],"wp:featuredmedia":[{"embeddable":true,"href":"https:\/\/www.europesays.com\/fr\/wp-json\/wp\/v2\/media\/527069"}],"wp:attachment":[{"href":"https:\/\/www.europesays.com\/fr\/wp-json\/wp\/v2\/media?parent=527068"}],"wp:term":[{"taxonomy":"category","embeddable":true,"href":"https:\/\/www.europesays.com\/fr\/wp-json\/wp\/v2\/categories?post=527068"},{"taxonomy":"post_tag","embeddable":true,"href":"https:\/\/www.europesays.com\/fr\/wp-json\/wp\/v2\/tags?post=527068"}],"curies":[{"name":"wp","href":"https:\/\/api.w.org\/{rel}","templated":true}]}}