{"id":527076,"date":"2025-11-11T12:02:11","date_gmt":"2025-11-11T12:02:11","guid":{"rendered":"https:\/\/www.europesays.com\/fr\/527076\/"},"modified":"2025-11-11T12:02:11","modified_gmt":"2025-11-11T12:02:11","slug":"allemagne-openai-a-enfreint-les-droits-dauteurs-de-chansons","status":"publish","type":"post","link":"https:\/\/www.europesays.com\/fr\/527076\/","title":{"rendered":"Allemagne. OpenAI a enfreint les droits d&rsquo;auteurs de chansons"},"content":{"rendered":"<p class=\"paragraph-1-base\">Le groupe de gestion des droits musicaux en Allemagne, Gema, avait poursuivi la soci\u00e9t\u00e9 d&rsquo;intelligence artificielle pour l&rsquo;utilisation de neuf titres connus, dont \u00ab\u00a0Atemlos durch die Nacht\u00a0\u00bb d&rsquo;Helene Fischer et \u00ab\u00a0M\u00e4nner\u00a0\u00bb d&rsquo;Herbert Gr\u00f6nemeyer.<\/p>\n<p class=\"paragraph-1-base after:text-primary after:heading-2-xl after:relative after:top-[2px] after:pl-1 after:!leading-[18px] after:text-primary-300 after:content-[&quot;\u00bb&quot;] dark:after:text-primary-300\">Le tribunal a ordonn\u00e9 \u00e0 OpenAI de cesser de stocker ces paroles et de les reproduire via ses mod\u00e8les, de verser des dommages et int\u00e9r\u00eats, ainsi que de fournir des informations sur l&rsquo;utilisation des chansons et les revenus g\u00e9n\u00e9r\u00e9s.<\/p>\n","protected":false},"excerpt":{"rendered":"Le groupe de gestion des droits musicaux en Allemagne, Gema, avait poursuivi la soci\u00e9t\u00e9 d&rsquo;intelligence artificielle pour l&rsquo;utilisation&hellip;\n","protected":false},"author":2,"featured_media":527077,"comment_status":"","ping_status":"","sticky":false,"template":"","format":"standard","meta":{"footnotes":""},"categories":[1587],"tags":[11,672,1804,1805,1803,1777,674,1801,303,12,1802,3693],"class_list":{"0":"post-527076","1":"post","2":"type-post","3":"status-publish","4":"format-standard","5":"has-post-thumbnail","7":"category-allemagne","8":"tag-actualites","9":"tag-allemagne","10":"tag-bundesrepublik-deutschland","11":"tag-de","12":"tag-deutschland","13":"tag-eu","14":"tag-europe","15":"tag-germany","16":"tag-justice","17":"tag-news","18":"tag-republique-federale-dallemagne","19":"tag-tribunal"},"share_on_mastodon":{"url":"https:\/\/pubeurope.com\/@fr\/115530966300165578","error":""},"_links":{"self":[{"href":"https:\/\/www.europesays.com\/fr\/wp-json\/wp\/v2\/posts\/527076","targetHints":{"allow":["GET"]}}],"collection":[{"href":"https:\/\/www.europesays.com\/fr\/wp-json\/wp\/v2\/posts"}],"about":[{"href":"https:\/\/www.europesays.com\/fr\/wp-json\/wp\/v2\/types\/post"}],"author":[{"embeddable":true,"href":"https:\/\/www.europesays.com\/fr\/wp-json\/wp\/v2\/users\/2"}],"replies":[{"embeddable":true,"href":"https:\/\/www.europesays.com\/fr\/wp-json\/wp\/v2\/comments?post=527076"}],"version-history":[{"count":0,"href":"https:\/\/www.europesays.com\/fr\/wp-json\/wp\/v2\/posts\/527076\/revisions"}],"wp:featuredmedia":[{"embeddable":true,"href":"https:\/\/www.europesays.com\/fr\/wp-json\/wp\/v2\/media\/527077"}],"wp:attachment":[{"href":"https:\/\/www.europesays.com\/fr\/wp-json\/wp\/v2\/media?parent=527076"}],"wp:term":[{"taxonomy":"category","embeddable":true,"href":"https:\/\/www.europesays.com\/fr\/wp-json\/wp\/v2\/categories?post=527076"},{"taxonomy":"post_tag","embeddable":true,"href":"https:\/\/www.europesays.com\/fr\/wp-json\/wp\/v2\/tags?post=527076"}],"curies":[{"name":"wp","href":"https:\/\/api.w.org\/{rel}","templated":true}]}}