{"id":52708,"date":"2025-04-25T21:19:09","date_gmt":"2025-04-25T21:19:09","guid":{"rendered":"https:\/\/www.europesays.com\/fr\/52708\/"},"modified":"2025-04-25T21:19:09","modified_gmt":"2025-04-25T21:19:09","slug":"avant-arsenal-paris-perd-son-invincibilite-face-a-nice","status":"publish","type":"post","link":"https:\/\/www.europesays.com\/fr\/52708\/","title":{"rendered":"avant Arsenal, Paris perd son invincibilit\u00e9 face \u00e0 Nice"},"content":{"rendered":"<p><strong>Paris SG\u00a0&#8211; Nice\u00a0: 1-3<\/strong><\/p>\n<p>Paris ne restera pas invaincu en championnat en 2024-2025. \u00c0 quatre jours de sa demi-finale aller de Ligue des champions face \u00e0 Arsenal, le PSG a lourdement chut\u00e9 \u00e0 domicile 3-1 face \u00e0 Nice hier.<\/p>\n<p>Le PSG, d\u00e9j\u00e0 sacr\u00e9 champion de France, et son entra\u00eeneur Luis Enrique avaient certainement imagin\u00e9 une tout autre r\u00e9p\u00e9tition g\u00e9n\u00e9rale \u00e0 quatre jours d\u2019affronter Arsenal en demi-finale aller de Ligue des champions \u00e0 Londres, mardi.<\/p>\n<p>Sanson et Bulka d\u00e9cisifs c\u00f4t\u00e9 ni\u00e7ois<\/p>\n<p>Pour sa premi\u00e8re titularisation de la saison, le milieu ni\u00e7ois, Morgan Sanson, absent sept mois \u00e0 cause d\u2019une fracture \u00e0 la cheville, revenu \u00e0 la comp\u00e9tition en mars, a inscrit un doubl\u00e9 au Parc des Princes (34e et 46e) et, bien aid\u00e9 par les multiples arr\u00eats de Marcin Bulka, son gardien, homme du match, a emp\u00each\u00e9 le Paris SG de battre le record d\u2019invincibilit\u00e9 de Nantes de 32 rencontres sans d\u00e9faites \u00e9tabli lors de la saison 1995.<\/p>\n<p>Nous avons bloqu\u00e9 l&rsquo;affichage de ce contenu pour respecter vos choix en mati\u00e8re de cookies. En cliquant sur \u00ab\u00a0Accepter\u00a0\u00bb,\u00a0vous acceptez le d\u00e9p\u00f4t de cookies. Vous pouvez modifier vos choix \u00e0 tout moment en vous rendant sur <a class=\"blocSansConsentement_lien__m9THN\" href=\"https:\/\/www.lanouvellerepublique.fr\/politique-de-confidentialite\" rel=\"nofollow noopener\" target=\"_blank\">cette page<\/a>.<\/p>\n<p>Accepter<\/p>\n<p>Celui de Paris restera bloqu\u00e9 \u00e0 30. Face \u00e0 Nice, Luis Enrique a pourtant align\u00e9 son \u00e9quipe-type, remisant la tentation de faire tourner son effectif, en baisse de r\u00e9gime depuis un mois, juste avant l\u2019\u00e9ch\u00e9ance cruciale de mardi en C1.<\/p>\n<p>Ni le capitaine Marquinhos, ni son trio d\u2019attaque Kvaratskhelia-Demb\u00e9l\u00e9-Dou\u00e9, ni personne n\u2019a n\u00e9anmoins emp\u00each\u00e9 le PSG de sombrer.<\/p>\n<p>Une domination parisienne st\u00e9rile<\/p>\n<p>En premi\u00e8re p\u00e9riode, Paris a eu 73\u00a0% de possession de balle, camp\u00e9 dans la surface ni\u00e7oise, obtenu 10 occasions, mais, d\u00e9j\u00e0, Paris a faill\u00e9 rentrer au vestiaire, men\u00e9 d\u2019un but.<\/p>\n<p>Accul\u00e9s dans leur camp, incapables de se d\u00e9faire du contre-pressing parisien, remis uniquement aux cinq arr\u00eats de leur gardien de but polonais pour rester en vie, les Aiglons ont profit\u00e9 de leur seule occasion du premier acte pour ouvrir le score.<\/p>\n<p>\u00c0 la 34e minute, sorti de nulle part, Badredine Bouanani a gliss\u00e9 un ballon \u00e0 ras de terre au point de penalty et entre les deux d\u00e9fenseurs centraux parisiens pour Sanson, parti dans le trou et qui a tromp\u00e9 Gianluigi Donnarumma en pla\u00e7ant son tir sous le portier italien.<\/p>\n<p>Nous avons bloqu\u00e9 l&rsquo;affichage de ce contenu pour respecter vos choix en mati\u00e8re de cookies. En cliquant sur \u00ab\u00a0Accepter\u00a0\u00bb,\u00a0vous acceptez le d\u00e9p\u00f4t de cookies. Vous pouvez modifier vos choix \u00e0 tout moment en vous rendant sur <a class=\"blocSansConsentement_lien__m9THN\" href=\"https:\/\/www.lanouvellerepublique.fr\/politique-de-confidentialite\" rel=\"nofollow noopener\" target=\"_blank\">cette page<\/a>.<\/p>\n<p>Accepter<\/p>\n<p>Et si Fabian Ruiz, gr\u00e2ce \u00e0 une passe majestueuse d\u2019Ousmane Demb\u00e9l\u00e9, encore muet face aux buts, a permis \u00e0 Paris de refaire son retard avant la mi-temps (1-1, 41e), l&#8217;embellie parisienne n\u2019aura finalement dur\u00e9 que vingt minutes, mi-temps comprise.<\/p>\n<p>Le PSG au ralenti<\/p>\n<p>D\u00e8s la reprise du jeu, Sanson le trentenaire s\u2019est gliss\u00e9 entre Marquinhos et Achraf Hakimi pour reprendre de vol\u00e9e un centre de Jonathan Clauss (2-1, 46e) et a donn\u00e9 un avantage d\u00e9finitif \u00e0 Nice.<\/p>\n<p>Beaucoup moins incisif qu\u2019en premi\u00e8re p\u00e9riode, Paris a toutefois repris le monopole du ballon, en ralentissant son rythme au fur et \u00e0 mesure que le match avan\u00e7ait. Nice en a profit\u00e9 pour se mettre d\u00e9finitivement \u00e0 l\u2019abri gr\u00e2ce \u00e0 un coup franc d\u2019Hicham Boudaoui repris de la t\u00eate par Youssouf Ndayishimiye, \u00e9lev\u00e9 plus haut que tout le monde (3-1, 70e).<\/p>\n<p>Men\u00e9 de deux buts, Paris a baiss\u00e9 pavillon, d\u00e9go\u00fbt\u00e9 par Marcin Bulka en feu et auteur de deux nouveaux sublimes arr\u00eats au tout d\u00e9but du temps additionnel et d\u2019un troisi\u00e8me face \u00e0 Bradley Barcola (90e+\u00a04).<\/p>\n<p>\u00ab\u00a0Si quelqu\u2019un me promettait une qualification pour la finale de C1 contre une d\u00e9faite contre Nice, je signerais imm\u00e9diatement\u00a0\u00bb a affirm\u00e9 Luis Enrique en conf\u00e9rence de presse jeudi avant Nice. Paris esp\u00e8re d\u00e9sormais que promesse lui a \u00e9t\u00e9 faite.<\/p>\n<p><strong>Mi-temps :<\/strong> 1-1.<br \/><strong>Buts :<\/strong> pour Paris, Ruiz (41e) ; pour Nice, Sanson (34e, 46e), Ndayishimiye (70e).<\/p>\n","protected":false},"excerpt":{"rendered":"Paris SG\u00a0&#8211; Nice\u00a0: 1-3 Paris ne restera pas invaincu en championnat en 2024-2025. \u00c0 quatre jours de sa&hellip;\n","protected":false},"author":2,"featured_media":52709,"comment_status":"","ping_status":"","sticky":false,"template":"","format":"standard","meta":{"footnotes":""},"categories":[1888],"tags":[328,11,1777,674,63,1011,27,66,12,626,25,60],"class_list":{"0":"post-52708","1":"post","2":"type-post","3":"status-publish","4":"format-standard","5":"has-post-thumbnail","7":"category-paris","8":"tag-a-la-une","9":"tag-actualites","10":"tag-eu","11":"tag-europe","12":"tag-football","13":"tag-fr","14":"tag-france","15":"tag-ligue-1","16":"tag-news","17":"tag-paris","18":"tag-republique-francaise","19":"tag-sports"},"share_on_mastodon":{"url":"","error":""},"_links":{"self":[{"href":"https:\/\/www.europesays.com\/fr\/wp-json\/wp\/v2\/posts\/52708","targetHints":{"allow":["GET"]}}],"collection":[{"href":"https:\/\/www.europesays.com\/fr\/wp-json\/wp\/v2\/posts"}],"about":[{"href":"https:\/\/www.europesays.com\/fr\/wp-json\/wp\/v2\/types\/post"}],"author":[{"embeddable":true,"href":"https:\/\/www.europesays.com\/fr\/wp-json\/wp\/v2\/users\/2"}],"replies":[{"embeddable":true,"href":"https:\/\/www.europesays.com\/fr\/wp-json\/wp\/v2\/comments?post=52708"}],"version-history":[{"count":0,"href":"https:\/\/www.europesays.com\/fr\/wp-json\/wp\/v2\/posts\/52708\/revisions"}],"wp:featuredmedia":[{"embeddable":true,"href":"https:\/\/www.europesays.com\/fr\/wp-json\/wp\/v2\/media\/52709"}],"wp:attachment":[{"href":"https:\/\/www.europesays.com\/fr\/wp-json\/wp\/v2\/media?parent=52708"}],"wp:term":[{"taxonomy":"category","embeddable":true,"href":"https:\/\/www.europesays.com\/fr\/wp-json\/wp\/v2\/categories?post=52708"},{"taxonomy":"post_tag","embeddable":true,"href":"https:\/\/www.europesays.com\/fr\/wp-json\/wp\/v2\/tags?post=52708"}],"curies":[{"name":"wp","href":"https:\/\/api.w.org\/{rel}","templated":true}]}}