{"id":527083,"date":"2025-11-11T12:06:12","date_gmt":"2025-11-11T12:06:12","guid":{"rendered":"https:\/\/www.europesays.com\/fr\/527083\/"},"modified":"2025-11-11T12:06:12","modified_gmt":"2025-11-11T12:06:12","slug":"abdeslam-envisage-dentrer-en-contact-avec-des-victimes-selon-son-avocate","status":"publish","type":"post","link":"https:\/\/www.europesays.com\/fr\/527083\/","title":{"rendered":"Abdeslam envisage d\u2019entrer en contact avec des victimes, selon son avocate"},"content":{"rendered":"<p>Condamn\u00e9 \u00e0 la perp\u00e9tuit\u00e9 incompressible pour les <a href=\"https:\/\/www.20minutes.fr\/societe\/attentats-13-novembre\/\" class=\"c-link c-link--is-underlined\" target=\"_blank\" rel=\"noopener\">attentats du 13\u00a0novembre 2015<\/a>, <a href=\"https:\/\/www.20minutes.fr\/societe\/salah-abdeslam\/\" class=\"c-link c-link--is-underlined\" target=\"_blank\" rel=\"noopener\">Salah Abdeslam<\/a> aimerait \u00ab\u00a0ouvrir une porte aux parties civiles\u00a0\u00bb dans une d\u00e9marche de \u00ab\u00a0justice restaurative\u00a0\u00bb, a fait savoir ce mardi son avocate. \u00ab\u00a0On a une personne qui essaie d\u2019acc\u00e9der \u00e0 l\u2019\u00e9ducation, une personne qui par ailleurs a pr\u00e9sent\u00e9 des excuses aux parties civiles lors de son proc\u00e8s, [\u2026] qui aimerait pouvoir expliquer la situation et peut-\u00eatre discuter, ouvrir une porte aux parties civiles, si toutefois celles-ci le souhaitent, pour pouvoir \u00e9voquer la d\u00e9tention et \u00e9voquer ce proc\u00e8s-l\u00e0\u00a0\u00bb, a d\u00e9clar\u00e9 Olivia Ronen sur <a href=\"https:\/\/www.franceinfo.fr\/faits-divers\/terrorisme\/attaques-du-13-novembre-a-paris\/arrestation-de-salah-abdeslam\/13-novembre-salah-abdeslam-a-exprime-la-demande-d-entrer-en-contact-avec-des-parties-civiles-dans-une-demarche-de-justice-restaurative_7609271.html\" rel=\"nofollow noopener\" target=\"_blank\" class=\"c-link c-link--is-underlined\">France Info<\/a>. L\u2019avocate a aussi pr\u00e9cis\u00e9 que \u00ab\u00a0C\u2019est une demande qui a aussi \u00e9t\u00e9 faite par certaines parties civiles de pouvoir entrer en contact avec lui.\u00a0\u00bb<\/p>\n<p>La justice restaurative, qui \u00e9merge depuis une dizaine d\u2019ann\u00e9es en France, ne se substitue pas \u00e0 la justice p\u00e9nale. Les rencontres entre auteurs et victimes d\u2019une m\u00eame infraction, mais pas de la m\u00eame affaire, constituent la mesure la plus connue. \u00ab\u00a0C\u2019est vraiment des principes de justice restaurative o\u00f9 les personnes mises en cause et les personnes qui ont \u00e9t\u00e9 victimes des infractions arrivent \u00e0 d\u00e9passer quelque chose pour essayer de viser &#8211; je sais qu\u2019on en est encore loin &#8211; mais viser un apaisement social\u00a0\u00bb, d\u00e9fend Olivia Ronen. D\u2019autres dispositifs existent, comme la m\u00e9diation restaurative, qui associe victime et auteur de la m\u00eame affaire.<\/p>\n<p>Salah Abdeslam en garde \u00e0 vue pour d\u00e9tention d\u2019une cl\u00e9 USB<\/p>\n<p>Le seul membre vivant des commandos meurtriers du 13\u00a0novembre 2015, incarc\u00e9r\u00e9 \u00e0 la prison de Vendin-le-Vieil (<a href=\"https:\/\/www.20minutes.fr\/dossier\/pas-de-calais\" class=\"c-link c-link--is-underlined\" target=\"_blank\" rel=\"noopener\">Pas-de-Calais<\/a>), a \u00e9t\u00e9 plac\u00e9 la semaine derni\u00e8re deux fois en garde \u00e0 vue puis rel\u00e2ch\u00e9 et r\u00e9int\u00e9gr\u00e9 en d\u00e9tention, dans une enqu\u00eate sur la d\u00e9tention d\u2019une cl\u00e9 USB charg\u00e9e selon le Parquet national antiterroriste (Pnat) de documents ayant \u00ab\u00a0trait \u00e0 la propagande officielle d\u2019organisations terroristes, \u00c9tat islamique ou Al-Qa\u00efda\u00a0\u00bb. Le Pnat a requis sa \u00ab\u00a0mise en examen ult\u00e9rieure\u00a0\u00bb. Cette cl\u00e9 lui a \u00e9t\u00e9 fournie lors d\u2019une visite au parloir par une ex-compagne, Ma\u00ebva B., qui a, elle, \u00e9t\u00e9 doublement mise en examen et incarc\u00e9r\u00e9e. Elle est aussi soup\u00e7onn\u00e9e d\u2019\u00eatre impliqu\u00e9e dans un projet d\u2019attentat d\u00e9jou\u00e9.<\/p>\n<\/p>\n<p>Lundi, la directrice g\u00e9n\u00e9rale de la s\u00e9curit\u00e9 int\u00e9rieure C\u00e9line Berthon a affirm\u00e9 que Salah Abdeslam, toujours \u00ab\u00a0radicalis\u00e9\u00a0\u00bb, \u00ab\u00a0n\u2019\u00e9tait pas mis en cause\u00a0\u00bb dans ce projet d\u2019attentat. Un nouvel \u00e9pisode alors que la France va comm\u00e9morer jeudi, au cours d\u2019une journ\u00e9e d\u2019hommage aux victimes, les attentats du 13\u00a0novembre 2015 \u00e0 Paris et <a href=\"https:\/\/www.20minutes.fr\/dossier\/saint-denis\" class=\"c-link c-link--is-underlined\" target=\"_blank\" rel=\"noopener\">Saint-Denis<\/a>, qui ont fait 132 morts &#8211; dont deux suicides de rescap\u00e9s du Bataclan emport\u00e9s par de profondes blessures psychiques.<\/p>\n","protected":false},"excerpt":{"rendered":"Condamn\u00e9 \u00e0 la perp\u00e9tuit\u00e9 incompressible pour les attentats du 13\u00a0novembre 2015, Salah Abdeslam aimerait \u00ab\u00a0ouvrir une porte aux&hellip;\n","protected":false},"author":2,"featured_media":527084,"comment_status":"","ping_status":"","sticky":false,"template":"","format":"standard","meta":{"footnotes":""},"categories":[2],"tags":[47,11,64302,61701,18543,33909,1011,27,303,12,806,25,63713,1254],"class_list":{"0":"post-527083","1":"post","2":"type-post","3":"status-publish","4":"format-standard","5":"has-post-thumbnail","7":"category-actualites","8":"tag-actualite","9":"tag-actualites","10":"tag-attaques-terroristes-a-paris","11":"tag-attentats-du-13-novembre","12":"tag-bataclan","13":"tag-daesh","14":"tag-fr","15":"tag-france","16":"tag-justice","17":"tag-news","18":"tag-prison","19":"tag-republique-francaise","20":"tag-salah-abdeslam","21":"tag-terrorisme"},"share_on_mastodon":{"url":"https:\/\/pubeurope.com\/@fr\/115530981967665405","error":""},"_links":{"self":[{"href":"https:\/\/www.europesays.com\/fr\/wp-json\/wp\/v2\/posts\/527083","targetHints":{"allow":["GET"]}}],"collection":[{"href":"https:\/\/www.europesays.com\/fr\/wp-json\/wp\/v2\/posts"}],"about":[{"href":"https:\/\/www.europesays.com\/fr\/wp-json\/wp\/v2\/types\/post"}],"author":[{"embeddable":true,"href":"https:\/\/www.europesays.com\/fr\/wp-json\/wp\/v2\/users\/2"}],"replies":[{"embeddable":true,"href":"https:\/\/www.europesays.com\/fr\/wp-json\/wp\/v2\/comments?post=527083"}],"version-history":[{"count":0,"href":"https:\/\/www.europesays.com\/fr\/wp-json\/wp\/v2\/posts\/527083\/revisions"}],"wp:featuredmedia":[{"embeddable":true,"href":"https:\/\/www.europesays.com\/fr\/wp-json\/wp\/v2\/media\/527084"}],"wp:attachment":[{"href":"https:\/\/www.europesays.com\/fr\/wp-json\/wp\/v2\/media?parent=527083"}],"wp:term":[{"taxonomy":"category","embeddable":true,"href":"https:\/\/www.europesays.com\/fr\/wp-json\/wp\/v2\/categories?post=527083"},{"taxonomy":"post_tag","embeddable":true,"href":"https:\/\/www.europesays.com\/fr\/wp-json\/wp\/v2\/tags?post=527083"}],"curies":[{"name":"wp","href":"https:\/\/api.w.org\/{rel}","templated":true}]}}