{"id":527087,"date":"2025-11-11T12:08:14","date_gmt":"2025-11-11T12:08:14","guid":{"rendered":"https:\/\/www.europesays.com\/fr\/527087\/"},"modified":"2025-11-11T12:08:14","modified_gmt":"2025-11-11T12:08:14","slug":"le-pga-tour-ajoute-un-nouveau-tournoi-qui-rend-hommage-a-son-passe","status":"publish","type":"post","link":"https:\/\/www.europesays.com\/fr\/527087\/","title":{"rendered":"Le PGA Tour ajoute un nouveau tournoi qui rend hommage \u00e0 son pass\u00e9"},"content":{"rendered":"<p>\t\t\t\t\t\t<img width=\"770\" height=\"556\" src=\"https:\/\/www.europesays.com\/fr\/wp-content\/uploads\/2025\/11\/logo-pga-tour-770x556.jpg\" class=\"img-responsive wp-post-image\" alt=\"\" decoding=\"async\" fetchpriority=\"high\"  \/>\t\t\t\t\t<\/p>\n<p>\t\t\t\t\t\t Partager cet article <\/p>\n<p class=\"screen-reader-text juiz_sps_maybe_hidden_text\">Partager la publication \u00ab\u00a0Le PGA Tour ajoute un nouveau tournoi qui rend hommage \u00e0 son pass\u00e9\u00a0\u00bb<\/p>\n<p><strong>83 ans apr\u00e8s que Ben Hogan s\u2019y est impos\u00e9 pour la derni\u00e8re fois, la ville d\u2019Asheville c\u00e9l\u00e8bre le retour du PGA Tour pour un tournoi des FedEx Cup Fall qui marie histoire, r\u00e9silience et nouveau souffle golfique.<\/strong><\/p>\n<p>\t\t\t\t\t<a id=\"189447\" href=\"https:\/\/golfplus.fr\/content\/57-programme-de-fidelite\" target=\"_blank\" rel=\"sponsorised nofollow noopener\"><img decoding=\"async\" src=\"data:image\/svg+xml,%3Csvg%20xmlns=\" http:=\"\" class=\"img-responsive\" alt=\"\" data-lazy-src=\"https:\/\/www.europesays.com\/fr\/wp-content\/uploads\/2025\/10\/golfplus-e28-programme-fidelite-1170x275-1.jpg\"\/><\/a><\/p>\n<p>Le <strong>PGA Tour<\/strong> a enrichi les FedEx Cup Fall avec le <strong>Biltmore Championship<\/strong>, qui sera disput\u00e9 dans un lieu charg\u00e9 d\u2019histoire.<\/p>\n<p>La ville d\u2019Asheville accueillera en effet un tournoi du PGA Tour pour la premi\u00e8re fois depuis 1942 \u2013 ann\u00e9e o\u00f9 <strong>Ben Hogan<\/strong> remporta la derni\u00e8re de ses trois victoires cons\u00e9cutives \u00e0 l\u2019<strong>Asheville Open<\/strong>.<br \/>&#13;<br \/>\n\u00a0<\/p>\n<p>De Ben Hogan \u00e0 Scottie Scheffler en passant par Jack Nicklaus<\/p>\n<p>Le tournoi aura lieu du 17 au 20 septembre sur un parcours con\u00e7u par <strong>Jack Nicklaus <\/strong>au club de <strong>The Cliffs at Walnut Cove<\/strong>.<\/p>\n<p>\u00ab Apr\u00e8s plus de huit d\u00e9cennies depuis l\u2019Asheville Land of the Sky Open, le PGA Tour est heureux de retrouver les Blue Ridge Mountains avec le Biltmore Championship, un nom fier et embl\u00e9matique de la r\u00e9gion, a comment\u00e9<strong> Tyler Dennis<\/strong>, le responsable des comp\u00e9titions du PGA Tour, \u00e0 l\u2019occasion de la pr\u00e9sentation au Biltmore Estate. Nous sommes honor\u00e9s de collaborer avec Biltmore Estate et Explore Asheville pour cet \u00e9v\u00e9nement exceptionnel, et impatients de nouer un partenariat qui mettra en valeur la force et la beaut\u00e9 de cette communaut\u00e9. \u00bb<br \/>&#13;<br \/>\n\u00a0<\/p>\n<p>Deux nouveaux tournois des FedEx Cup Fall contrast\u00e9s<\/p>\n<p>L\u2019\u00e9v\u00e9nement est \u00e9galement v\u00e9cu comme un symbole de la renaissance de la r\u00e9gion, frapp\u00e9e il y a un an par la temp\u00eate Helen : \u00ab Accueillir un tournoi de golf de classe mondiale dans les montagnes de Caroline du Nord cr\u00e9e une opportunit\u00e9 d\u2019impact positif et durable sur notre communaut\u00e9 et notre \u00e9conomie \u00bb, a ajout\u00e9 <strong>Mark Hemphill<\/strong>, le directeur marketing de Biltmore.<\/p>\n<p>L\u2019arriv\u00e9e du Biltmore Championship suit l\u2019annonce r\u00e9cente <a href=\"https:\/\/www.golfplanete.com\/actualites\/le-pga-tour-poursuit-sa-mue-et-ce-nest-pas-du-gout-de-rory-mcilroy\/\" rel=\"nofollow noopener\" target=\"_blank\">de changements pour 2026<\/a> et notamment l\u2019addition d\u2019un tournoi des FedEx Cup Fall sponsoris\u00e9 par les YouTubeurs de <strong>Good Good Golf<\/strong>.<\/p>\n<p>\u00a0<\/p>\n<p>\u00a0<\/p>\n","protected":false},"excerpt":{"rendered":"Partager cet article Partager la publication \u00ab\u00a0Le PGA Tour ajoute un nouveau tournoi qui rend hommage \u00e0 son&hellip;\n","protected":false},"author":2,"featured_media":527088,"comment_status":"","ping_status":"","sticky":false,"template":"","format":"standard","meta":{"footnotes":""},"categories":[1418],"tags":[1011,27,1472,60],"class_list":{"0":"post-527087","1":"post","2":"type-post","3":"status-publish","4":"format-standard","5":"has-post-thumbnail","7":"category-golf","8":"tag-fr","9":"tag-france","10":"tag-golf","11":"tag-sports"},"share_on_mastodon":{"url":"https:\/\/pubeurope.com\/@fr\/115530990303799768","error":""},"_links":{"self":[{"href":"https:\/\/www.europesays.com\/fr\/wp-json\/wp\/v2\/posts\/527087","targetHints":{"allow":["GET"]}}],"collection":[{"href":"https:\/\/www.europesays.com\/fr\/wp-json\/wp\/v2\/posts"}],"about":[{"href":"https:\/\/www.europesays.com\/fr\/wp-json\/wp\/v2\/types\/post"}],"author":[{"embeddable":true,"href":"https:\/\/www.europesays.com\/fr\/wp-json\/wp\/v2\/users\/2"}],"replies":[{"embeddable":true,"href":"https:\/\/www.europesays.com\/fr\/wp-json\/wp\/v2\/comments?post=527087"}],"version-history":[{"count":0,"href":"https:\/\/www.europesays.com\/fr\/wp-json\/wp\/v2\/posts\/527087\/revisions"}],"wp:featuredmedia":[{"embeddable":true,"href":"https:\/\/www.europesays.com\/fr\/wp-json\/wp\/v2\/media\/527088"}],"wp:attachment":[{"href":"https:\/\/www.europesays.com\/fr\/wp-json\/wp\/v2\/media?parent=527087"}],"wp:term":[{"taxonomy":"category","embeddable":true,"href":"https:\/\/www.europesays.com\/fr\/wp-json\/wp\/v2\/categories?post=527087"},{"taxonomy":"post_tag","embeddable":true,"href":"https:\/\/www.europesays.com\/fr\/wp-json\/wp\/v2\/tags?post=527087"}],"curies":[{"name":"wp","href":"https:\/\/api.w.org\/{rel}","templated":true}]}}