{"id":527091,"date":"2025-11-11T12:11:16","date_gmt":"2025-11-11T12:11:16","guid":{"rendered":"https:\/\/www.europesays.com\/fr\/527091\/"},"modified":"2025-11-11T12:11:16","modified_gmt":"2025-11-11T12:11:16","slug":"atp-finals-binaghi-president-de-la-federation-italienne-de-tennis-sur-musetti-malheureusement-lorenzo-est-arrive-trop-tard-dans-un-etat-physique-precaire-payant-le-fait-davoir-poursuivi-s","status":"publish","type":"post","link":"https:\/\/www.europesays.com\/fr\/527091\/","title":{"rendered":"ATP &#8211; Finals > Binaghi, pr\u00e9sident de la F\u00e9d\u00e9ration italienne de tennis, sur Musetti : \u00ab\u00a0Malheureusement, Lorenzo est arriv\u00e9 trop tard, dans un \u00e9tat physique pr\u00e9caire, payant le fait d&rsquo;avoir poursuivi son r\u00eave jusqu&rsquo;\u00e0 il y a quelques jours\u00a0\u00bb"},"content":{"rendered":"<p>Alors qu\u2019il devait remporter le tournoi d\u2019Ath\u00e8nes pour se quali\u00adfier au Masters, Lorenzo Musetti a fina\u00adle\u00adment profit\u00e9 du forfait de Novak Djokovic, qui l\u2019a juste\u00adment battu en finale de l\u2019ATP 250\u00a0grec.\u00a0<\/p>\n<p>Selon Angelo Binaghi, pr\u00e9sident de la F\u00e9d\u00e9ration italienne de tennis, dont les propos relay\u00e9s par <a href=\"https:\/\/www.tennisworlditalia.com\/tennis\/news\/Interviste_Tennis\/102806\/felix-augeraliassime-parla-del-problema-fisico-avuto-nel-match-contro-jannik-sinner\/\" data-wpel-link=\"external\" target=\"_blank\" rel=\"nofollow external noopener\">Tennis World Italia<\/a>, le 9e joueur mondial a d\u00fb d\u00e9penser trop d\u2019\u00e9nergie ces derni\u00e8res semaines.<\/p>\n<p><strong>\u00ab\u202fMalheureusement, Lorenzo est arriv\u00e9 trop tard dans un \u00e9tat physique pr\u00e9caire, payant le fait d\u2019avoir pour\u00adsuivi son r\u00eave des Finales jusqu\u2019\u00e0 il y a quelques jours. La bles\u00adsure subie cet \u00e9t\u00e9 l\u2019a emp\u00each\u00e9 de prendre les points qui lui auraient permis de disputer cette premi\u00e8re quali\u00adfi\u00adca\u00adtion avec plus de s\u00e9r\u00e9\u00adnit\u00e9 et de calme. Mais il a 23 ans et aura beau\u00adcoup d\u2019autres occa\u00adsions, et nous sommes quand m\u00eame heureux qu\u2019il ait r\u00e9ussi.\u202f\u00bb<\/strong><\/p>\n<p>Battu lors du premier match de poules par Taylor Fritz (6\u22123, 6\u20134), Musetti va tenter de se relancer contre Alex de Minaur.<\/p>\n<p class=\"post-published-date\" style=\"color: silver; font-size: 75%; text-align: left;\">Publi\u00e9 le mardi 11 novembre 2025 \u00e0 11:58<\/p>\n","protected":false},"excerpt":{"rendered":"Alors qu\u2019il devait remporter le tournoi d\u2019Ath\u00e8nes pour se quali\u00adfier au Masters, Lorenzo Musetti a fina\u00adle\u00adment profit\u00e9 du&hellip;\n","protected":false},"author":2,"featured_media":527092,"comment_status":"","ping_status":"","sticky":false,"template":"","format":"standard","meta":{"footnotes":""},"categories":[1415],"tags":[105,1011,27,60,1467],"class_list":{"0":"post-527091","1":"post","2":"type-post","3":"status-publish","4":"format-standard","5":"has-post-thumbnail","7":"category-tennis","8":"tag-djokovic","9":"tag-fr","10":"tag-france","11":"tag-sports","12":"tag-tennis"},"share_on_mastodon":{"url":"https:\/\/pubeurope.com\/@fr\/115531001517239459","error":""},"_links":{"self":[{"href":"https:\/\/www.europesays.com\/fr\/wp-json\/wp\/v2\/posts\/527091","targetHints":{"allow":["GET"]}}],"collection":[{"href":"https:\/\/www.europesays.com\/fr\/wp-json\/wp\/v2\/posts"}],"about":[{"href":"https:\/\/www.europesays.com\/fr\/wp-json\/wp\/v2\/types\/post"}],"author":[{"embeddable":true,"href":"https:\/\/www.europesays.com\/fr\/wp-json\/wp\/v2\/users\/2"}],"replies":[{"embeddable":true,"href":"https:\/\/www.europesays.com\/fr\/wp-json\/wp\/v2\/comments?post=527091"}],"version-history":[{"count":0,"href":"https:\/\/www.europesays.com\/fr\/wp-json\/wp\/v2\/posts\/527091\/revisions"}],"wp:featuredmedia":[{"embeddable":true,"href":"https:\/\/www.europesays.com\/fr\/wp-json\/wp\/v2\/media\/527092"}],"wp:attachment":[{"href":"https:\/\/www.europesays.com\/fr\/wp-json\/wp\/v2\/media?parent=527091"}],"wp:term":[{"taxonomy":"category","embeddable":true,"href":"https:\/\/www.europesays.com\/fr\/wp-json\/wp\/v2\/categories?post=527091"},{"taxonomy":"post_tag","embeddable":true,"href":"https:\/\/www.europesays.com\/fr\/wp-json\/wp\/v2\/tags?post=527091"}],"curies":[{"name":"wp","href":"https:\/\/api.w.org\/{rel}","templated":true}]}}