{"id":527096,"date":"2025-11-11T12:17:14","date_gmt":"2025-11-11T12:17:14","guid":{"rendered":"https:\/\/www.europesays.com\/fr\/527096\/"},"modified":"2025-11-11T12:17:14","modified_gmt":"2025-11-11T12:17:14","slug":"miss-france-equipes-feminisees-gardes-rapproches-protection-ultra-stricte-pour-eviter-toute-agression","status":"publish","type":"post","link":"https:\/\/www.europesays.com\/fr\/527096\/","title":{"rendered":"Miss France : \u00e9quipes f\u00e9minis\u00e9es, gardes rapproch\u00e9s\u2026 protection ultra stricte pour \u00e9viter toute agression"},"content":{"rendered":"<p>      R\u00e9sum\u00e9<\/p>\n<p>Miss France renforce drastiquement sa s\u00e9curit\u00e9 avec des \u00e9quipes f\u00e9minines, des protocoles stricts et un encadrement rigoureux pour pr\u00e9server l\u2019int\u00e9grit\u00e9 des candidates lors de leurs d\u00e9placements.<\/p>\n<p>        Sommaire<\/p>\n<p>Le concours <a href=\"https:\/\/www.public.fr\/tag\/miss-france\" target=\"_blank\" rel=\"noopener\">Miss France<\/a> entre dans une nouvelle \u00e8re. Fini le temps des sourires fig\u00e9s et des d\u00e9placements sans filet&#8230; <strong>la s\u00e9curit\u00e9 est d\u00e9sormais au c\u0153ur du dispositif. <\/strong><\/p>\n<p>Depuis la reprise de l&rsquo;organisation par Fr\u00e9d\u00e9ric Gilbert, apr\u00e8s le d\u00e9part de <a href=\"https:\/\/www.public.fr\/tag\/sylvie-tellier\" target=\"_blank\" rel=\"noopener\">Sylvie Tellier<\/a>, l&rsquo;univers des Miss s&rsquo;est modernis\u00e9 en profondeur. <\/p>\n<p>R\u00e8glement all\u00e9g\u00e9, discours repens\u00e9, encadrement renforc\u00e9\u2026 Selon les informations du <a href=\"https:\/\/www.leparisien.fr\/culture-loisirs\/miss-france\/plus-personne-na-le-droit-de-toucher-une-miss-france-comment-les-candidates-sont-protegees-des-agressions-11-11-2025-DO7NGG7E75CVLA6EMEK4CVVBRE.php\" target=\"_blank\" rel=\"noreferrer noopener\">Parisien<\/a>, c&rsquo;est tout un syst\u00e8me qui a \u00e9t\u00e9 repens\u00e9 pour <strong>mieux prot\u00e9ger les jeunes femmes.<\/strong><\/p>\n<p>\u00ab\u00a0Plus personne ne touche\u00a0\u00bb<\/p>\n<p>Le d\u00e9clic ? \u00c8ve Gilles, Miss France 2024. Lors d&rsquo;un bain de foule, la jeune femme s&rsquo;est sentie submerg\u00e9e. \u00ab\u00a0Apr\u00e8s son couronnement, lors d&rsquo;un de ses premiers d\u00e9placements, il y avait 800 ou 900 personnes, et au bout d&rsquo;une demi-heure, <strong>elle s&rsquo;est crisp\u00e9e parce que les gens la touchaient<\/strong>\u00ab\u00a0, raconte Fr\u00e9d\u00e9ric Gilbert. \u00ab\u00a0Ce n&rsquo;\u00e9tait pas des gestes agressifs, mais il y a une proximit\u00e9 : <strong>les selfies, les mains, les bras qui passent\u2026<\/strong> Sauf que deux personnes, \u00e7a va, mais 800, au bout d&rsquo;un moment, c&rsquo;est plus possible.\u00a0\u00bb<\/p>\n<p>Depuis cet \u00e9pisode, une r\u00e8gle simple s&rsquo;impose ! \u00ab\u00a0Plus personne ne touche\u00a0\u00bb. Miss France n&rsquo;est plus accessible au tout-venant, sauf pour les enfants. Agents de s\u00e9curit\u00e9, accompagnateurs, protocole rigoureux\u2026 Rien n&rsquo;est laiss\u00e9 au hasard. Chaque d\u00e9placement est encadr\u00e9, chaque rencontre filtr\u00e9e.<\/p>\n<p>M\u00eame Ang\u00e9lique Angarni-Filopon, l&rsquo;actuelle Miss France, a mis en place son propre r\u00e9flexe. \u00ab\u00a0Elle place la main oppos\u00e9e derri\u00e8re le dos, et d\u00e8s qu&rsquo;une main approche, <strong>elle appelle elle-m\u00eame la s\u00e9curit\u00e9<\/strong>\u00ab\u00a0, d\u00e9taille le directeur du concours.<\/p>\n<p>Miss France : des coulisses sous haute vigilance<\/p>\n<p>La vigilance s&rsquo;\u00e9tend bien au-del\u00e0 des sc\u00e8nes publiques. Les photographes sont d\u00e9sormais brief\u00e9s avant chaque tournage, les mots contr\u00f4l\u00e9s, et les \u00e9quipes techniques se f\u00e9minisent pour garantir un climat serein. \u00ab\u00a0<strong>Pas de mots d\u00e9plac\u00e9s, pas d&rsquo;attitudes ambigu\u00ebs<\/strong>\u00ab\u00a0, insiste d&rsquo;ailleurs Fr\u00e9d\u00e9ric Gilbert.<\/p>\n<p>Derri\u00e8re le strass, une r\u00e9volution silencieuse est \u00e0 l&rsquo;\u0153uvre. Miss France assume \u00e0 pr\u00e9sent sa transformation, entre glamour ma\u00eetris\u00e9 et s\u00e9curit\u00e9 assum\u00e9e.<\/p>\n<p>\n          Hits &amp; People en continu\n        <\/p>\n<p>\n          Public Radio\n        <\/p>\n<p>      Mentionn\u00e9s dans cet article<\/p>\n<p>      Sur le m\u00eame sujet<\/p>\n","protected":false},"excerpt":{"rendered":"R\u00e9sum\u00e9 Miss France renforce drastiquement sa s\u00e9curit\u00e9 avec des \u00e9quipes f\u00e9minines, des protocoles stricts et un encadrement rigoureux&hellip;\n","protected":false},"author":2,"featured_media":527097,"comment_status":"","ping_status":"","sticky":false,"template":"","format":"standard","meta":{"footnotes":""},"categories":[1359],"tags":[43364,58,59,1011,27,3034,973],"class_list":{"0":"post-527096","1":"post","2":"type-post","3":"status-publish","4":"format-standard","5":"has-post-thumbnail","7":"category-people","8":"tag-angelique-angarni-filopon","9":"tag-divertissement","10":"tag-entertainment","11":"tag-fr","12":"tag-france","13":"tag-miss-france","14":"tag-people"},"share_on_mastodon":{"url":"https:\/\/pubeurope.com\/@fr\/115531025598319941","error":""},"_links":{"self":[{"href":"https:\/\/www.europesays.com\/fr\/wp-json\/wp\/v2\/posts\/527096","targetHints":{"allow":["GET"]}}],"collection":[{"href":"https:\/\/www.europesays.com\/fr\/wp-json\/wp\/v2\/posts"}],"about":[{"href":"https:\/\/www.europesays.com\/fr\/wp-json\/wp\/v2\/types\/post"}],"author":[{"embeddable":true,"href":"https:\/\/www.europesays.com\/fr\/wp-json\/wp\/v2\/users\/2"}],"replies":[{"embeddable":true,"href":"https:\/\/www.europesays.com\/fr\/wp-json\/wp\/v2\/comments?post=527096"}],"version-history":[{"count":0,"href":"https:\/\/www.europesays.com\/fr\/wp-json\/wp\/v2\/posts\/527096\/revisions"}],"wp:featuredmedia":[{"embeddable":true,"href":"https:\/\/www.europesays.com\/fr\/wp-json\/wp\/v2\/media\/527097"}],"wp:attachment":[{"href":"https:\/\/www.europesays.com\/fr\/wp-json\/wp\/v2\/media?parent=527096"}],"wp:term":[{"taxonomy":"category","embeddable":true,"href":"https:\/\/www.europesays.com\/fr\/wp-json\/wp\/v2\/categories?post=527096"},{"taxonomy":"post_tag","embeddable":true,"href":"https:\/\/www.europesays.com\/fr\/wp-json\/wp\/v2\/tags?post=527096"}],"curies":[{"name":"wp","href":"https:\/\/api.w.org\/{rel}","templated":true}]}}