{"id":527098,"date":"2025-11-11T12:18:55","date_gmt":"2025-11-11T12:18:55","guid":{"rendered":"https:\/\/www.europesays.com\/fr\/527098\/"},"modified":"2025-11-11T12:18:55","modified_gmt":"2025-11-11T12:18:55","slug":"les-laureats-des-epson-international-pano-awards-2025-devoilent-la-planete-en-grand-format","status":"publish","type":"post","link":"https:\/\/www.europesays.com\/fr\/527098\/","title":{"rendered":"Les laur\u00e9ats des Epson International Pano Awards 2025 d\u00e9voilent la plan\u00e8te en grand format"},"content":{"rendered":"<p>La 16e \u00e9dition des <strong>Epson International Pano Awards<\/strong> a d\u00e9voil\u00e9 ses laur\u00e9ats. Cette ann\u00e9e encore, ce concours fait la part belle aux paysages ultra-larges et immersifs. Le grand gagnant 2025 est <strong>Alex Wides,<\/strong> couronn\u00e9 <strong>Open Photographer of the Year 2025<\/strong> avec des images spectaculaires aux quatre coins du monde. De son c\u00f4t\u00e9, <strong>Kevin Nyun<\/strong> remporte le grand prix dans la <strong>cat\u00e9gorie Amateur<\/strong>.<\/p>\n<p>Le plus grand concours d\u00e9di\u00e9 \u00e0 la photographie panoramique<\/p>\n<p>Fond\u00e9s en 2009, les Epson International Pano Awards sont aujourd\u2019hui le plus grand concours au monde d\u00e9di\u00e9 \u00e0 la photographie panoramique. Soutenu par <strong>Epson Australia<\/strong> et <strong>Epson Southeast Asia<\/strong>, l\u2019\u00e9v\u00e9nement r\u00e9compense l\u2019excellence technique et la cr\u00e9ativit\u00e9 des photographes.<\/p>\n<p>Pour David Evans, commissaire et fondateur du concours, cette \u00e9dition 2025 marque une <strong>nouvelle \u00e9tape dans l\u2019\u00e9volution du format panoramique<\/strong>. Les photographes ont explor\u00e9 des territoires encore peu repr\u00e9sent\u00e9s, de l\u2019Alg\u00e9rie \u00e0 l\u2019Arabie Saoudite, tout en r\u00e9inventant des destinations embl\u00e9matiques comme l\u2019Islande, les Dolomites ou les Lofoten.<\/p>\n<p>\u201cChaque ann\u00e9e, les Pano Awards repoussent un peu plus les fronti\u00e8res du regard\u201d, souligne-t-il. \u201cLe format panoramique reste l\u2019un des moyens les plus puissants de raconter le monde contemporain.\u201d<\/p>\n<p>Le concours distingue deux grands volets : la <strong>cat\u00e9gorie Open<\/strong>, ouverte aux photographes professionnels ou confirm\u00e9s, et la <strong>cat\u00e9gorie Amateur<\/strong>, destin\u00e9e aux passionn\u00e9s non professionnels.<\/p>\n<p><strong>Alex Wides, laur\u00e9at de la cat\u00e9gorie Open<\/strong><\/p>\n<p>Bas\u00e9 en Italie, <strong>Alex Wides<\/strong> est reconnu pour son <strong>approche extr\u00eame du panorama<\/strong>. Sa technique, qu\u2019il a d\u00e9velopp\u00e9e au fil de longues ann\u00e9es d\u2019exp\u00e9rimentation, lui permet de fusionner plusieurs perspectives pour cr\u00e9er des <strong>visions immersives<\/strong> d\u2019une pr\u00e9cision saisissante.<\/p>\n<p>Sa s\u00e9rie r\u00e9compens\u00e9e r\u00e9unit trois \u0153uvres fortes : Last Fireworks, Jackpot et Mann.<\/p>\n<p>Dans Last Fireworks, captur\u00e9e au c\u0153ur du <strong>d\u00e9sert alg\u00e9rien<\/strong>, le ciel s\u2019embrase en une explosion de couleurs au coucher du soleil, un moment qu\u2019il d\u00e9crit comme \u201cle feu d\u2019artifice d\u2019un voyage nomade inoubliable\u201d.<\/p>\n<p><a href=\"https:\/\/www.europesays.com\/fr\/wp-content\/uploads\/2025\/11\/1_alessandro-cantarelli-uae-opnl-pa2517730.jpg\"><img decoding=\"async\" width=\"1400\" height=\"700\" loading=\"lazy\" src=\"https:\/\/www.europesays.com\/fr\/wp-content\/uploads\/2025\/11\/1_alessandro-cantarelli-uae-opnl-pa2517730.jpg\" alt=\"\" class=\"wp-image-253186\"  \/><\/a>\u00a9 Alex Wides \u2013 The 16th Epson International Pano Awards https:\/\/thepanoawards.com<\/p>\n<p>Avec Jackpot, photographi\u00e9 sur l\u2019\u00eele de Senja en Norv\u00e8ge, il immortalise une <strong><a href=\"https:\/\/phototrend.fr\/2017\/09\/mp-62-photo-aurores-boreales\/\" rel=\"nofollow noopener\" target=\"_blank\">aurore bor\u00e9ale<\/a><\/strong> spectaculaire apr\u00e8s dix jours de mauvais temps, un panorama de lumi\u00e8re et de patience.<\/p>\n<p><a href=\"https:\/\/www.europesays.com\/fr\/wp-content\/uploads\/2025\/11\/2_alessandro-cantarelli-uae-opnl-pa2517730.jpg\"><img decoding=\"async\" width=\"1400\" height=\"700\" loading=\"lazy\" src=\"https:\/\/www.europesays.com\/fr\/wp-content\/uploads\/2025\/11\/2_alessandro-cantarelli-uae-opnl-pa2517730.jpg\" alt=\"\" class=\"wp-image-253187\"  \/><\/a>\u00a9 Alex Wides \u2013 The 16th Epson International Pano Awards https:\/\/thepanoawards.com<\/p>\n<p>Enfin, Mann, r\u00e9alis\u00e9 dans les <strong>Dolomites italiennes<\/strong> par une nuit glaciale \u00e0 -15 \u00b0C, d\u00e9voile la po\u00e9sie du clair de lune sur la neige, chaque texture r\u00e9v\u00e9l\u00e9e par la lumi\u00e8re lunaire.<\/p>\n<p><a href=\"https:\/\/www.europesays.com\/fr\/wp-content\/uploads\/2025\/11\/3_alessandro-cantarelli-uae-opnl-pa2517730.jpg\"><img decoding=\"async\" width=\"1400\" height=\"700\" loading=\"lazy\" src=\"https:\/\/www.europesays.com\/fr\/wp-content\/uploads\/2025\/11\/3_alessandro-cantarelli-uae-opnl-pa2517730.jpg\" alt=\"\" class=\"wp-image-253188\"  \/><\/a>\u00a9 Alex Wides \u2013 The 16th Epson International Pano Awards https:\/\/thepanoawards.com<\/p>\n<p>\u201cCe sont des sc\u00e8nes qui exigent autant d\u2019endurance que de technique\u201d, confie le photographe, qui travaille parfois des nuits enti\u00e8res pour construire ses panoramas.<\/p>\n<p>Le photographe russo-chinois <strong>Vitaly Golovatyuk<\/strong>, d\u00e9croche la seconde place ainsi que le premier prix de la cat\u00e9gorie Aerial et Vertical avec une photo r\u00e9alis\u00e9e \u00e0 Victoria Peak \u00e0 Hong Kong.<\/p>\n<p><a href=\"https:\/\/www.europesays.com\/fr\/wp-content\/uploads\/2025\/11\/vitaly-golovatyuk-china-opbe-pa2518176.jpg\"><img decoding=\"async\" width=\"700\" height=\"1400\" loading=\"lazy\" src=\"https:\/\/www.europesays.com\/fr\/wp-content\/uploads\/2025\/11\/vitaly-golovatyuk-china-opbe-pa2518176.jpg\" alt=\"\" class=\"wp-image-253185\"  \/><\/a>\u00a9 Vitaly Golovatyuk \u2013 The 16th Epson International Pano Awards https:\/\/thepanoawards.com<\/p>\n<p>C\u2019est le r\u00e9sultat de quarante-huit clich\u00e9s pris avec un drone <a href=\"https:\/\/phototrend.fr\/2015\/10\/test-du-dji-phantom-3-standard-par-kai-wong-de-digitalrev\/\" rel=\"nofollow noopener\" target=\"_blank\">DJI Phantom 3 Pro<\/a>, puis m\u00e9ticuleusement assembl\u00e9s puis invers\u00e9s pour transformer la ville en un paysage presque abstrait.<\/p>\n<p>Kevin Nyun, laur\u00e9at Amateur<\/p>\n<p>Dans la cat\u00e9gorie Amateur, le titre de Photographer of the Year revient \u00e0 <strong>Kevin Nyun<\/strong>, un photographe bas\u00e9 \u00e0 San Francisco, pour ses images The Altiplano Landscape, Frozen et Remnants, qui traduisent un <strong>\u00e9merveillement face \u00e0 la nature<\/strong>.<\/p>\n<p>Dans The Altiplano Landscape, il immortalise au drone les hauts plateaux boliviens \u00e0 pr\u00e8s de 5000 m\u00e8tres d\u2019altitude.<\/p>\n<p><a href=\"https:\/\/www.europesays.com\/fr\/wp-content\/uploads\/2025\/11\/1_kevin-nyun-united-states-amnl-pa2518132.jpg\"><img decoding=\"async\" width=\"1400\" height=\"700\" loading=\"lazy\" src=\"https:\/\/www.europesays.com\/fr\/wp-content\/uploads\/2025\/11\/1_kevin-nyun-united-states-amnl-pa2518132.jpg\" alt=\"\" class=\"wp-image-253182\"  \/><\/a>\u00a9 Kevin Nyun \u2013 The 16th Epson International Pano Awards https:\/\/thepanoawards.com<\/p>\n<p>Frozen capture une matin\u00e9e glaciale dans les montagnes du Pacifique Nord, o\u00f9 il a brav\u00e9 le froid extr\u00eame pour saisir la lueur bleut\u00e9e du petit matin.<\/p>\n<p>Voir aussi<\/p>\n<p><a href=\"https:\/\/phototrend.fr\/2025\/11\/concours-lpo-les-10-plus-belles-photos-doiseau-2025\/\" class=\"mask-img\" title=\"Concours Photo LPO 2025 1.Dusart Petit Gravelot\" rel=\"nofollow noopener\" target=\"_blank\"><img decoding=\"async\" width=\"100\" height=\"100\" src=\"https:\/\/www.europesays.com\/fr\/wp-content\/uploads\/2025\/11\/concours-photo-lpo-2025-1.dusart_petit-gravelot_-100x100.jpg\" class=\"attachment-thumbnail size-thumbnail zeen-lazy-load-base zeen-lazy-load  wp-post-image\" alt=\"\"   loading=\"lazy\"\/><\/a><\/p>\n<p><a href=\"https:\/\/www.europesays.com\/fr\/wp-content\/uploads\/2025\/11\/2_kevin-nyun-united-states-amnl-pa2518132.jpg\"><img decoding=\"async\" width=\"1400\" height=\"700\" loading=\"lazy\" src=\"https:\/\/www.europesays.com\/fr\/wp-content\/uploads\/2025\/11\/2_kevin-nyun-united-states-amnl-pa2518132.jpg\" alt=\"\" class=\"wp-image-253183\"  \/><\/a>\u00a9 Kevin Nyun \u2013 The 16th Epson International Pano Awards https:\/\/thepanoawards.com<\/p>\n<p>Enfin, Remnants, \u00e9galement prise en Bolivie, r\u00e9v\u00e8le les traces volcaniques d\u2019un d\u00e9sert orang\u00e9 balay\u00e9 par les nuages.<\/p>\n<p><a href=\"https:\/\/www.europesays.com\/fr\/wp-content\/uploads\/2025\/11\/3_kevin-nyun-united-states-amnl-pa2518132.jpg\"><img decoding=\"async\" width=\"1400\" height=\"700\" loading=\"lazy\" src=\"https:\/\/www.europesays.com\/fr\/wp-content\/uploads\/2025\/11\/3_kevin-nyun-united-states-amnl-pa2518132.jpg\" alt=\"\" class=\"wp-image-253184\"  \/><\/a>\u00a9 Kevin Nyun \u2013 The 16th Epson International Pano Awards https:\/\/thepanoawards.com<\/p>\n<p>La seconde place du concours amateur revient \u00e0 <strong>Pedro Nogales.<\/strong> Son image r\u00e9compens\u00e9e, prise \u00e0 Madrid, met en valeur la tour PwC, l\u2019un des quatre gratte-ciels embl\u00e9matiques du quartier financier.<\/p>\n<p><a href=\"https:\/\/www.europesays.com\/fr\/wp-content\/uploads\/2025\/11\/pedro-nogales-tena-spain-ambe-pa2518433.jpg\"><img decoding=\"async\" width=\"1400\" height=\"700\" loading=\"lazy\" src=\"https:\/\/www.europesays.com\/fr\/wp-content\/uploads\/2025\/11\/pedro-nogales-tena-spain-ambe-pa2518433.jpg\" alt=\"\" class=\"wp-image-253181\"  \/><\/a>\u00a9 Pedro Nogales \u2013 The 16th Epson International Pano Awards https:\/\/thepanoawards.com<\/p>\n<p>Les distinctions sp\u00e9ciales<\/p>\n<p>Plusieurs prix sp\u00e9ciaux compl\u00e8tent le palmar\u00e8s 2025. Le <strong>Epson Digital Art Prize<\/strong> revient \u00e0 <strong>Daniel Vi\u00f1\u00e9<\/strong>, photographe espagnol, pour Women of the Coast, une image po\u00e9tique captur\u00e9e dans un village vietnamien.<\/p>\n<p><a href=\"https:\/\/www.europesays.com\/fr\/wp-content\/uploads\/2025\/11\/daniel-vine-garcia-spain-opbe-pa2518109.jpg\"><img decoding=\"async\" width=\"1400\" height=\"700\" loading=\"lazy\" src=\"https:\/\/www.europesays.com\/fr\/wp-content\/uploads\/2025\/11\/daniel-vine-garcia-spain-opbe-pa2518109.jpg\" alt=\"\" class=\"wp-image-253190\"  \/><\/a>\u00a9 Daniel Vi\u00f1\u00e9 \u2013 The 16th Epson International Pano Awards https:\/\/thepanoawards.com<\/p>\n<p>Daniel Vi\u00f1\u00e9 re\u00e7oit \u00e9galement le <strong>RAW Planet Award<\/strong> pour Cathedral of Shadows, un panorama a\u00e9rien du d\u00e9sert d\u2019Utah.<\/p>\n<p><a href=\"https:\/\/www.europesays.com\/fr\/wp-content\/uploads\/2025\/11\/daniel-vine-garcia-spain-opnl-pa2518090.jpg\"><img decoding=\"async\" width=\"1400\" height=\"631\" loading=\"lazy\" src=\"https:\/\/www.europesays.com\/fr\/wp-content\/uploads\/2025\/11\/daniel-vine-garcia-spain-opnl-pa2518090.jpg\" alt=\"\" class=\"wp-image-253191\"  \/><\/a>\u00a9 Daniel Vi\u00f1\u00e9 \u2013 The 16th Epson International Pano Awards https:\/\/thepanoawards.com<\/p>\n<p>Enfin, le <strong>Curator\u2019s Award<\/strong>, d\u00e9cern\u00e9 par le fondateur du concours <strong>David Evans<\/strong>, distingue l\u2019Am\u00e9ricain <strong>Chris Byrne<\/strong> pour Elysium, un paysage alpin captur\u00e9 au pied du mont Rainier, dans l\u2019\u00c9tat de Washington. Une sc\u00e8ne florale et lumineuse qui r\u00e9sume la beaut\u00e9 \u00e9ph\u00e9m\u00e8re de la nature.<\/p>\n<p><a href=\"https:\/\/www.europesays.com\/fr\/wp-content\/uploads\/2025\/11\/chris-byrne-us-opnl-pa2518559.jpg\"><img decoding=\"async\" width=\"1400\" height=\"700\" loading=\"lazy\" src=\"https:\/\/www.europesays.com\/fr\/wp-content\/uploads\/2025\/11\/chris-byrne-us-opnl-pa2518559.jpg\" alt=\"\" class=\"wp-image-253189\"  \/><\/a>\u00a9 Chris Byrne \u2013 The 16th Epson International Pano Awards https:\/\/thepanoawards.com<\/p>\n<p><strong>Voici \u00e9galement une s\u00e9lection de photos qui ont retenues notre attention dans le cadre de ce concours : <\/strong><\/p>\n<p><a href=\"https:\/\/phototrend.fr\/wp-content\/uploads\/2025\/11\/88_yuan-li-china-opbe-pa2518074.jpg\" rel=\"nofollow noopener\" target=\"_blank\"><img decoding=\"async\" width=\"1400\" height=\"700\" loading=\"lazy\" src=\"https:\/\/www.europesays.com\/fr\/wp-content\/uploads\/2025\/11\/88_yuan-li-china-opbe-pa2518074-1400x700.jpg\" alt=\"\" class=\"wp-image-253196\"  \/><\/a>\u00a9 Yuan Li \u2013 The 16th Epson International Pano Awards https:\/\/thepanoawards.com<\/p>\n<p><a href=\"https:\/\/phototrend.fr\/wp-content\/uploads\/2025\/11\/16_cao-thi-ngoc-diem-viet-nam-opbe-pa2518088.jpg\" rel=\"nofollow noopener\" target=\"_blank\"><img decoding=\"async\" width=\"1400\" height=\"700\" loading=\"lazy\" src=\"https:\/\/www.europesays.com\/fr\/wp-content\/uploads\/2025\/11\/16_cao-thi-ngoc-diem-viet-nam-opbe-pa2518088-1400x700.jpg\" alt=\"\" class=\"wp-image-253197\"  \/><\/a>\u00a9 Cao Thi Ngoc Diem \u2013 The 16th Epson International Pano Awards https:\/\/thepanoawards.com<\/p>\n<p><a href=\"https:\/\/phototrend.fr\/wp-content\/uploads\/2025\/11\/28_andy-wong-hong-kong-opbe-pa2518015.jpg\" rel=\"nofollow noopener\" target=\"_blank\"><img decoding=\"async\" width=\"1400\" height=\"700\" loading=\"lazy\" src=\"https:\/\/www.europesays.com\/fr\/wp-content\/uploads\/2025\/11\/28_andy-wong-hong-kong-opbe-pa2518015-1400x700.jpg\" alt=\"\" class=\"wp-image-253194\"  \/><\/a>\u00a9 Andy Wong \u2013 The 16th Epson International Pano Awards https:\/\/thepanoawards.com<\/p>\n<p><a href=\"https:\/\/phototrend.fr\/wp-content\/uploads\/2025\/11\/49_k-sharad-haksar-in-opbe-pa2518589b.jpg\" rel=\"nofollow noopener\" target=\"_blank\"><img decoding=\"async\" width=\"1400\" height=\"700\" loading=\"lazy\" src=\"https:\/\/www.europesays.com\/fr\/wp-content\/uploads\/2025\/11\/49_k-sharad-haksar-in-opbe-pa2518589b-1400x700.jpg\" alt=\"\" class=\"wp-image-253200\"  \/><\/a>\u00a9 K Sharad Haksar \u2013 The 16th Epson International Pano Awards https:\/\/thepanoawards.com<\/p>\n<p><a href=\"https:\/\/phototrend.fr\/wp-content\/uploads\/2025\/11\/55_jingyi-zhang-united-states-opbe-pa2518329.jpg\" rel=\"nofollow noopener\" target=\"_blank\"><img decoding=\"async\" width=\"1400\" height=\"677\" loading=\"lazy\" src=\"https:\/\/www.europesays.com\/fr\/wp-content\/uploads\/2025\/11\/55_jingyi-zhang-united-states-opbe-pa2518329-1400x677.jpg\" alt=\"\" class=\"wp-image-253193\"  \/><\/a>\u00a9 Jingyi Zhang \u2013 The 16th Epson International Pano Awards https:\/\/thepanoawards.com<\/p>\n<p><a href=\"https:\/\/phototrend.fr\/wp-content\/uploads\/2025\/11\/60_ngar-shun-victor-wong-hong-kong-opbe-pa2518324.jpg\" rel=\"nofollow noopener\" target=\"_blank\"><img decoding=\"async\" width=\"1400\" height=\"699\" loading=\"lazy\" src=\"https:\/\/www.europesays.com\/fr\/wp-content\/uploads\/2025\/11\/60_ngar-shun-victor-wong-hong-kong-opbe-pa2518324-1400x699.jpg\" alt=\"\" class=\"wp-image-253195\"  \/><\/a>\u00a9 Ngar Shun Victor Wong \u2013 The 16th Epson International Pano Awards https:\/\/thepanoawards.com<\/p>\n<p><a href=\"https:\/\/phototrend.fr\/wp-content\/uploads\/2025\/11\/76_wei-lian-united-states-opbe-pa2517890.jpg\" rel=\"nofollow noopener\" target=\"_blank\"><img decoding=\"async\" width=\"1400\" height=\"667\" loading=\"lazy\" src=\"https:\/\/www.europesays.com\/fr\/wp-content\/uploads\/2025\/11\/76_wei-lian-united-states-opbe-pa2517890-1400x667.jpg\" alt=\"\" class=\"wp-image-253198\"  \/><\/a>\u00a9 Wei Lian \u2013 The 16th Epson International Pano Awards https:\/\/thepanoawards.com<\/p>\n<p><a href=\"https:\/\/phototrend.fr\/wp-content\/uploads\/2025\/11\/85_chin-leong-teo-singapore-opbe-pa2518212.jpg\" rel=\"nofollow noopener\" target=\"_blank\"><img decoding=\"async\" width=\"1400\" height=\"700\" loading=\"lazy\" src=\"https:\/\/www.europesays.com\/fr\/wp-content\/uploads\/2025\/11\/85_chin-leong-teo-singapore-opbe-pa2518212-1400x700.jpg\" alt=\"\" class=\"wp-image-253199\"  \/><\/a>\u00a9 Chin Leong Teo \u2013 The 16th Epson International Pano Awards https:\/\/thepanoawards.com<\/p>\n<p>Retrouvez toutes les photos prim\u00e9es et finalistes sur <a href=\"https:\/\/thepanoawards.com\/2025-winners-gallery\/\" rel=\"nofollow noopener\" target=\"_blank\">le site officiel du concours<\/a>.<\/p>\n<p>La prochaine \u00e9dition du concours ouvrira ses inscriptions au printemps 2026.<\/p>\n","protected":false},"excerpt":{"rendered":"La 16e \u00e9dition des Epson International Pano Awards a d\u00e9voil\u00e9 ses laur\u00e9ats. Cette ann\u00e9e encore, ce concours fait&hellip;\n","protected":false},"author":2,"featured_media":527099,"comment_status":"","ping_status":"","sticky":false,"template":"","format":"standard","meta":{"footnotes":""},"categories":[1358],"tags":[47,64630,1348,1384,1385,1386,58,59,64631,1011,27,64632,64633],"class_list":{"0":"post-527098","1":"post","2":"type-post","3":"status-publish","4":"format-standard","5":"has-post-thumbnail","7":"category-arts-et-design","8":"tag-actualite","9":"tag-ales-wides","10":"tag-arts","11":"tag-arts-and-design","12":"tag-arts-et-design","13":"tag-design","14":"tag-divertissement","15":"tag-entertainment","16":"tag-epson-international-pano-awards","17":"tag-fr","18":"tag-france","19":"tag-kevin-nyun","20":"tag-photographie-panoramique"},"share_on_mastodon":{"url":"https:\/\/pubeurope.com\/@fr\/115531034418651866","error":""},"_links":{"self":[{"href":"https:\/\/www.europesays.com\/fr\/wp-json\/wp\/v2\/posts\/527098","targetHints":{"allow":["GET"]}}],"collection":[{"href":"https:\/\/www.europesays.com\/fr\/wp-json\/wp\/v2\/posts"}],"about":[{"href":"https:\/\/www.europesays.com\/fr\/wp-json\/wp\/v2\/types\/post"}],"author":[{"embeddable":true,"href":"https:\/\/www.europesays.com\/fr\/wp-json\/wp\/v2\/users\/2"}],"replies":[{"embeddable":true,"href":"https:\/\/www.europesays.com\/fr\/wp-json\/wp\/v2\/comments?post=527098"}],"version-history":[{"count":0,"href":"https:\/\/www.europesays.com\/fr\/wp-json\/wp\/v2\/posts\/527098\/revisions"}],"wp:featuredmedia":[{"embeddable":true,"href":"https:\/\/www.europesays.com\/fr\/wp-json\/wp\/v2\/media\/527099"}],"wp:attachment":[{"href":"https:\/\/www.europesays.com\/fr\/wp-json\/wp\/v2\/media?parent=527098"}],"wp:term":[{"taxonomy":"category","embeddable":true,"href":"https:\/\/www.europesays.com\/fr\/wp-json\/wp\/v2\/categories?post=527098"},{"taxonomy":"post_tag","embeddable":true,"href":"https:\/\/www.europesays.com\/fr\/wp-json\/wp\/v2\/tags?post=527098"}],"curies":[{"name":"wp","href":"https:\/\/api.w.org\/{rel}","templated":true}]}}