{"id":527116,"date":"2025-11-11T12:29:11","date_gmt":"2025-11-11T12:29:11","guid":{"rendered":"https:\/\/www.europesays.com\/fr\/527116\/"},"modified":"2025-11-11T12:29:11","modified_gmt":"2025-11-11T12:29:11","slug":"un-homme-arrete-pour-avoir-voulu-orchestrer-des-attentats-contre-des-politiques-allemands","status":"publish","type":"post","link":"https:\/\/www.europesays.com\/fr\/527116\/","title":{"rendered":"Un homme arr\u00eat\u00e9 pour avoir voulu orchestrer des attentats contre des politiques allemands"},"content":{"rendered":"<p>\n    Le parquet n\u2019a pas pr\u00e9cis\u00e9 les motivations de Martin S., s\u2019il agissait seul ou avec des complices, ni s\u2019il disposait d\u2019armes ou d\u2019explosifs pour mettre ses menaces \u00e0 ex\u00e9cution.<\/p>\n<p class=\"fig-paragraph\">Un ressortissant germano-polonais a \u00e9t\u00e9 arr\u00eat\u00e9 en Allemagne pour avoir voulu orchestrer des attaques contre des personnalit\u00e9s politiques allemandes, a annonc\u00e9 mardi le parquet f\u00e9d\u00e9ral, sans pr\u00e9ciser dans l&rsquo;imm\u00e9diat les motivations du suspect. L&rsquo;individu, identifi\u00e9 uniquement comme Martin S., a \u00e9t\u00e9 arr\u00eat\u00e9 lundi \u00e0 Dortmund (ouest) et doit \u00eatre pr\u00e9sent\u00e9 mardi \u00e0 un juge devant d\u00e9cider de son placement en d\u00e9tention. Selon le parquet, il aurait depuis juin 2025 appel\u00e9 sur le darknet \u00ab\u00e0 commettre des attentats contre des hommes politiques, des responsables publics et des personnalit\u00e9s de la vie publique en Allemagne\u00bb.<\/p>\n<p class=\"fig-paragraph\">\u00c0 cette fin, il a publi\u00e9 les noms de cibles potentielles, prononc\u00e9 des \u00abcondamnations \u00e0 mort\u00bb et diffus\u00e9 des instructions pour fabriquer des engins explosifs. Il a \u00e9galement sollicit\u00e9 des contributions en cryptomonaie pour verser une \u00abprime\u00bb en cas d&rsquo;assassinat. Le parquet n&rsquo;a pas pr\u00e9cis\u00e9 les motivations de Martin S., s&rsquo;il agissait seul ou avec des complices, ni s&rsquo;il disposait d&rsquo;armes ou d&rsquo;explosifs pour mettre ses menaces \u00e0 ex\u00e9cution.<\/p>\n<p>                                    <a class=\"fig-a11y-skip a11y-hidden\" href=\"#fig-a11y-skip-main-inarticle\"><br \/>\n        Passer la publicit\u00e9<br \/>\n    <\/a><\/p>\n<p class=\"fig-paragraph\">Interrog\u00e9 par l&rsquo;AFP, le bureau du procureur n&rsquo;a pas souhait\u00e9 apporter de pr\u00e9cisions \u00e0 ce stade. L&rsquo;Allemagne a d\u00e9mantel\u00e9 ces derni\u00e8res ann\u00e9es des r\u00e9seaux complotistes ou d&rsquo;extr\u00eame droite suspect\u00e9e de vouloir s&rsquo;en prendre aux institutions et aux dirigeants du pays. Le cas le plus embl\u00e9matique a \u00e9t\u00e9 le d\u00e9mant\u00e8lement en d\u00e9cembre 2022 d&rsquo;un groupe accus\u00e9 d&rsquo;avoir pr\u00e9par\u00e9 un coup d&rsquo;\u00c9tat e<a href=\"https:\/\/www.lefigaro.fr\/international\/2017\/01\/27\/01003-20170127ARTFIG00303-les-citoyens-du-reich-inquietent-l-allemagne.php\" data-fig-type=\"Article\" data-gtm-custom-categorie=\"navigation\" data-gtm-custom-action=\"crossclick\" data-gtm-custom-label=\"Contextuel\" data-gtm-event=\"customEventSPE\" data-fig-domain=\"LEFIGARO\" rel=\"nofollow noopener\" target=\"_blank\">t appartenant \u00e0 la n\u00e9buleuse<\/a>\u00a0des \u00abReichsb\u00fcrger\u00bb (citoyens du Reich, NDLR), qui nie la l\u00e9gitimit\u00e9 de la R\u00e9publique f\u00e9d\u00e9rale d&rsquo;Allemagne.<\/p>\n<p class=\"fig-paragraph\">Trois proc\u00e8s distincts ont d\u00e9but\u00e9 au printemps 2024, dont celui du meneur, un aristocrate allemand, Henri XIII dit Prince Reuss et d&rsquo;anciens soldats d&rsquo;\u00e9lite. En mai, le gouvernement du chancelier Friedrich Merz a dissous l&rsquo;organisation \u00abRoyaume d&rsquo;Allemagne\u00bb, un collectif de \u00abReichsb\u00fcrger\u00bb vivant en dehors des cadres institutionnels et qualifi\u00e9 \u00abd&rsquo;extr\u00e9miste dangereux\u00bb.<\/p>\n","protected":false},"excerpt":{"rendered":"Le parquet n\u2019a pas pr\u00e9cis\u00e9 les motivations de Martin S., s\u2019il agissait seul ou avec des complices, ni&hellip;\n","protected":false},"author":2,"featured_media":527117,"comment_status":"","ping_status":"","sticky":false,"template":"","format":"standard","meta":{"footnotes":""},"categories":[5],"tags":[11,672,1011,27,14,12,28],"class_list":{"0":"post-527116","1":"post","2":"type-post","3":"status-publish","4":"format-standard","5":"has-post-thumbnail","7":"category-international","8":"tag-actualites","9":"tag-allemagne","10":"tag-fr","11":"tag-france","12":"tag-international","13":"tag-news","14":"tag-world"},"share_on_mastodon":{"url":"https:\/\/pubeurope.com\/@fr\/115531072355393862","error":""},"_links":{"self":[{"href":"https:\/\/www.europesays.com\/fr\/wp-json\/wp\/v2\/posts\/527116","targetHints":{"allow":["GET"]}}],"collection":[{"href":"https:\/\/www.europesays.com\/fr\/wp-json\/wp\/v2\/posts"}],"about":[{"href":"https:\/\/www.europesays.com\/fr\/wp-json\/wp\/v2\/types\/post"}],"author":[{"embeddable":true,"href":"https:\/\/www.europesays.com\/fr\/wp-json\/wp\/v2\/users\/2"}],"replies":[{"embeddable":true,"href":"https:\/\/www.europesays.com\/fr\/wp-json\/wp\/v2\/comments?post=527116"}],"version-history":[{"count":0,"href":"https:\/\/www.europesays.com\/fr\/wp-json\/wp\/v2\/posts\/527116\/revisions"}],"wp:featuredmedia":[{"embeddable":true,"href":"https:\/\/www.europesays.com\/fr\/wp-json\/wp\/v2\/media\/527117"}],"wp:attachment":[{"href":"https:\/\/www.europesays.com\/fr\/wp-json\/wp\/v2\/media?parent=527116"}],"wp:term":[{"taxonomy":"category","embeddable":true,"href":"https:\/\/www.europesays.com\/fr\/wp-json\/wp\/v2\/categories?post=527116"},{"taxonomy":"post_tag","embeddable":true,"href":"https:\/\/www.europesays.com\/fr\/wp-json\/wp\/v2\/tags?post=527116"}],"curies":[{"name":"wp","href":"https:\/\/api.w.org\/{rel}","templated":true}]}}