{"id":527122,"date":"2025-11-11T12:34:14","date_gmt":"2025-11-11T12:34:14","guid":{"rendered":"https:\/\/www.europesays.com\/fr\/527122\/"},"modified":"2025-11-11T12:34:14","modified_gmt":"2025-11-11T12:34:14","slug":"natation-championnats-de-france-haut-niveau-sport-sante-la-fusion-reussie-de-saint-etienne-aquatic-metropole","status":"publish","type":"post","link":"https:\/\/www.europesays.com\/fr\/527122\/","title":{"rendered":"Natation. Championnats de France, haut niveau, sport-sant\u00e9&#8230; la fusion r\u00e9ussie de Saint-\u00c9tienne Aquatic M\u00e9tropole"},"content":{"rendered":"<p>Djamila Contrino, pr\u00e9sidente et Guillaume Borg\u00e8s vice-pr\u00e9sident ont affich\u00e9 leur satisfaction lors de l\u2019assembl\u00e9e g\u00e9n\u00e9rale de Saint-\u00c9tienne Aquatic M\u00e9tropole (SEAM).<\/p>\n<p>  Le plus grand club de la Loire toutes disciplines confondues<\/p>\n<p>Pour <a href=\"https:\/\/www.leprogres.fr\/sport\/2024\/10\/09\/djamila-contrino-(seam)-une-annee-extraordinaire\" target=\"_blank\" rel=\"noopener\"> la deuxi\u00e8me ann\u00e9e de vie<\/a> du nouveau club st\u00e9phanois issu de la fusion entre le SEN et l\u2019ACSEM, les r\u00e9sultats sont au rendez-vous.<\/p>\n<p>Avec 1\u00a0638 licenci\u00e9s la saison derni\u00e8re, le SEAM est devenu le plus grand club de la Loire toutes disciplines confondues. Mais les motifs de satisfaction sont nombreux. Le club a obtenu le label CAF de la FFN pour l\u2019acc\u00e8s au haut niveau. Plus de 60\u00a0% des nageurs sont en formation, de l\u2019apprentissage \u00e0 l\u2019acc\u00e8s \u00e0 la comp\u00e9tition.<\/p>\n<p>De nombreux nageurs ont brill\u00e9 lors des comp\u00e9titions nationales avec notamment Lucie Olivier, Othman Krache et Jocelyn Bertail. Mais le club ne se cantonne pas qu\u2019\u00e0 l\u2019acc\u00e8s au haut niveau, des activit\u00e9s comme l\u2019aquabike, sport sant\u00e9 et l\u2019aquagym ont du succ\u00e8s.<\/p>\n<p>L\u2019\u00e9v\u00e9nement majeur de la saison prochaine sera bien s\u00fbr l\u2019organisation des championnats de France \u00e9lite \u00e0 la piscine Raymond Sommet du 27\u00a0juin au 2\u00a0juillet.<\/p>\n","protected":false},"excerpt":{"rendered":"Djamila Contrino, pr\u00e9sidente et Guillaume Borg\u00e8s vice-pr\u00e9sident ont affich\u00e9 leur satisfaction lors de l\u2019assembl\u00e9e g\u00e9n\u00e9rale de Saint-\u00c9tienne Aquatic&hellip;\n","protected":false},"author":2,"featured_media":527123,"comment_status":"","ping_status":"","sticky":false,"template":"","format":"standard","meta":{"footnotes":""},"categories":[9653],"tags":[1111,11,2430,7539,1777,674,1011,27,12,25,4001,7538,517,15103],"class_list":{"0":"post-527122","1":"post","2":"type-post","3":"status-publish","4":"format-standard","5":"has-post-thumbnail","7":"category-saint-etienne","8":"tag-actu","9":"tag-actualites","10":"tag-auvergne-rhone-alpes","11":"tag-edition-loire-sud","12":"tag-eu","13":"tag-europe","14":"tag-fr","15":"tag-france","16":"tag-news","17":"tag-republique-francaise","18":"tag-saint-etienne","19":"tag-saint-etienne-ville","20":"tag-sport","21":"tag-sports-nautiques"},"share_on_mastodon":{"url":"https:\/\/pubeurope.com\/@fr\/115531092160626257","error":""},"_links":{"self":[{"href":"https:\/\/www.europesays.com\/fr\/wp-json\/wp\/v2\/posts\/527122","targetHints":{"allow":["GET"]}}],"collection":[{"href":"https:\/\/www.europesays.com\/fr\/wp-json\/wp\/v2\/posts"}],"about":[{"href":"https:\/\/www.europesays.com\/fr\/wp-json\/wp\/v2\/types\/post"}],"author":[{"embeddable":true,"href":"https:\/\/www.europesays.com\/fr\/wp-json\/wp\/v2\/users\/2"}],"replies":[{"embeddable":true,"href":"https:\/\/www.europesays.com\/fr\/wp-json\/wp\/v2\/comments?post=527122"}],"version-history":[{"count":0,"href":"https:\/\/www.europesays.com\/fr\/wp-json\/wp\/v2\/posts\/527122\/revisions"}],"wp:featuredmedia":[{"embeddable":true,"href":"https:\/\/www.europesays.com\/fr\/wp-json\/wp\/v2\/media\/527123"}],"wp:attachment":[{"href":"https:\/\/www.europesays.com\/fr\/wp-json\/wp\/v2\/media?parent=527122"}],"wp:term":[{"taxonomy":"category","embeddable":true,"href":"https:\/\/www.europesays.com\/fr\/wp-json\/wp\/v2\/categories?post=527122"},{"taxonomy":"post_tag","embeddable":true,"href":"https:\/\/www.europesays.com\/fr\/wp-json\/wp\/v2\/tags?post=527122"}],"curies":[{"name":"wp","href":"https:\/\/api.w.org\/{rel}","templated":true}]}}