{"id":527124,"date":"2025-11-11T12:35:11","date_gmt":"2025-11-11T12:35:11","guid":{"rendered":"https:\/\/www.europesays.com\/fr\/527124\/"},"modified":"2025-11-11T12:35:11","modified_gmt":"2025-11-11T12:35:11","slug":"un-nouveau-parcours-artistique-avec-des-oeuvres-monumentales-attendu-a-nancy","status":"publish","type":"post","link":"https:\/\/www.europesays.com\/fr\/527124\/","title":{"rendered":"un nouveau parcours artistique avec des \u0153uvres monumentales attendu \u00e0 Nancy"},"content":{"rendered":"<p>            Par<br \/>\n        <strong><br \/>\n            <a href=\"https:\/\/actu.fr\/auteur\/amandine-mehl\" title=\"Consulter tous les articles de Amandine Mehl\" target=\"_blank\" rel=\"noopener\">Amandine Mehl<\/a><br \/>\n        <\/strong><\/p>\n<p>        Publi\u00e9 le<\/p>\n<p>            11 nov. 2025 \u00e0 12h41        <\/p>\n<p>Dans le cadre des F\u00eates de <a href=\"https:\/\/actu.fr\/tag\/saint-nicolas\" target=\"_blank\" rel=\"noopener\">Saint-Nicolas<\/a>, qui se d\u00e9rouleront du 21\u00a0novembre 2025 au 4\u00a0janvier 2026, la Ville de Nancy a travaill\u00e9 sur la <strong>cr\u00e9ation d\u2019un nouveau parcours artistique<\/strong>.<\/p>\n<p class=\" wall-content\">Au cours d\u2019une balade qui aura la <strong>rue Saint-Jean<\/strong> pour point de d\u00e9part, les promeneurs seront invit\u00e9s \u00e0 d\u00e9couvrir <strong>plusieurs \u0153uvres lumineuses et monumentales<\/strong>.<\/p>\n<p>Une installation artistique immersive, visuelle et sonore sous la porte Saint-Georges<\/p>\n<p class=\" wall-content\">Apr\u00e8s avoir suivi les installations lumineuses install\u00e9es <strong>rues Saint-Jean et Saint-Georges<\/strong>, le rendez-vous sera donn\u00e9 <strong>place du Colonel-Driant<\/strong> pour y admirer la <strong>grande arche lumineuse<\/strong>.<\/p>\n<p class=\" wall-content\">\u00c0 proximit\u00e9, et plus pr\u00e9cis\u00e9ment <strong>sous la porte Saint-Georges<\/strong>, une \u00ab<strong>\u2009installation artistique immersive, visuelle et sonore<\/strong>\u2009\u00bb, cr\u00e9\u00e9e par la soci\u00e9t\u00e9 AV Extended, \u00e0 l\u2019origine du <a href=\"https:\/\/actu.fr\/grand-est\/nancy_54395\/fetes-de-saint-nicolas-2025-a-nancy-le-theme-du-nouveau-son-et-lumiere-devoile_63411398.html\" target=\"_blank\" rel=\"noopener\">nouveau son et lumi\u00e8re<\/a> place Stanislas, attendra le public.<\/p>\n<p>Des sculptures flottantes au port Sainte-Catherine<\/p>\n<p class=\" wall-content\">La balade se poursuivra ensuite <strong>place de la Division de Fer<\/strong> avec <strong>cinq installations lumineuses monumentales<\/strong> de six m\u00e8tres de haut, propos\u00e9es par la compagnie Tilt, sous forme de papyrus.<\/p>\n<p class=\" wall-content\">La derni\u00e8re \u00e9tape prendra place au <strong>port Sainte-Catherine<\/strong> avec l\u2019installation de <strong>La D\u00e9rive de l\u2019ours<\/strong>, par Daniel Mestanza, \u00e0 l\u2019origine des poissons sous l\u2019Arc H\u00e9r\u00e9. Les <strong>six sculptures flottantes<\/strong> install\u00e9es sur le port viendront interroger le public sur la question du r\u00e9chauffement climatique.<\/p>\n<p class=\" wall-content\">Personnalisez votre actualit\u00e9 en ajoutant vos villes et m\u00e9dias en favori avec <a href=\"https:\/\/moncompte.actu.fr\" title=\"D\u00e9couvez Mon Actu\" rel=\"nofollow noopener\" data-trk=\"{&quot;cta&quot;:{&quot;action&quot;:&quot;https:\\\/\\\/moncompte.actu.fr&quot;,&quot;category&quot;:&quot;mon compte&quot;,&quot;from&quot;:&quot;article footer&quot;,&quot;name&quot;:&quot;Mon actu&quot;,&quot;type&quot;:&quot;cta&quot;}}\" target=\"_blank\">Mon Actu<\/a>.<\/p>\n","protected":false},"excerpt":{"rendered":"Par Amandine Mehl Publi\u00e9 le 11 nov. 2025 \u00e0 12h41 Dans le cadre des F\u00eates de Saint-Nicolas, qui&hellip;\n","protected":false},"author":2,"featured_media":527125,"comment_status":"","ping_status":"","sticky":false,"template":"","format":"standard","meta":{"footnotes":""},"categories":[9635],"tags":[1111,11,1777,674,1011,27,775,1702,12,25,14334,104],"class_list":{"0":"post-527124","1":"post","2":"type-post","3":"status-publish","4":"format-standard","5":"has-post-thumbnail","7":"category-nancy","8":"tag-actu","9":"tag-actualites","10":"tag-eu","11":"tag-europe","12":"tag-fr","13":"tag-france","14":"tag-grand-est","15":"tag-nancy","16":"tag-news","17":"tag-republique-francaise","18":"tag-saint-nicolas","19":"tag-societe"},"share_on_mastodon":{"url":"https:\/\/pubeurope.com\/@fr\/115531096026868873","error":""},"_links":{"self":[{"href":"https:\/\/www.europesays.com\/fr\/wp-json\/wp\/v2\/posts\/527124","targetHints":{"allow":["GET"]}}],"collection":[{"href":"https:\/\/www.europesays.com\/fr\/wp-json\/wp\/v2\/posts"}],"about":[{"href":"https:\/\/www.europesays.com\/fr\/wp-json\/wp\/v2\/types\/post"}],"author":[{"embeddable":true,"href":"https:\/\/www.europesays.com\/fr\/wp-json\/wp\/v2\/users\/2"}],"replies":[{"embeddable":true,"href":"https:\/\/www.europesays.com\/fr\/wp-json\/wp\/v2\/comments?post=527124"}],"version-history":[{"count":0,"href":"https:\/\/www.europesays.com\/fr\/wp-json\/wp\/v2\/posts\/527124\/revisions"}],"wp:featuredmedia":[{"embeddable":true,"href":"https:\/\/www.europesays.com\/fr\/wp-json\/wp\/v2\/media\/527125"}],"wp:attachment":[{"href":"https:\/\/www.europesays.com\/fr\/wp-json\/wp\/v2\/media?parent=527124"}],"wp:term":[{"taxonomy":"category","embeddable":true,"href":"https:\/\/www.europesays.com\/fr\/wp-json\/wp\/v2\/categories?post=527124"},{"taxonomy":"post_tag","embeddable":true,"href":"https:\/\/www.europesays.com\/fr\/wp-json\/wp\/v2\/tags?post=527124"}],"curies":[{"name":"wp","href":"https:\/\/api.w.org\/{rel}","templated":true}]}}