{"id":527138,"date":"2025-11-11T12:42:16","date_gmt":"2025-11-11T12:42:16","guid":{"rendered":"https:\/\/www.europesays.com\/fr\/527138\/"},"modified":"2025-11-11T12:42:16","modified_gmt":"2025-11-11T12:42:16","slug":"hockey-sur-glace-larges-vainqueurs-dans-le-derby-des-plaines-les-dragons-de-rouen-repartent-sur-leur-lancee","status":"publish","type":"post","link":"https:\/\/www.europesays.com\/fr\/527138\/","title":{"rendered":"Hockey sur glace. Larges vainqueurs dans le derby des plaines, les Dragons de Rouen repartent sur leur lanc\u00e9e"},"content":{"rendered":"<p>            Par<br \/>\n        <strong><br \/>\n            <a href=\"https:\/\/actu.fr\/auteur\/alexandre-canivet\" title=\"Consulter tous les articles de Alexandre Canivet\" target=\"_blank\" rel=\"noopener\">Alexandre Canivet<\/a><br \/>\n        <\/strong><\/p>\n<p>        Publi\u00e9 le<\/p>\n<p>            11 nov. 2025 \u00e0 12h48        <\/p>\n<p>On les avait quitt\u00e9 il y a un peu plus de dix jours sur un probant succ\u00e8s face aux Br\u00fbleurs de Loups de Grenoble, en Is\u00e8re. Et le moins que l\u2019on puisse dire, c\u2019est que la tr\u00eave internationale ne les a pas coup\u00e9 dans leur \u00e9lan. Efficaces des deux c\u00f4t\u00e9s de la patinoire et en gestion une bonne partie de la rencontre, <a href=\"https:\/\/actu.fr\/tag\/rouen-hockey-club\" target=\"_blank\" rel=\"noopener\">les Dragons de Rouen<\/a> ont remport\u00e9 ais\u00e9ment (<strong>6-2<\/strong>) ce second derby des plaines de la saison, face \u00e0 <strong>Amiens<\/strong>, lundi 10 novembre 2025. <strong>Un onzi\u00e8me succ\u00e8s en quatorze rencontres<\/strong> qui conforte leur seconde place au classement et les rapproche \u00e0 quatre points du leader angevin. \u00a0<\/p>\n<p class=\" wall-content\"><strong>Un premier tiers temps ponctu\u00e9 de trois buts<\/strong><\/p>\n<p class=\" wall-content\">Dans<strong> une patinoire \u00e0 nouveau comble<\/strong>, les Rouennais n\u2019auront pas mis beaucoup de temps \u00e0 trouver la faille. Sur leur premi\u00e8re sup\u00e9riorit\u00e9 num\u00e9rique, Lamp\u00e9rier, en deux temps, poussait le palet au fond des filets de Kozun (1-0, 3\u201932). M\u00eame si les Ami\u00e9nois r\u00e9agissaient rapidement pour \u00e9galiser par Lemay (1-1, 3\u201951) les Jaune et Noir n\u2019ont jamais trembl\u00e9 durant la rencontre dont l\u2019issue \u00e9tait d\u00e9j\u00e0, presque, connue \u00e0 la fin des vingt premi\u00e8res minutes.<\/p>\n<p class=\" wall-content\">En contr\u00f4le du palet durant l\u2019essentiel de la premi\u00e8re p\u00e9riode, les hommes de Carl Mallette se montraient d\u2019une<strong> efficacit\u00e9 diabolique.<\/strong> Phelan, plac\u00e9 devant la cage, d\u00e9viait astucieusement un lancer de Chakiachvili pour doubler la mise (2-1, 7\u201953), puis Gresok, parfaitement d\u00e9cal\u00e9 par Lafrance, profitait de sa vitesse pour fixer Kozun \u00e0 son premier poteau et faire le tour de la cage pour conclure dans la cage vide (3-1, 11\u201946). Du bel ouvrage. \u00a0\u00a0\u00a0<\/p>\n<p class=\" wall-content\"><strong>Le doubl\u00e9 de Phelan<\/strong><\/p>\n<p class=\" wall-content\">Il fallait malgr\u00e9 tout terminer le travail car il restait encore beaucoup de temps \u00e0 l\u2019horloge. Surtout que les Gothiques revenaient fort au d\u00e9but du second tiers. Une p\u00e9riode durant laquelle les Rouennais faisaient le dos rond, bien second\u00e9s par un Carruth \u00e0 l\u2019aise devant son filet.<\/p>\n<p class=\" wall-content\">Pas de quoi faire fr\u00e9mir les supporters des Dragons, m\u00eame quand Izacky (29e) voyait son lancer toucher l\u2019ext\u00e9rieur du poteau. Phelan, lui, profitait d\u2019une relance de Schmitt pour s\u2019en aller, seul, tromper d\u2019une jolie feinte Kozun et s\u2019offrir un doubl\u00e9 face \u00e0 son ancienne \u00e9quipe (4-1, 30\u201900). Un but qui faisait mal derri\u00e8re la t\u00eate des Ami\u00e9nois et scellait l\u2019issue du match. Si Gresock voyait son lancer s\u2019\u00e9craser sur la barre (38e), le score allait continuer de gonfler en faveur des normands.<\/p>\n<p class=\" wall-content\">Tessier d\u2019une jolie passe, trouvait Holway seul, pour un cinqui\u00e8me but comme \u00e0 la parade du grand d\u00e9fenseur am\u00e9ricain (5-1, 42\u201948). Ce n\u2019\u00e9tait pas encore termin\u00e9, puisque Y\u00e9o, toujours efficace du haut de ses 39 ans, y allait \u00e0 son tour pour porter l\u2019\u00e9cart \u00e0 cinq buts (6-1, 46\u201924).<\/p>\n<p>Votre r\u00e9gion, votre actu !<\/p>\n<p>Recevez chaque jour les infos qui comptent pour vous.<\/p>\n<p>\t<a href=\"https:\/\/actu.fr\/newsletter\" class=\"ac-btn ac-btn--corner ac-btn--medium ac-btn--blue800\" target=\"_blank\" rel=\"noopener\">S&rsquo;incrire<\/a><\/p>\n<p class=\" wall-content\">Malgr\u00e9 le sc\u00e9nario scell\u00e9, le ton montait en fin de match entre les deux \u00e9quipes. Holway regagnait les vestiaires pr\u00e9matur\u00e9ment sur une charge jug\u00e9e au niveau de la t\u00eate par les arbitres. Une situation dont profitait les Ami\u00e9nois pour adoucir la note, par Djemel (6-2, 59\u201925), dans la derni\u00e8re minute, sans que cela ne ternisse la bonne copie rendue par les Dragons. \u00a0\u00a0\u00a0\u00a0<\/p>\n<p>\u00ab\u00a0Tout n\u2019a pas \u00e9t\u00e9 parfait mais\u2026\u00a0\u00bb<\/p>\n<p class=\" wall-content\"><strong>Carl Mallette<\/strong>, coach des Dragons de Rouen : \u00ab Tout n\u2019a pas \u00e9t\u00e9 parfait, mais on s\u2019est pr\u00e9sent\u00e9. J\u2019ai ador\u00e9 le professionnalisme des joueurs de retour apr\u00e8s la coupure durant la tr\u00eave. Aujourd\u2019hui on a jou\u00e9 un tr\u00e8s bon match de hockey. Il y a un esprit positif, de la joie contagieuse, c\u2019est ce que je ressors de ce match o\u00f9 l\u2019on a \u00e9t\u00e9 professionnel durant soixante minutes. Amiens a eu de belles occasions en deuxi\u00e8me p\u00e9riode et le score est peut-\u00eatre un peu s\u00e9v\u00e8re, mais on a su g\u00e9rer quand c\u2019\u00e9tait le moment \u00bb.<\/p>\n<p>Suivez l\u2019actualit\u00e9 de Rouen <a href=\"https:\/\/www.whatsapp.com\/channel\/0029VaKfnf99hXF2ddApFB1D\" target=\"_blank\" rel=\"noopener\">sur notre cha\u00eene WhatsApp<\/a> et <a href=\"https:\/\/www.tiktok.com\/@76actu.fr?lang=fr\" target=\"_blank\" rel=\"noopener\">sur notre compte TikTok<\/a><\/p>\n<p class=\" wall-content\">Personnalisez votre actualit\u00e9 en ajoutant vos villes et m\u00e9dias en favori avec <a href=\"https:\/\/moncompte.actu.fr\" title=\"D\u00e9couvez Mon Actu\" rel=\"nofollow noopener\" data-trk=\"{&quot;cta&quot;:{&quot;action&quot;:&quot;https:\\\/\\\/moncompte.actu.fr&quot;,&quot;category&quot;:&quot;mon compte&quot;,&quot;from&quot;:&quot;article footer&quot;,&quot;name&quot;:&quot;Mon actu&quot;,&quot;type&quot;:&quot;cta&quot;}}\" target=\"_blank\">Mon Actu<\/a>.<\/p>\n<p>                    <script async src=\"\/\/www.tiktok.com\/embed.js\"><\/script><\/p>\n","protected":false},"excerpt":{"rendered":"Par Alexandre Canivet Publi\u00e9 le 11 nov. 2025 \u00e0 12h48 On les avait quitt\u00e9 il y a un&hellip;\n","protected":false},"author":2,"featured_media":527139,"comment_status":"","ping_status":"","sticky":false,"template":"","format":"standard","meta":{"footnotes":""},"categories":[9587],"tags":[1111,11,1777,674,1011,27,4488,12,5161,25,9590,33958,60],"class_list":{"0":"post-527138","1":"post","2":"type-post","3":"status-publish","4":"format-standard","5":"has-post-thumbnail","7":"category-rouen","8":"tag-actu","9":"tag-actualites","10":"tag-eu","11":"tag-europe","12":"tag-fr","13":"tag-france","14":"tag-hockey","15":"tag-news","16":"tag-normandie","17":"tag-republique-francaise","18":"tag-rouen","19":"tag-rouen-hockey-club","20":"tag-sports"},"share_on_mastodon":{"url":"https:\/\/pubeurope.com\/@fr\/115531123618392930","error":""},"_links":{"self":[{"href":"https:\/\/www.europesays.com\/fr\/wp-json\/wp\/v2\/posts\/527138","targetHints":{"allow":["GET"]}}],"collection":[{"href":"https:\/\/www.europesays.com\/fr\/wp-json\/wp\/v2\/posts"}],"about":[{"href":"https:\/\/www.europesays.com\/fr\/wp-json\/wp\/v2\/types\/post"}],"author":[{"embeddable":true,"href":"https:\/\/www.europesays.com\/fr\/wp-json\/wp\/v2\/users\/2"}],"replies":[{"embeddable":true,"href":"https:\/\/www.europesays.com\/fr\/wp-json\/wp\/v2\/comments?post=527138"}],"version-history":[{"count":0,"href":"https:\/\/www.europesays.com\/fr\/wp-json\/wp\/v2\/posts\/527138\/revisions"}],"wp:featuredmedia":[{"embeddable":true,"href":"https:\/\/www.europesays.com\/fr\/wp-json\/wp\/v2\/media\/527139"}],"wp:attachment":[{"href":"https:\/\/www.europesays.com\/fr\/wp-json\/wp\/v2\/media?parent=527138"}],"wp:term":[{"taxonomy":"category","embeddable":true,"href":"https:\/\/www.europesays.com\/fr\/wp-json\/wp\/v2\/categories?post=527138"},{"taxonomy":"post_tag","embeddable":true,"href":"https:\/\/www.europesays.com\/fr\/wp-json\/wp\/v2\/tags?post=527138"}],"curies":[{"name":"wp","href":"https:\/\/api.w.org\/{rel}","templated":true}]}}