{"id":527144,"date":"2025-11-11T12:46:12","date_gmt":"2025-11-11T12:46:12","guid":{"rendered":"https:\/\/www.europesays.com\/fr\/527144\/"},"modified":"2025-11-11T12:46:12","modified_gmt":"2025-11-11T12:46:12","slug":"ladorer-cest-certain-vous-allez-aimer-ce-voyage-dans-le-temps-avec-lauteur-compositeur-rennais-etienne-daho","status":"publish","type":"post","link":"https:\/\/www.europesays.com\/fr\/527144\/","title":{"rendered":"\u00ab\u00a0L\u2019adorer\u00a0\u00bb. C\u2019est certain, vous allez aimer ce voyage dans le temps avec l\u2019auteur-compositeur rennais \u00c9tienne Daho"},"content":{"rendered":"<p>Le premier jour (du reste de sa vie) a-t-il \u00e9t\u00e9 vendredi pour \u00c9tienne Daho, avec la sortie d\u2019un double CD aux 40 titres reprenant l\u2019essentiel d\u2019une carri\u00e8re longue de plus de 40 ans, entam\u00e9e notamment aux Trans Musicales de Rennes. L\u2019occasion de replonger dans l\u2019univers des ann\u00e9es 1980, au rythme du synth\u00e9 et de la guitare \u00e9lectrique, o\u00f9 l\u2019auteur-compositeur rennais est parfois accompagn\u00e9 par de grandes voix de la chanson fran\u00e7aise, comme Fran\u00e7oise Hardy, Vanessa Paradis ou encore Charlotte Gainsbourg.<\/p>\n<\/p>\n<p>De \u00ab\u00a0Duel au soleil\u00a0\u00bb, \u00e0 \u00ab\u00a0Phare\u00a0\u00bb en passant par \u00ab\u00a0Comme un boomerang\u00a0\u00bb, cet album est un v\u00e9ritable voyage dans le temps, de 1981 \u00e0 2023. Un voyage m\u00e9lodique fait de ga\u00eet\u00e9, d\u2019amour et de nostalgie, disponible sur les plateformes de streaming, en attendant l\u2019annonce \u00e9ventuelle de futures dates de concerts.<\/p>\n","protected":false},"excerpt":{"rendered":"Le premier jour (du reste de sa vie) a-t-il \u00e9t\u00e9 vendredi pour \u00c9tienne Daho, avec la sortie d\u2019un&hellip;\n","protected":false},"author":2,"featured_media":527145,"comment_status":"","ping_status":"","sticky":false,"template":"","format":"standard","meta":{"footnotes":""},"categories":[2821],"tags":[43811,1111,11,829,251,872,1777,674,1011,27,873,12,973,584,25],"class_list":{"0":"post-527144","1":"post","2":"type-post","3":"status-publish","4":"format-standard","5":"has-post-thumbnail","7":"category-rennes","8":"tag-a-ecouter","9":"tag-actu","10":"tag-actualites","11":"tag-bretagne","12":"tag-culture","13":"tag-culture-et-loisirs","14":"tag-eu","15":"tag-europe","16":"tag-fr","17":"tag-france","18":"tag-musique","19":"tag-news","20":"tag-people","21":"tag-rennes","22":"tag-republique-francaise"},"share_on_mastodon":{"url":"https:\/\/pubeurope.com\/@fr\/115531139388645196","error":""},"_links":{"self":[{"href":"https:\/\/www.europesays.com\/fr\/wp-json\/wp\/v2\/posts\/527144","targetHints":{"allow":["GET"]}}],"collection":[{"href":"https:\/\/www.europesays.com\/fr\/wp-json\/wp\/v2\/posts"}],"about":[{"href":"https:\/\/www.europesays.com\/fr\/wp-json\/wp\/v2\/types\/post"}],"author":[{"embeddable":true,"href":"https:\/\/www.europesays.com\/fr\/wp-json\/wp\/v2\/users\/2"}],"replies":[{"embeddable":true,"href":"https:\/\/www.europesays.com\/fr\/wp-json\/wp\/v2\/comments?post=527144"}],"version-history":[{"count":0,"href":"https:\/\/www.europesays.com\/fr\/wp-json\/wp\/v2\/posts\/527144\/revisions"}],"wp:featuredmedia":[{"embeddable":true,"href":"https:\/\/www.europesays.com\/fr\/wp-json\/wp\/v2\/media\/527145"}],"wp:attachment":[{"href":"https:\/\/www.europesays.com\/fr\/wp-json\/wp\/v2\/media?parent=527144"}],"wp:term":[{"taxonomy":"category","embeddable":true,"href":"https:\/\/www.europesays.com\/fr\/wp-json\/wp\/v2\/categories?post=527144"},{"taxonomy":"post_tag","embeddable":true,"href":"https:\/\/www.europesays.com\/fr\/wp-json\/wp\/v2\/tags?post=527144"}],"curies":[{"name":"wp","href":"https:\/\/api.w.org\/{rel}","templated":true}]}}