{"id":527146,"date":"2025-11-11T12:47:25","date_gmt":"2025-11-11T12:47:25","guid":{"rendered":"https:\/\/www.europesays.com\/fr\/527146\/"},"modified":"2025-11-11T12:47:25","modified_gmt":"2025-11-11T12:47:25","slug":"rennes-metropole-est-devenu-accro-au-bois-de-chauffage-est-ce-vraiment-si-ecolo","status":"publish","type":"post","link":"https:\/\/www.europesays.com\/fr\/527146\/","title":{"rendered":"Rennes M\u00e9tropole est devenu accro au bois de chauffage\u00a0: est-ce vraiment si \u00e9colo\u00a0?"},"content":{"rendered":"<p>D\u2019o\u00f9 viennent votre chauffage et votre eau chaude ? La r\u00e9ponse se trouve sous vos pieds, si vous faites partie des 110 000 m\u00e9tropolitains raccord\u00e9s \u00e0 un des <a href=\"https:\/\/www.letelegramme.fr\/ille-et-vilaine\/rennes-35000\/plus-de-chauffage-ni-deau-chaude-dans-tout-un-quartier-de-rennes-voici-ce-que-lon-sait-sur-limportante-panne-en-cours-ce-mercredi-6918774.php\" target=\"_blank\" rel=\"nofollow noopener\">r\u00e9seaux de chaleur urbain<\/a>. Ce labyrinthe de tuyaux souterrains, remplis d\u2019eau br\u00fblante, alimente des immeubles d\u2019habitation comme des b\u00e2timents publics.<a href=\"https:\/\/www.letelegramme.fr\/ille-et-vilaine\/rennes-35000\/comment-rennes-veut-renforcer-sa-souverainete-energetique-grace-au-chauffage-6818458.php\" target=\"_blank\" rel=\"nofollow noopener\"> C\u2019est l\u2019un des plus vastes de France.<\/a><\/p>\n<p><a class=\"tlg-kiosque tlg-kiosque-rennes gtm-kiosque-rennes\" href=\"https:\/\/www.lemensuel.com\/rennes\" target=\"_blank\" rel=\"nofollow noopener\"><img decoding=\"async\" src=\"https:\/\/www.europesays.com\/fr\/wp-content\/uploads\/2025\/11\/MDR_une_complete.png\" alt=\"Couverture Mensuel Rennes\"\/><\/p>\n<p>Le Mensuel de Rennes<\/p>\n<p>Magazine curieux et (im)pertinent !<\/p>\n<p>D\u00e9couvrez<\/a><\/p>\n<p>Ce qui fait bouillir cette grosse marmite ? <a href=\"https:\/\/www.letelegramme.fr\/economie\/comment-repondre-a-la-flambee-du-bois-energie-en-assurant-un-approvisionnement-local-6813428.php\" target=\"_blank\" rel=\"nofollow noopener\">Du bois, en partie.<\/a> En 2023, les r\u00e9seaux de chaleur m\u00e9tropolitains \u00e9taient aliment\u00e9s \u00e0 35 % par la combustion de bois. Ce sera 70-85 % en 2030 (voire pr\u00e8s de 100 % pour Rennes sud). Deux nouvelles chaufferies biomasse1 sortiront de terre d\u2019ici \u00e0 2027, \u00e0 Saint-Jacques-de-la-Lande et Noyal-Ch\u00e2tillon-sur-Seiche. En avril, l\u2019usine Stellantis de la Janais a inaugur\u00e9 une chaudi\u00e8re bois sur son site. D\u2019autres sont en projet.<\/p>\n<p>En termes de pollution, oui, selon Air Breizh. Par rapport aux chauffages individuels comme les chemin\u00e9es, les chaufferies collectives et industrielles \u00e9mettent moins de 7 % des fines et dangereuses particules PM2.5, alors qu\u2019elles consomment plus de 70 % du bois. Avec 50 chaufferies, le Pays de Rennes est le premier territoire breton en termes de consommation de bois-\u00e9nergie : 139 000 t par an, soit l\u2019\u00e9quivalent du poids de 14 Tours Eiffel. \u00c0 elle seule, la grande centrale de Dalkia Rennes-Sud en engloutit la majorit\u00e9, soit 116 500 t.<\/p>\n<p>Gaz \u00e0 effet de serre<\/p>\n<p>M\u00eame si vous n\u2019avez jamais remarqu\u00e9 ce gros cube blanc, non loin de l\u2019\u00e9changeur de Nantes, vous avez d\u00e9j\u00e0 senti sa chaleur. Depuis 2013, il fournit \u00e9lectricit\u00e9 et chauffage aux quartiers sud de Rennes, mais aussi \u00e0 l\u2019h\u00f4tel de M\u00e9tropole, aux Champs libres, \u00e0 la piscine de Br\u00e9quigny, au Libert\u00e9\u2026 La biomasse utilis\u00e9e provient \u00e0 80 % de for\u00eats, le reste \u00e9tant des d\u00e9chets de scieries ou des r\u00e9sidus d\u2019entretiens d\u2019espaces verts.<\/p>\n<p>Si l\u2019on en croit ses d\u00e9fenseurs, le bois-\u00e9nergie lib\u00e8re en br\u00fblant du dioxyde de carbone qui sera ensuite absorb\u00e9 par un autre arbre en une sorte d\u2019op\u00e9ration blanche. La biomasse est donc consid\u00e9r\u00e9e comme une source d\u2019\u00e9nergie renouvelable et b\u00e9n\u00e9ficie de subventions. Le chauffage urbain \u00e0 Rennes serait ainsi \u00ab susceptible de contribuer \u00e0 l\u2019atteinte de l\u2019objectif de r\u00e9duction d\u2019\u00e9missions de gaz \u00e0 effet de serre (GES) de 40 % entre 1990 et 2030 \u00bb, selon la chambre r\u00e9gionale des comptes.<\/p>\n<blockquote><p>Le bilan carbone du bois-\u00e9nergie est tr\u00e8s mauvais<\/p><\/blockquote>\n<p>Bruno Doucet, de l\u2019association Canop\u00e9e d\u00e9di\u00e9e \u00e0 la \u00ab d\u00e9fense des for\u00eats \u00bb, est sceptique. \u00ab Le bilan carbone du bois-\u00e9nergie est tr\u00e8s mauvais, car un arbre va absorber du carbone au fil de sa croissance, sur cent ans. C\u2019est tr\u00e8s long vu l\u2019urgence climatique. \u00bb Un \u00ab d\u00e9tail \u00bb qui n\u2019est pas pris en compte dans les calculs des quantit\u00e9s de gaz \u00e0 effet de serre que le bois-\u00e9nergie permettrait d\u2019\u00e9conomiser. Cette inqui\u00e9tude est partag\u00e9e par la communaut\u00e9 scientifique. En f\u00e9vrier 2021, 500 blouses blanches et \u00e9conomistes ont cosign\u00e9 une lettre adress\u00e9e \u00e0 plusieurs dirigeants mondiaux, les mettant en garde contre l\u2019utilisation de la biomasse foresti\u00e8re.<\/p>\n<p>En attendant, les acteurs publics comme priv\u00e9s lui trouvent un autre avantage : se lib\u00e9rer du gaz, dont le prix a flamb\u00e9 avec la guerre en Ukraine. Pour que son usage se justifie politiquement, le bois doit a minima \u00eatre r\u00e9colt\u00e9 \u00e0 proximit\u00e9 de Rennes et r\u00e9pondre \u00e0 des exigences d\u2019exploitation durable. \u00c0 titre d\u2019exemple, la centrale biomasse de Gardanne, pr\u00e8s de Marseille, importe 30 % de son bois de l\u2019\u00e9tranger, dont le Br\u00e9sil.<\/p>\n<p><img decoding=\"async\" src=\"https:\/\/www.europesays.com\/fr\/wp-content\/uploads\/2025\/11\/6912191eb257e4649a011107.1.jpeg\" width=\"480\" height=\"300\" class=\"web_golden_m\" loading=\"lazy\" alt=\"\u00c9volution des consommations de bois des chaufferies de Rennes M\u00e9tropole\"\/>\u00c9volution des consommations de bois des chaufferies de Rennes M\u00e9tropole (Source\u00a0: AILE (Base de donn\u00e9es chaufferie bois) \/Le Mensuel de Rennes)<\/p>\n<p>\u00c0 Rennes, le Sch\u00e9ma r\u00e9gional biomasse recommande de favoriser les fili\u00e8res locales dans le but de limiter les distances de transports. La M\u00e9tropole impose \u00e0 ses gestionnaires de chaufferies de se fournir dans un rayon de 130 km maximum. Mais elle n\u2019op\u00e8re pas de contr\u00f4les sur sa principale centrale de Rennes sud car celle-ci \u00ab est le r\u00e9sultat d\u2019un appel d\u2019offres d\u2019\u00c9tat \u00bb, explique Olivier Dehaese, vice-pr\u00e9sident charg\u00e9 du Climat et de l\u2019\u00e9nergie \u00e0 la M\u00e9tropole. \u00ab C\u2019est donc \u00e0 la Dreal2 d\u2019effectuer le contr\u00f4le du plan d\u2019approvisionnement en bois. Quand je les ai interrog\u00e9s il y a plusieurs ann\u00e9es, ils m\u2019ont r\u00e9pondu qu\u2019il \u00e9tait conforme \u00e0 97 %. \u00bb Matthieu Theurier, chef de file des \u00e9cologistes au sein de la M\u00e9tropole, note que \u00ab la chaufferie deviendra m\u00e9tropolitaine \u00e0 l\u2019horizon 2030, ce qui permettra de mieux ma\u00eetriser son approvisionnement \u00bb.<\/p>\n<p>Si le bois est local, est-il abattu dans les r\u00e8gles de l\u2019art ? Impossible d\u2019obtenir une liste des propri\u00e9taires forestiers fournissant la centrale de Rennes sud. Le Mensuel s\u2019est donc rendu \u00e0 proximit\u00e9 de la chaufferie pour regarder les camions de livraison et noter les soci\u00e9t\u00e9s de transport qui l\u2019alimentent. Selon nos observations, les sources d\u2019approvisionnement semblent multiples et comportent des grossistes de d\u00e9partements limitrophes, qui stockent des plaquettes de bois tout au long de l\u2019ann\u00e9e. L\u00e0 encore, difficile de remonter \u00e0 la source.<\/p>\n<blockquote><p>Nous avons la tra\u00e7abilit\u00e9 jusqu\u2019aux parcelles o\u00f9 le bois a \u00e9t\u00e9 coup\u00e9<\/p><\/blockquote>\n<p>\u00ab Tra\u00e7abilit\u00e9 \u00bb<\/p>\n<p>\u00ab Nous avons la tra\u00e7abilit\u00e9 jusqu\u2019aux parcelles o\u00f9 le bois a \u00e9t\u00e9 coup\u00e9, assure Pierre de Montlivault, directeur r\u00e9gional de Dalkia. Ils sont \u00e0 une distance moyenne de 57 km de la chaudi\u00e8re. Chaque ann\u00e9e, nous devons faire un compte-rendu, avec une possibilit\u00e9 de contr\u00f4les de la part des autorit\u00e9s. \u00bb<\/p>\n<p>Ce bois provient, poursuit-il, \u00ab de houppiers dont on ne peut pas faire autre chose que du bois-\u00e9nergie. Il y a quelques d\u00e9cennies, cette partie-l\u00e0 \u00e9tait juste br\u00fbl\u00e9e sur place\u2026 \u00bb Le bois est achet\u00e9 par une filiale de Dalkia d\u00e9di\u00e9e, \u00ab des sp\u00e9cialistes qui connaissent le monde de la for\u00eat. Ils contractualisent avec des propri\u00e9taires forestiers ou des coop\u00e9ratives. Une \u00e9quipe effectue des contr\u00f4les sur le terrain. \u00bb<\/p>\n<p>Ces pr\u00e9cautions n\u2019ont pas emp\u00each\u00e9 une pol\u00e9mique en avril 2025, quand la chaufferie Dalkia de Tours a achet\u00e9 du bois provenant d\u2019une \u00ab coupe rase \u00bb de 4,5 ha. La pratique n\u2019est pas ill\u00e9gale tant qu\u2019elle respecte les dispositions du code forestier, mais les images de troncs empil\u00e9s sur un sol \u00e0 nu avaient suscit\u00e9 l\u2019\u00e9motion. Pierre de Montlivault reconna\u00eet que \u00ab les coupes rases qui partent en bois-\u00e9nergie, \u00e7a peut arriver ponctuellement. Par exemple lorsque les arbres sont touch\u00e9s par la s\u00e9cheresse ou les insectes, qui peuvent menacer des parcelles enti\u00e8res si on n\u2019intervient pas \u00e0 temps. \u00bb<\/p>\n<p>Les associations craignent que les coupes rases d\u2019arbres jug\u00e9s \u00ab de faible qualit\u00e9 \u00bb s\u2019intensifient avec l\u2019essor de la biomasse. Bruno Cochet, responsable du service Bois Bretagne-Pays de la Loire \u00e0 l\u2019Office national des for\u00eats (ONF), n\u2019imagine pas une telle ru\u00e9e vers l\u2019or vert : \u00ab Le bois \u00e9nergie est le plus faible en valeur. Un exploitant a tout int\u00e9r\u00eat \u00e0 s\u2019orienter d\u2019abord vers un bois plus noble, plus r\u00e9mun\u00e9rateur \u00bb, destin\u00e9 \u00e0 la construction.<\/p>\n<p>En France, le Syndicat des \u00e9nergies renouvelables (SER) souligne que la for\u00eat s\u00a0accro\u00eet naturellement plus vite que les pr\u00e9l\u00e8vements de bois, tous usages confondus. De son c\u00f4t\u00e9, la Pr\u00e9fecture indique que dans le rayon d\u2019approvisionnement de la centrale biomasse Dalkia, \u00ab le pr\u00e9l\u00e8vement de bois de for\u00eat destin\u00e9 \u00e0 l\u2019\u00e9nergie est estim\u00e9 \u00e0 480 000 t brutes par an \u00bb. Comprendre : il y a de la marge.<\/p>\n<p>Pour combien de temps ? En raison du changement climatique, l\u2019IGN3 estime qu\u2019environ 15 % du couvert forestier national est susceptible de d\u00e9p\u00e9rir, voire de dispara\u00eetre, dans les prochaines ann\u00e9es.<\/p>\n<p>1. La biomasse d\u00e9signe tout type de mati\u00e8re organique, dont le bois, utilis\u00e9 pour produire de l\u2019\u00e9nergie<\/p>\n<p>2. Direction r\u00e9gionale de l\u2019environnement, de l\u2019am\u00e9nagement et du logement de Bretagne<\/p>\n<p>3. Institut national de l\u2019information g\u00e9ographique et foresti\u00e8re<\/p>\n","protected":false},"excerpt":{"rendered":"D\u2019o\u00f9 viennent votre chauffage et votre eau chaude ? La r\u00e9ponse se trouve sous vos pieds, si vous&hellip;\n","protected":false},"author":2,"featured_media":527147,"comment_status":"","ping_status":"","sticky":false,"template":"","format":"standard","meta":{"footnotes":""},"categories":[2821],"tags":[1111,11,829,1777,674,1011,27,848,12,584,25],"class_list":{"0":"post-527146","1":"post","2":"type-post","3":"status-publish","4":"format-standard","5":"has-post-thumbnail","7":"category-rennes","8":"tag-actu","9":"tag-actualites","10":"tag-bretagne","11":"tag-eu","12":"tag-europe","13":"tag-fr","14":"tag-france","15":"tag-ille-et-vilaine","16":"tag-news","17":"tag-rennes","18":"tag-republique-francaise"},"share_on_mastodon":{"url":"https:\/\/pubeurope.com\/@fr\/115531143856634458","error":""},"_links":{"self":[{"href":"https:\/\/www.europesays.com\/fr\/wp-json\/wp\/v2\/posts\/527146","targetHints":{"allow":["GET"]}}],"collection":[{"href":"https:\/\/www.europesays.com\/fr\/wp-json\/wp\/v2\/posts"}],"about":[{"href":"https:\/\/www.europesays.com\/fr\/wp-json\/wp\/v2\/types\/post"}],"author":[{"embeddable":true,"href":"https:\/\/www.europesays.com\/fr\/wp-json\/wp\/v2\/users\/2"}],"replies":[{"embeddable":true,"href":"https:\/\/www.europesays.com\/fr\/wp-json\/wp\/v2\/comments?post=527146"}],"version-history":[{"count":0,"href":"https:\/\/www.europesays.com\/fr\/wp-json\/wp\/v2\/posts\/527146\/revisions"}],"wp:featuredmedia":[{"embeddable":true,"href":"https:\/\/www.europesays.com\/fr\/wp-json\/wp\/v2\/media\/527147"}],"wp:attachment":[{"href":"https:\/\/www.europesays.com\/fr\/wp-json\/wp\/v2\/media?parent=527146"}],"wp:term":[{"taxonomy":"category","embeddable":true,"href":"https:\/\/www.europesays.com\/fr\/wp-json\/wp\/v2\/categories?post=527146"},{"taxonomy":"post_tag","embeddable":true,"href":"https:\/\/www.europesays.com\/fr\/wp-json\/wp\/v2\/tags?post=527146"}],"curies":[{"name":"wp","href":"https:\/\/api.w.org\/{rel}","templated":true}]}}