{"id":527148,"date":"2025-11-11T12:49:12","date_gmt":"2025-11-11T12:49:12","guid":{"rendered":"https:\/\/www.europesays.com\/fr\/527148\/"},"modified":"2025-11-11T12:49:12","modified_gmt":"2025-11-11T12:49:12","slug":"sarah-kiechel-lancee-vers-son-sommet","status":"publish","type":"post","link":"https:\/\/www.europesays.com\/fr\/527148\/","title":{"rendered":"Sarah Kiechel lanc\u00e9e vers son sommet"},"content":{"rendered":"<p>Sarah Kiechel (23 ans) ne manque pas de beaux objectifs pour les mois \u00e0 venir. L\u2019Alsacienne va d\u00e9j\u00e0 repasser le concours pour devenir professeure d\u2019EPS. \u00ab\u00a0Je croise les doigts\u00a0\u00bb, sourit-elle. Tout en poursuivant son parcours sur les rings, o\u00f9 elle esp\u00e8re, l\u00e0 aussi, taper juste.<\/p>\n<p>Voil\u00e0 maintenant dix ans que la boxe rythme son quotidien. \u00ab\u00a0J\u2019ai grandi dans une famille de sportifs. J\u2019ai d\u2019abord fait du judo, de la gym.\u00a0\u00bb Avant de bifurquer vers le noble art. \u00ab\u00a0Le p\u00e8re d\u2019une copine \u00e9tait entra\u00eeneur, j\u2019ai essay\u00e9, \u00e7a&#8230;<\/p>\n","protected":false},"excerpt":{"rendered":"Sarah Kiechel (23 ans) ne manque pas de beaux objectifs pour les mois \u00e0 venir. L\u2019Alsacienne va d\u00e9j\u00e0&hellip;\n","protected":false},"author":2,"featured_media":527149,"comment_status":"","ping_status":"","sticky":false,"template":"","format":"standard","meta":{"footnotes":""},"categories":[2820],"tags":[1111,11,2389,2649,13740,1777,674,107,1011,27,329,775,12,25,517,21508,640],"class_list":{"0":"post-527148","1":"post","2":"type-post","3":"status-publish","4":"format-standard","5":"has-post-thumbnail","7":"category-strasbourg","8":"tag-actu","9":"tag-actualites","10":"tag-alsace","11":"tag-bas-rhin","12":"tag-boxe","13":"tag-eu","14":"tag-europe","15":"tag-fil-info","16":"tag-fr","17":"tag-france","18":"tag-france-monde","19":"tag-grand-est","20":"tag-news","21":"tag-republique-francaise","22":"tag-sport","23":"tag-sports-de-combat","24":"tag-strasbourg"},"share_on_mastodon":{"url":"https:\/\/pubeurope.com\/@fr\/115531151091688459","error":""},"_links":{"self":[{"href":"https:\/\/www.europesays.com\/fr\/wp-json\/wp\/v2\/posts\/527148","targetHints":{"allow":["GET"]}}],"collection":[{"href":"https:\/\/www.europesays.com\/fr\/wp-json\/wp\/v2\/posts"}],"about":[{"href":"https:\/\/www.europesays.com\/fr\/wp-json\/wp\/v2\/types\/post"}],"author":[{"embeddable":true,"href":"https:\/\/www.europesays.com\/fr\/wp-json\/wp\/v2\/users\/2"}],"replies":[{"embeddable":true,"href":"https:\/\/www.europesays.com\/fr\/wp-json\/wp\/v2\/comments?post=527148"}],"version-history":[{"count":0,"href":"https:\/\/www.europesays.com\/fr\/wp-json\/wp\/v2\/posts\/527148\/revisions"}],"wp:featuredmedia":[{"embeddable":true,"href":"https:\/\/www.europesays.com\/fr\/wp-json\/wp\/v2\/media\/527149"}],"wp:attachment":[{"href":"https:\/\/www.europesays.com\/fr\/wp-json\/wp\/v2\/media?parent=527148"}],"wp:term":[{"taxonomy":"category","embeddable":true,"href":"https:\/\/www.europesays.com\/fr\/wp-json\/wp\/v2\/categories?post=527148"},{"taxonomy":"post_tag","embeddable":true,"href":"https:\/\/www.europesays.com\/fr\/wp-json\/wp\/v2\/tags?post=527148"}],"curies":[{"name":"wp","href":"https:\/\/api.w.org\/{rel}","templated":true}]}}