{"id":527160,"date":"2025-11-11T12:56:11","date_gmt":"2025-11-11T12:56:11","guid":{"rendered":"https:\/\/www.europesays.com\/fr\/527160\/"},"modified":"2025-11-11T12:56:11","modified_gmt":"2025-11-11T12:56:11","slug":"apres-le-grand-succes-du-semi-le-marathon-va-faire-son-retour-a-bordeaux-et-on-connait-la-date","status":"publish","type":"post","link":"https:\/\/www.europesays.com\/fr\/527160\/","title":{"rendered":"Apr\u00e8s le grand succ\u00e8s du semi, le marathon va faire son retour \u00e0 Bordeaux (et on conna\u00eet la date)"},"content":{"rendered":"<p>            Par<br \/>\n        <strong><br \/>\n            <a href=\"https:\/\/actu.fr\/auteur\/juliette-cardinale\" title=\"Consulter tous les articles de Juliette Cardinale\" rel=\"nofollow noopener\" target=\"_blank\">Juliette Cardinale<\/a><br \/>\n        <\/strong><\/p>\n<p>        Publi\u00e9 le<\/p>\n<p>            11 nov. 2025 \u00e0 13h24        <\/p>\n<p>Dimanche 9\u00a0novembre 2025, le semi-marathon de <a href=\"https:\/\/actu.fr\/bordeaux\/\" rel=\"nofollow noopener\" target=\"_blank\">Bordeaux<\/a> a rencontr\u00e9 <a href=\"https:\/\/actu.fr\/nouvelle-aquitaine\/bordeaux_33063\/engouement-record-et-performances-stratospheriques-le-semi-marathon-de-bordeaux-devient-il-incontournable_63418676.html\" rel=\"nofollow noopener\" target=\"_blank\">un tr\u00e8s beau succ\u00e8s avec 24\u2009000 coureurs et un niveau tr\u00e8s \u00e9lev\u00e9.<\/a> L\u2019an prochain, l\u2019\u00e9preuve sera encore plus prestigieuse. <strong>\u00ab\u2009Bordeaux retrouvera son marathon<\/strong> d\u00e8s l\u2019ann\u00e9e prochaine le 8\u00a0novembre 2026\u2009\u00bb, a annonc\u00e9 Caroline Pujol, pr\u00e9sidente du Stade bordelais athl\u00e9tisme.<\/p>\n<p>Un v\u00e9ritable engouement<\/p>\n<p class=\" wall-content\">Dans une vid\u00e9o publi\u00e9e le lendemain de la course, Caroline Pujol s\u2019est r\u00e9jouie d\u2019avoir r\u00e9ussi \u00ab\u2009un pari de mettre <strong>Bordeaux en mode running\u2009\u00bb<\/strong> cette ann\u00e9e.<\/p>\n<p class=\" wall-content\">L\u2019association organisatrice a rassembl\u00e9 les courses <strong>5\u00a0km n\u00e9s pour bouger,<\/strong> les <strong>10 kilom\u00e8tres des quais<\/strong> et le <strong>semi-marathon<\/strong> permettant \u00e0 \u00ab\u2009tout le monde de trouver sa distance\u2009\u00bb, que ce soit \u00ab\u2009en famille ou en copains\u2009\u00bb.<\/p>\n<p class=\" wall-content\">La r\u00e9ussite de l\u2019\u00e9v\u00e8nement semble avoir convaincu les organisateurs de ressusciter <strong>le marathon de Bordeaux.\u00a0<\/strong>La derni\u00e8re \u00e9dition de la course de 42,195\u00a0km avait eu lieu <a href=\"https:\/\/actu.fr\/nouvelle-aquitaine\/bordeaux_33063\/le-marathon-bordeaux-images_28949550.html\" rel=\"nofollow noopener\" target=\"_blank\">le 26\u00a0octobre 2019,<\/a> pour un d\u00e9part \u00e0 20h.<\/p>\n<p class=\" wall-content\"><a href=\"https:\/\/www.instagram.com\/p\/DQ4p5nIjEdi\/embed\" title=\"Ouvrir le lien sur Instagram\" rel=\"nofollow noopener\" target=\"_blank\">Visualiser le contenu sur Instagram<\/a><\/p>\n<p class=\" wall-content\">Mais le contrat avec le prestataire Ironman arrivant \u00e0 son terme, l\u2019\u00e9preuve avait \u00e9t\u00e9 <strong>abandonn\u00e9e apr\u00e8s cinq \u00e9ditions.<\/strong> <a href=\"https:\/\/actu.fr\/nouvelle-aquitaine\/bordeaux_33063\/en-2020-marathon-bordeaux-change-format-on-vous-dit-tout-ce-quil-faut-savoir_31238255.html\" rel=\"nofollow noopener\" target=\"_blank\">L\u2019\u00e9v\u00e8nement \u00e9tait notamment jug\u00e9 trop cher.<\/a><\/p>\n<p class=\" wall-content\">En 2019, sur les quelque 17\u2009000\u00a0participants, pr\u00e8s de 12\u2009000 avaient pr\u00e9f\u00e9r\u00e9 <strong>le semi-marathon.<\/strong> Cette \u00e9preuve \u00e9tait alors devenue la course phare du rendez-vous bordelais des amateurs de course \u00e0 pied.<\/p>\n<p class=\" wall-content\">Vu l\u2019engouement <a href=\"https:\/\/actu.fr\/nouvelle-aquitaine\/bordeaux_33063\/les-differentes-courses-a-pied-a-ne-pas-manquer-en-gironde-en-2025_62052134.html\" rel=\"nofollow noopener\" target=\"_blank\">des Girondins pour le running,<\/a> le retour de la <strong>course culte <\/strong>de l\u2019athl\u00e9tisme\u00a0devrait \u00eatre tr\u00e8s bien accueilli \u00e0 Bordeaux.<\/p>\n<p class=\" wall-content\">Personnalisez votre actualit\u00e9 en ajoutant vos villes et m\u00e9dias en favori avec <a href=\"https:\/\/moncompte.actu.fr\" title=\"D\u00e9couvez Mon Actu\" rel=\"nofollow noopener\" data-trk=\"{&quot;cta&quot;:{&quot;action&quot;:&quot;https:\\\/\\\/moncompte.actu.fr&quot;,&quot;category&quot;:&quot;mon compte&quot;,&quot;from&quot;:&quot;article footer&quot;,&quot;name&quot;:&quot;Mon actu&quot;,&quot;type&quot;:&quot;cta&quot;}}\" target=\"_blank\">Mon Actu<\/a>.<\/p>\n<p>                    <script async src=\"\/\/www.instagram.com\/embed.js\"><\/script><\/p>\n","protected":false},"excerpt":{"rendered":"Par Juliette Cardinale Publi\u00e9 le 11 nov. 2025 \u00e0 13h24 Dimanche 9\u00a0novembre 2025, le semi-marathon de Bordeaux a&hellip;\n","protected":false},"author":2,"featured_media":527161,"comment_status":"","ping_status":"","sticky":false,"template":"","format":"standard","meta":{"footnotes":""},"categories":[2817],"tags":[1111,11,4132,1997,1777,674,1011,27,12,2219,25,517,60],"class_list":{"0":"post-527160","1":"post","2":"type-post","3":"status-publish","4":"format-standard","5":"has-post-thumbnail","7":"category-bordeaux","8":"tag-actu","9":"tag-actualites","10":"tag-athletisme","11":"tag-bordeaux","12":"tag-eu","13":"tag-europe","14":"tag-fr","15":"tag-france","16":"tag-news","17":"tag-nouvelle-aquitaine","18":"tag-republique-francaise","19":"tag-sport","20":"tag-sports"},"share_on_mastodon":{"url":"https:\/\/pubeurope.com\/@fr\/115531178690362300","error":""},"_links":{"self":[{"href":"https:\/\/www.europesays.com\/fr\/wp-json\/wp\/v2\/posts\/527160","targetHints":{"allow":["GET"]}}],"collection":[{"href":"https:\/\/www.europesays.com\/fr\/wp-json\/wp\/v2\/posts"}],"about":[{"href":"https:\/\/www.europesays.com\/fr\/wp-json\/wp\/v2\/types\/post"}],"author":[{"embeddable":true,"href":"https:\/\/www.europesays.com\/fr\/wp-json\/wp\/v2\/users\/2"}],"replies":[{"embeddable":true,"href":"https:\/\/www.europesays.com\/fr\/wp-json\/wp\/v2\/comments?post=527160"}],"version-history":[{"count":0,"href":"https:\/\/www.europesays.com\/fr\/wp-json\/wp\/v2\/posts\/527160\/revisions"}],"wp:featuredmedia":[{"embeddable":true,"href":"https:\/\/www.europesays.com\/fr\/wp-json\/wp\/v2\/media\/527161"}],"wp:attachment":[{"href":"https:\/\/www.europesays.com\/fr\/wp-json\/wp\/v2\/media?parent=527160"}],"wp:term":[{"taxonomy":"category","embeddable":true,"href":"https:\/\/www.europesays.com\/fr\/wp-json\/wp\/v2\/categories?post=527160"},{"taxonomy":"post_tag","embeddable":true,"href":"https:\/\/www.europesays.com\/fr\/wp-json\/wp\/v2\/tags?post=527160"}],"curies":[{"name":"wp","href":"https:\/\/api.w.org\/{rel}","templated":true}]}}