{"id":527166,"date":"2025-11-11T12:59:09","date_gmt":"2025-11-11T12:59:09","guid":{"rendered":"https:\/\/www.europesays.com\/fr\/527166\/"},"modified":"2025-11-11T12:59:09","modified_gmt":"2025-11-11T12:59:09","slug":"luniversite-catholique-de-lille-a-lance-un-nouveau-master-professionnalisant","status":"publish","type":"post","link":"https:\/\/www.europesays.com\/fr\/527166\/","title":{"rendered":"l&rsquo;Universit\u00e9 catholique de Lille a lanc\u00e9 un nouveau Master professionnalisant"},"content":{"rendered":"<p>            Par<br \/>\n        <strong><br \/>\n            <a href=\"https:\/\/actu.fr\/auteur\/nicolas-demollien\" title=\"Consulter tous les articles de Nicolas Demollien\" target=\"_blank\" rel=\"noopener\">Nicolas Demollien<\/a><br \/>\n        <\/strong><\/p>\n<p>        Publi\u00e9 le<\/p>\n<p>            11 nov. 2025 \u00e0 13h46        <\/p>\n<p>L\u2019<a href=\"https:\/\/actu.fr\/tag\/universite-catholique-de-lille\" target=\"_blank\" rel=\"noopener\">Universit\u00e9 catholique de Lille<\/a> (Nord) continue d\u2019innover. La structure vient ainsi d\u2019annoncer le <b>lancement d\u2019un tout nouveau Master professionnalisant<\/b> en <b>psychologie de la sant\u00e9<\/b>. D\u00e9tails.<\/p>\n<p>Lille : la Catho lance un nouveau master \u00ab\u00a0Psychologie de la Sant\u00e9\u00a0\u00bb<\/p>\n<p data-end=\"1101\" class=\" wall-content\">La <b>FLSH (Facult\u00e9 des lettres et sciences humaines)<\/b> explique ainsi ouvrir \u00ab\u00a0une formation professionnalisante face \u00e0 la mont\u00e9e des <b>besoins en sant\u00e9 mentale et sant\u00e9 somatique<\/b>\u00ab\u00a0.<\/p>\n<p data-end=\"1101\" class=\" wall-content\">Et d\u2019expliquer qu\u2019actuellement 53 % des Fran\u00e7ais indiquent avoir connu un \u00e9pisode de souffrance psychique au cours des 12 derniers mois et 38 % d\u00e9clarent vivre avec un probl\u00e8me de sant\u00e9 chronique ou durable. Le tout dans \u00ab\u00a0un contexte o\u00f9 les professionnels peinent \u00e0 r\u00e9pondre \u00e0 la demande\u00a0\u00bb.<br \/>Ce nouveau intitul\u00e9 plus pr\u00e9cis\u00e9ment \u00ab\u00a0Master psychologie de la sant\u00e9 : individu, proches et syst\u00e8mes de soin\u00a0\u00bb a ouvert \u00e0 la rentr\u00e9e 2025-2026. Le dipl\u00f4me vise \u00e0 <b>former des psychologues<\/b> capables d\u2019intervenir dans les diff\u00e9rentes \u00e9tapes du parcours de soin : pr\u00e9vention, accompagnement th\u00e9rapeutique, promotion de la sant\u00e9 et recherche.<\/p>\n<p data-end=\"1734\" class=\" wall-content\">\u00ab\u00a0Ce nouveau Master s\u2019inscrit pleinement dans notre projet p\u00e9dagogique : former des <b>professionnels capables de penser, d\u2019agir et de collaborer<\/b> dans un monde en constante \u00e9volution. La sant\u00e9 mentale exige des comp\u00e9tences solides, mais aussi un regard critique, une capacit\u00e9 d\u2019adaptation et une approche profond\u00e9ment humaine\u00a0\u00bb, commente Halima Mecheri, doyen de la facult\u00e9.<\/p>\n<p>\u00ab\u00a0Former des praticiens engag\u00e9s\u00a0\u00bb<\/p>\n<p data-end=\"2364\" class=\" wall-content\">Pens\u00e9 par L\u00e9o Toussard et Nicolas Kaczmarek, docteurs en psychologie et co-responsables du parcours, le Master s\u2019appuie sur une <b>p\u00e9dagogie mobilisant la psychologie clinique et la psychologie social<\/b><b>e<\/b>, \u00ab\u00a0au service d\u2019une compr\u00e9hension int\u00e9gr\u00e9e des enjeux de sant\u00e9 moderne\u00a0\u00bb.<\/p>\n<p data-end=\"2364\" class=\" wall-content\">Les \u00e9tudiants doivent y apprendre \u00ab\u00a0\u00e0 comprendre les d\u00e9terminants et \u00e0 accompagner les changements de comportements de sant\u00e9, \u00e0 concevoir des interventions de promotion de la sant\u00e9 et \u00e0 soutenir les patients et leurs proches face \u00e0 la maladie\u00a0\u00bb.<\/p>\n<p>Votre r\u00e9gion, votre actu !<\/p>\n<p>Recevez chaque jour les infos qui comptent pour vous.<\/p>\n<p>\t<a href=\"https:\/\/actu.fr\/newsletter\" class=\"ac-btn ac-btn--corner ac-btn--medium ac-btn--blue800\" target=\"_blank\" rel=\"noopener\">S&rsquo;incrire<\/a><\/p>\n<p data-end=\"2855\" class=\" wall-content\">Avec <b>28 heures hebdomadaires de cours<\/b> et <b data-end=\"2449\">500 heures de stage professionnalisant<\/b>, le programme met l\u2019accent sur l\u2019exp\u00e9rience de terrain et l\u2019application directe des apprentissages. Des s\u00e9minaires, des ateliers de recherche appliqu\u00e9e et un suivi individualis\u00e9 compl\u00e8tent cette formation destin\u00e9e \u00e0 une promotion de 25 \u00e9tudiants par an.<\/p>\n<p data-end=\"2929\" class=\" wall-content\">Et l\u2019Universit\u00e9 d\u2019assurer qu\u2019\u00e0 l\u2019issue de leur parcours, les dipl\u00f4m\u00e9s de ce Master reconnu par l\u2019\u00c9tat pourront exercer dans des structures vari\u00e9es : h\u00f4pitaux, centres sp\u00e9cialis\u00e9s (oncologie, douleur, addictologie, soins palliatifs, etc.) et structures m\u00e9dico-sociales (Ehpad, foyers de vie, etc.) ; collectivit\u00e9s locales, associations ou agences de sant\u00e9 publique ; entreprises ou cabinets d\u2019\u00e9tude en pr\u00e9vention et promotion de la sant\u00e9 ; cabinets lib\u00e9raux. Et pour ceux qui le souhaitent, la recherche et la poursuite en doctorat.<\/p>\n<p data-end=\"2929\" class=\" wall-content\">Plus d\u2019infos sur le site <a href=\"https:\/\/www.flsh.fr\/formations-universitaires\/masters\/master-psychologie-sante\/\" target=\"_blank\" rel=\"noopener\">flsh.fr<\/a><\/p>\n<p class=\" wall-content\">Personnalisez votre actualit\u00e9 en ajoutant vos villes et m\u00e9dias en favori avec <a href=\"https:\/\/moncompte.actu.fr\" title=\"D\u00e9couvez Mon Actu\" rel=\"nofollow noopener\" data-trk=\"{&quot;cta&quot;:{&quot;action&quot;:&quot;https:\\\/\\\/moncompte.actu.fr&quot;,&quot;category&quot;:&quot;mon compte&quot;,&quot;from&quot;:&quot;article footer&quot;,&quot;name&quot;:&quot;Mon actu&quot;,&quot;type&quot;:&quot;cta&quot;}}\" target=\"_blank\">Mon Actu<\/a>.<\/p>\n","protected":false},"excerpt":{"rendered":"Par Nicolas Demollien Publi\u00e9 le 11 nov. 2025 \u00e0 13h46 L\u2019Universit\u00e9 catholique de Lille (Nord) continue d\u2019innover. La&hellip;\n","protected":false},"author":2,"featured_media":527167,"comment_status":"","ping_status":"","sticky":false,"template":"","format":"standard","meta":{"footnotes":""},"categories":[2815],"tags":[1111,11,1064,1777,674,1011,27,811,1307,12,25,104,21754],"class_list":{"0":"post-527166","1":"post","2":"type-post","3":"status-publish","4":"format-standard","5":"has-post-thumbnail","7":"category-lille","8":"tag-actu","9":"tag-actualites","10":"tag-etudiantses","11":"tag-eu","12":"tag-europe","13":"tag-fr","14":"tag-france","15":"tag-hauts-de-france","16":"tag-lille","17":"tag-news","18":"tag-republique-francaise","19":"tag-societe","20":"tag-universite-catholique-de-lille"},"share_on_mastodon":{"url":"https:\/\/pubeurope.com\/@fr\/115531190361416971","error":""},"_links":{"self":[{"href":"https:\/\/www.europesays.com\/fr\/wp-json\/wp\/v2\/posts\/527166","targetHints":{"allow":["GET"]}}],"collection":[{"href":"https:\/\/www.europesays.com\/fr\/wp-json\/wp\/v2\/posts"}],"about":[{"href":"https:\/\/www.europesays.com\/fr\/wp-json\/wp\/v2\/types\/post"}],"author":[{"embeddable":true,"href":"https:\/\/www.europesays.com\/fr\/wp-json\/wp\/v2\/users\/2"}],"replies":[{"embeddable":true,"href":"https:\/\/www.europesays.com\/fr\/wp-json\/wp\/v2\/comments?post=527166"}],"version-history":[{"count":0,"href":"https:\/\/www.europesays.com\/fr\/wp-json\/wp\/v2\/posts\/527166\/revisions"}],"wp:featuredmedia":[{"embeddable":true,"href":"https:\/\/www.europesays.com\/fr\/wp-json\/wp\/v2\/media\/527167"}],"wp:attachment":[{"href":"https:\/\/www.europesays.com\/fr\/wp-json\/wp\/v2\/media?parent=527166"}],"wp:term":[{"taxonomy":"category","embeddable":true,"href":"https:\/\/www.europesays.com\/fr\/wp-json\/wp\/v2\/categories?post=527166"},{"taxonomy":"post_tag","embeddable":true,"href":"https:\/\/www.europesays.com\/fr\/wp-json\/wp\/v2\/tags?post=527166"}],"curies":[{"name":"wp","href":"https:\/\/api.w.org\/{rel}","templated":true}]}}