{"id":527172,"date":"2025-11-11T13:02:13","date_gmt":"2025-11-11T13:02:13","guid":{"rendered":"https:\/\/www.europesays.com\/fr\/527172\/"},"modified":"2025-11-11T13:02:13","modified_gmt":"2025-11-11T13:02:13","slug":"la-police-perquisitionne-le-bureau-dune-procureure","status":"publish","type":"post","link":"https:\/\/www.europesays.com\/fr\/527172\/","title":{"rendered":"La police perquisitionne le bureau d\u2019une procureure"},"content":{"rendered":"<p>Les enqu\u00eateurs de la <a href=\"https:\/\/www.20minutes.fr\/dossier\/police\" class=\"c-link c-link--is-underlined\" target=\"_blank\" rel=\"noopener\">police<\/a> des polices n\u2019en finissent plus de tenter de remonter la cha\u00eene des responsabilit\u00e9s dans l\u2019affaire du<a href=\"https:\/\/www.20minutes.fr\/faits_divers\/faits-divers-marseille\/4159935-20250623-marseille-apres-disparition-pres-400-kg-cocaine-patrons-office-antistupefiants-garde-vue\" class=\"c-link c-link--is-underlined\" target=\"_blank\" rel=\"noopener\"> scandale de l\u2019OFAST<\/a> \u00e0 <a href=\"https:\/\/www.20minutes.fr\/marseille\/\" class=\"c-link c-link--is-underlined\" target=\"_blank\" rel=\"noopener\">Marseille <\/a>qui avait vu plus de 350\u00a0kg de <a href=\"https:\/\/www.20minutes.fr\/dossier\/cocaine\" class=\"c-link c-link--is-underlined\" target=\"_blank\" rel=\"noopener\">coca\u00efne <\/a>s\u2019\u00e9vaporer des mains de la police.<\/p>\n<p><a href=\"https:\/\/www.20minutes.fr\/faits_divers\/4158419-20250613-scandale-ofast-marseille-troisieme-policier-mis-examen-trafic-drogue\" class=\"c-link c-link--is-underlined\" target=\"_blank\" rel=\"noopener\">Tandis que cinq policiers sont d\u00e9j\u00e0 mis en examen<\/a>, une perquisition au bureau d\u2019une vice-procureure alors en poste en Marseille a \u00e9t\u00e9 r\u00e9alis\u00e9e la semaine derni\u00e8re, <a href=\"https:\/\/www.nouvelobs.com\/justice\/20251107.OBS109541\/une-perquisition-menee-au-parquet-de-marseille-dans-l-enquete-sur-le-scandale-qui-eclabousse-l-ofast.html\" target=\"_blank\" class=\"c-link c-link--is-underlined\" rel=\"noopener\">rapporte l\u2019Obs<\/a>. Celle-ci \u00e9tait \u00e0 l\u2019\u00e9poque en charge de la proc\u00e9dure \u00ab\u00a0Trident\u00a0\u00bb comme vice-procureur et chef de la section JIRS du parquet de Marseille.<\/p>\n<p>Cette affaire remonte \u00e0 la fin de l\u2019ann\u00e9e\u00a02022, lorsque l\u2019OFAST de Marseille re\u00e7oit un tuyau de leurs coll\u00e8ges am\u00e9ricains de la DEA, les avertissant de l\u2019arriv\u00e9e imminente par conteneur au port, d\u2019une cargaison de coca\u00efne.<\/p>\n<\/p>\n<p>Les policiers d\u00e9cident alors de monter une livraison surveill\u00e9e qui en laissant entrer et distribuer la marchandise aurait d\u00fb permettre le d\u00e9mant\u00e8lement de r\u00e9seaux de <a href=\"https:\/\/www.20minutes.fr\/dossier\/narcotrafiquants\" class=\"c-link c-link--is-underlined\" target=\"_blank\" rel=\"noopener\">narcotrafiquants <\/a>marseillais.<\/p>\n<p>La suite est un fiasco, d\u00e9sormais entre les mains de la justice, puisque aucune interpellation n\u2019a eu lieu et que la drogue a simplement \u00e9t\u00e9 \u00e9coul\u00e9e par des policiers via des indicateurs.<\/p>\n","protected":false},"excerpt":{"rendered":"Les enqu\u00eateurs de la police des polices n\u2019en finissent plus de tenter de remonter la cha\u00eene des responsabilit\u00e9s&hellip;\n","protected":false},"author":2,"featured_media":527173,"comment_status":"","ping_status":"","sticky":false,"template":"","format":"standard","meta":{"footnotes":""},"categories":[2814],"tags":[1111,47,11,885,3993,1770,1777,674,118,7505,1011,27,303,884,813,12,883,1072,882,25,887],"class_list":{"0":"post-527172","1":"post","2":"type-post","3":"status-publish","4":"format-standard","5":"has-post-thumbnail","7":"category-marseille","8":"tag-actu","9":"tag-actualite","10":"tag-actualites","11":"tag-bouches-du-rhone","12":"tag-cocaine","13":"tag-corruption","14":"tag-eu","15":"tag-europe","16":"tag-faits-divers","17":"tag-faits-divers-marseille","18":"tag-fr","19":"tag-france","20":"tag-justice","21":"tag-marseille","22":"tag-narcotrafiquants","23":"tag-news","24":"tag-paca","25":"tag-police","26":"tag-provence-alpes-cote-dazur","27":"tag-republique-francaise","28":"tag-trafic-de-drogue"},"share_on_mastodon":{"url":"https:\/\/pubeurope.com\/@fr\/115531202173138531","error":""},"_links":{"self":[{"href":"https:\/\/www.europesays.com\/fr\/wp-json\/wp\/v2\/posts\/527172","targetHints":{"allow":["GET"]}}],"collection":[{"href":"https:\/\/www.europesays.com\/fr\/wp-json\/wp\/v2\/posts"}],"about":[{"href":"https:\/\/www.europesays.com\/fr\/wp-json\/wp\/v2\/types\/post"}],"author":[{"embeddable":true,"href":"https:\/\/www.europesays.com\/fr\/wp-json\/wp\/v2\/users\/2"}],"replies":[{"embeddable":true,"href":"https:\/\/www.europesays.com\/fr\/wp-json\/wp\/v2\/comments?post=527172"}],"version-history":[{"count":0,"href":"https:\/\/www.europesays.com\/fr\/wp-json\/wp\/v2\/posts\/527172\/revisions"}],"wp:featuredmedia":[{"embeddable":true,"href":"https:\/\/www.europesays.com\/fr\/wp-json\/wp\/v2\/media\/527173"}],"wp:attachment":[{"href":"https:\/\/www.europesays.com\/fr\/wp-json\/wp\/v2\/media?parent=527172"}],"wp:term":[{"taxonomy":"category","embeddable":true,"href":"https:\/\/www.europesays.com\/fr\/wp-json\/wp\/v2\/categories?post=527172"},{"taxonomy":"post_tag","embeddable":true,"href":"https:\/\/www.europesays.com\/fr\/wp-json\/wp\/v2\/tags?post=527172"}],"curies":[{"name":"wp","href":"https:\/\/api.w.org\/{rel}","templated":true}]}}