{"id":527174,"date":"2025-11-11T13:03:13","date_gmt":"2025-11-11T13:03:13","guid":{"rendered":"https:\/\/www.europesays.com\/fr\/527174\/"},"modified":"2025-11-11T13:03:13","modified_gmt":"2025-11-11T13:03:13","slug":"lyon-julie-zenatti-en-concert-dans-une-eglise-2","status":"publish","type":"post","link":"https:\/\/www.europesays.com\/fr\/527174\/","title":{"rendered":"Lyon. Julie Zenatti en concert dans une \u00e9glise"},"content":{"rendered":"<p>Apr\u00e8s avoir v\u00e9cu au rythme tr\u00e9pidant de l\u2019\u00e9mission Danse avec les stars en d\u00e9but d\u2019ann\u00e9e, Julie Zenatti change de registre. La chanteuse est actuellement en tourn\u00e9e dans des \u00e9glises, dans le sillage de son dernier album, Le Chemin, publi\u00e9 au mois d\u2019avril. Celle qui dit s\u2019\u00eatre inspir\u00e9e des \u00c9vangiles pour \u00e9crire ce disque interpr\u00e8te ses nouveaux morceaux \u00e0 Lyon ce jeudi, accompagn\u00e9e d\u2019une chorale et d\u2019un pianiste.<\/p>\n<p class=\"note\">Le 13\u00a0novembre \u00e0 20\u00a0h\u00a030 \u00e0 l\u2019\u00e9glise Sainte-Blandine (Lyon 2e). Tarifs\u00a0: 35\/25\u00a0\u20ac. <a href=\"https:\/\/www.egliselyoncentre.fr\/\" target=\"_blank\" rel=\"nofollow noopener\">https:\/\/www.egliselyoncentre.fr\/<\/a><\/p>\n","protected":false},"excerpt":{"rendered":"Apr\u00e8s avoir v\u00e9cu au rythme tr\u00e9pidant de l\u2019\u00e9mission Danse avec les stars en d\u00e9but d\u2019ann\u00e9e, Julie Zenatti change&hellip;\n","protected":false},"author":2,"featured_media":527175,"comment_status":"","ping_status":"","sticky":false,"template":"","format":"standard","meta":{"footnotes":""},"categories":[1889],"tags":[1111,11,2430,1687,2757,1777,674,1011,27,2428,2756,873,12,25],"class_list":{"0":"post-527174","1":"post","2":"type-post","3":"status-publish","4":"format-standard","5":"has-post-thumbnail","7":"category-lyon","8":"tag-actu","9":"tag-actualites","10":"tag-auvergne-rhone-alpes","11":"tag-culture-loisirs","12":"tag-edition-lyon-villeurbanne","13":"tag-eu","14":"tag-europe","15":"tag-fr","16":"tag-france","17":"tag-lyon","18":"tag-lyon-bassin","19":"tag-musique","20":"tag-news","21":"tag-republique-francaise"},"share_on_mastodon":{"url":"https:\/\/pubeurope.com\/@fr\/115531206190117297","error":""},"_links":{"self":[{"href":"https:\/\/www.europesays.com\/fr\/wp-json\/wp\/v2\/posts\/527174","targetHints":{"allow":["GET"]}}],"collection":[{"href":"https:\/\/www.europesays.com\/fr\/wp-json\/wp\/v2\/posts"}],"about":[{"href":"https:\/\/www.europesays.com\/fr\/wp-json\/wp\/v2\/types\/post"}],"author":[{"embeddable":true,"href":"https:\/\/www.europesays.com\/fr\/wp-json\/wp\/v2\/users\/2"}],"replies":[{"embeddable":true,"href":"https:\/\/www.europesays.com\/fr\/wp-json\/wp\/v2\/comments?post=527174"}],"version-history":[{"count":0,"href":"https:\/\/www.europesays.com\/fr\/wp-json\/wp\/v2\/posts\/527174\/revisions"}],"wp:featuredmedia":[{"embeddable":true,"href":"https:\/\/www.europesays.com\/fr\/wp-json\/wp\/v2\/media\/527175"}],"wp:attachment":[{"href":"https:\/\/www.europesays.com\/fr\/wp-json\/wp\/v2\/media?parent=527174"}],"wp:term":[{"taxonomy":"category","embeddable":true,"href":"https:\/\/www.europesays.com\/fr\/wp-json\/wp\/v2\/categories?post=527174"},{"taxonomy":"post_tag","embeddable":true,"href":"https:\/\/www.europesays.com\/fr\/wp-json\/wp\/v2\/tags?post=527174"}],"curies":[{"name":"wp","href":"https:\/\/api.w.org\/{rel}","templated":true}]}}