{"id":527177,"date":"2025-11-11T13:06:14","date_gmt":"2025-11-11T13:06:14","guid":{"rendered":"https:\/\/www.europesays.com\/fr\/527177\/"},"modified":"2025-11-11T13:06:14","modified_gmt":"2025-11-11T13:06:14","slug":"la-succession-de-jean-castex-a-la-ratp-se-fait-attendre-et-souleve-des-inquietudes","status":"publish","type":"post","link":"https:\/\/www.europesays.com\/fr\/527177\/","title":{"rendered":"La succession de Jean Castex \u00e0 la RATP se fait attendre et soul\u00e8ve des inqui\u00e9tudes"},"content":{"rendered":"<p class=\"paragraph text_align_left lp-f-body-02\">La RATP aura-t-elle une ou un nouveau patron d\u2019ici la fin de l\u2019ann\u00e9e ? Alors que l\u2019ancien PDG, <a href=\"https:\/\/www.leparisien.fr\/economie\/un-gros-kiff-pour-jean-castex-a-la-tete-de-la-sncf-lamour-est-dans-le-train-29-10-2025-CHYOY3XZTFB3VKC6CQXUTSPCLQ.php?ts=1762777833970\" target=\"_self\" rel=\"noopener\">Jean Castex, est parti prendre la t\u00eate de la SNCF<\/a> il y a plusieurs jours, la liste des candidats susceptibles de le remplacer \u00e0 la R\u00e9gie s\u2019allonge de jour en jour.<\/p>\n<p class=\"paragraph text_align_left lp-f-body-02\">On y trouve d\u2019anciens ministres. Agn\u00e8s Pannier-Runacher, ex-ministre charg\u00e9e de la Transition \u00e9cologique, par exemple. Ou encore Cl\u00e9ment Beaune et Fran\u00e7ois Durovray, qui ont tous deux pilot\u00e9 le minist\u00e8re des Transports ces derni\u00e8res ann\u00e9es lors des gouvernements successifs d\u2019Emmanuel Macron.<\/p>\n","protected":false},"excerpt":{"rendered":"La RATP aura-t-elle une ou un nouveau patron d\u2019ici la fin de l\u2019ann\u00e9e ? Alors que l\u2019ancien PDG,&hellip;\n","protected":false},"author":2,"featured_media":527178,"comment_status":"","ping_status":"","sticky":false,"template":"","format":"standard","meta":{"footnotes":""},"categories":[1592],"tags":[1111,11,1777,674,1011,27,662,1944,12,626,25,2382],"class_list":{"0":"post-527177","1":"post","2":"type-post","3":"status-publish","4":"format-standard","5":"has-post-thumbnail","7":"category-ile-de-france","8":"tag-actu","9":"tag-actualites","10":"tag-eu","11":"tag-europe","12":"tag-fr","13":"tag-france","14":"tag-ile-de-france","15":"tag-ma-ville","16":"tag-news","17":"tag-paris","18":"tag-republique-francaise","19":"tag-transport-idf-oise"},"share_on_mastodon":{"url":"https:\/\/pubeurope.com\/@fr\/115531218003484580","error":""},"_links":{"self":[{"href":"https:\/\/www.europesays.com\/fr\/wp-json\/wp\/v2\/posts\/527177","targetHints":{"allow":["GET"]}}],"collection":[{"href":"https:\/\/www.europesays.com\/fr\/wp-json\/wp\/v2\/posts"}],"about":[{"href":"https:\/\/www.europesays.com\/fr\/wp-json\/wp\/v2\/types\/post"}],"author":[{"embeddable":true,"href":"https:\/\/www.europesays.com\/fr\/wp-json\/wp\/v2\/users\/2"}],"replies":[{"embeddable":true,"href":"https:\/\/www.europesays.com\/fr\/wp-json\/wp\/v2\/comments?post=527177"}],"version-history":[{"count":0,"href":"https:\/\/www.europesays.com\/fr\/wp-json\/wp\/v2\/posts\/527177\/revisions"}],"wp:featuredmedia":[{"embeddable":true,"href":"https:\/\/www.europesays.com\/fr\/wp-json\/wp\/v2\/media\/527178"}],"wp:attachment":[{"href":"https:\/\/www.europesays.com\/fr\/wp-json\/wp\/v2\/media?parent=527177"}],"wp:term":[{"taxonomy":"category","embeddable":true,"href":"https:\/\/www.europesays.com\/fr\/wp-json\/wp\/v2\/categories?post=527177"},{"taxonomy":"post_tag","embeddable":true,"href":"https:\/\/www.europesays.com\/fr\/wp-json\/wp\/v2\/tags?post=527177"}],"curies":[{"name":"wp","href":"https:\/\/api.w.org\/{rel}","templated":true}]}}